{"id":1016,"date":"2009-08-29T23:59:51","date_gmt":"2009-08-29T21:59:51","guid":{"rendered":"https:\/\/www.stepienybarno.es\/blog\/?p=1016"},"modified":"2009-08-30T00:12:55","modified_gmt":"2009-08-29T22:12:55","slug":"abalos-herreros-y-los-concursos","status":"publish","type":"post","link":"https:\/\/stepienybarno.es\/blog\/2009\/08\/29\/abalos-herreros-y-los-concursos\/","title":{"rendered":"ABALOS &#038; HERREROS Y LOS CONCURSOS."},"content":{"rendered":"<p style=\"text-align: left;\" align=\"left\"><span style=\"font-size: 11pt; line-height: 150%;\">\u00a0<\/span><\/p>\n<p style=\"TEXT-ALIGN: center\"><span style=\"font-size: 11pt; line-height: 150%;\">\u00a0<\/span><img loading=\"lazy\" decoding=\"async\" class=\"alignnone size-full wp-image-1019\" title=\"abalos y herreros umbral  copia\" src=\"https:\/\/stepienybarno.es\/blog\/wp-content\/uploads\/2009\/08\/abalos-y-herreros-umbral-copia.jpg\" alt=\"abalos y herreros umbral  copia\" width=\"400\" height=\"277\" srcset=\"https:\/\/stepienybarno.es\/blog\/wp-content\/uploads\/2009\/08\/abalos-y-herreros-umbral-copia.jpg 400w, https:\/\/stepienybarno.es\/blog\/wp-content\/uploads\/2009\/08\/abalos-y-herreros-umbral-copia-180x125.jpg 180w, https:\/\/stepienybarno.es\/blog\/wp-content\/uploads\/2009\/08\/abalos-y-herreros-umbral-copia-316x219.jpg 316w\" sizes=\"(max-width: 400px) 100vw, 400px\" \/>\u00a0<\/p>\n<p style=\"text-align: left;\" align=\"left\"><span style=\"font-size: 11pt; line-height: 150%;\">\u00a0<\/span><\/p>\n<p style=\"text-align: left;\" align=\"left\">\u00a0<\/p>\n<p style=\"text-align: left;\" align=\"left\"><span style=\"font-size: 11pt; line-height: 150%;\">Hoy quer\u00edamos rescatar este extracto de una antigua entrevista de I\u00f1aki Abalos y\u00a0 Juan Herreros que se public\u00f3 en la p\u00e1gina personal de Felix Arranz. La parte que os presentamos es en la que nos hablan del tema de concursos y c\u00f3mo ve\u00edan por aquel entonces la profesi\u00f3n de arquitecto. <\/span><\/p>\n<p style=\"text-align: left;\" align=\"left\"><span style=\"font-size: 11pt; line-height: 150%;\"><!--more--><\/span><\/p>\n<p align=\"left\"><span style=\"color: #888888;\">&#8211; Desde fuera de la profesi\u00f3n parece que lo m\u00e1s interesante para un arquitecto es proyectar.<\/span><\/p>\n<p>Herreros: Eso es muy reducido. Parece que proyectar es como hacer l\u00edneas que no significan nada. Las l\u00edneas pesan, miden, cuestan dinero, hay que ponerlas en la obra, hay que subirlas a tantos metros de altura. Las l\u00edneas hay que construirlas. La construcci\u00f3n es una herramienta fundamental del proyecto. Si mientras se proyecta no se est\u00e1 construyendo, se est\u00e1 dise\u00f1ando en el sentido m\u00e1s peyorativo de la palabra, lo cual no nos interesa absolutamente para nada.<\/p>\n<p><span style=\"color: #888888;\">&#8211; \u00bfLos concursos de arquitectura sirven para realizar los proyectos que nadie encarga?<\/span><\/p>\n<p>Abalos: Para nosotros es exactamente lo contrario (risas), es la \u00fanica forma de que alguien nos encargue algo. (Serio) Es cierto en alguna medida, en el sentido de que puedes elegir el encargo, ahora si los hacemos es para conseguir clientes.<\/p>\n<p><span style=\"color: #888888;\">&#8211; Su \u00e9xito en concursos es notorio.<\/span><\/p>\n<p>Herreros: Afortunadamente s\u00f3lo se conocen las dianas.<br \/>\nAbalos:: Es verdad que pr\u00e1cticamente la mayor\u00eda de las cosas que hemos construido han surgido de un concurso. Por eso digo que es nuestra fuente natural de encontrar trabajo.<\/p>\n<p><span style=\"color: #888888;\">&#8211; \u00bfAbalos y Herreros deben ser muy buenos deportistas, porque han ganado varios concursos de polideportivos?<\/span><\/p>\n<p>Herreros: No. No hemos ganado concursos de pabellones polideportivos.<br \/>\nAbalos: Han sido encargos directos previo curr\u00edculum. Creo recordar que eran setenta polideportivos, que era una especie de compensaci\u00f3n al resto de Espa\u00f1a de la pol\u00edtica deportiva de la Catalu\u00f1a del 92, crear polideportivos de tipo escolar por todos los medios rurales o urbanos, sobre todo de Castilla. La adjudicaci\u00f3n fue por solicitud de curr\u00edculum y luego seleccionaron a unos cuantos arquitectos.<\/p>\n<p align=\"left\"><span style=\"color: #888888;\">-En la comida hemos hablado de la falta de trabajo en todas las profesiones. Ustedes imparten clase a estudiantes que se van a incorporar a la profesi\u00f3n y se encontrar\u00e1n un panorama peor que el que ustedes encontraron al finalizar la carrera. Aparte de conectar con la Liga Multimedia, \u00bfqu\u00e9 recomendar\u00edan?<\/span><\/p>\n<p>Herreros: No hay una recomendaci\u00f3n posible ante esa situaci\u00f3n. La ilusi\u00f3n y el convencimiento con el que la gente estudia la carrera no es compatible con el consejo de los mayores. La carrera s\u00f3lo se puede estudiar pensando que uno va a ser arquitecto a la manera cl\u00e1sica, con un estudio, haciendo proyectos y ganando concursos. Si fueran receptivos a los consejos, el \u00fanico que se puede dar es que no se empe\u00f1en en que la arquitectura no s\u00f3lo se puede ejercer desde esa figura y que se est\u00e1 dando una apertura en las posibilidades de ser arquitecto sin necesidad de responder a esa figura tradicional. El que sea capaz de encontrar una buena forma de hacerlo podr\u00e1, digamos, resolver su vocaci\u00f3n.<br \/>\nAbalos: Se puede a\u00f1adir que busquen, b\u00e1sicamente, hacer lo que es esencial a la arquitectura que es proyectar y construir. Como sea.<br \/>\nHerreros: No necesariamente desde un estudio propio&#8230;<br \/>\nAbalos: Exactamente.<br \/>\nHerreros: Hay muchos lugares en los que se proyecta, muchas empresas, compa\u00f1\u00edas o medios no directamente ligados a la arquitectura que al final construyen edificios y hacen proyectos.<br \/>\nAbalos: Que es lo importante, si te gusta la arquitectura lo \u00fanico que tienes que hacer es seguir a pi\u00f1\u00f3n fijo la idea de proyectar y construir como las dos cosas esenciales que tiene la arquitectura.<\/p>\n<p><span style=\"color: #888888;\">&#8211; La profesi\u00f3n de arquitecto est\u00e1 sufriendo una serie de evoluciones. \u00bfC\u00f3mo va a ser la profesi\u00f3n en el futuro?<br \/>\n<\/span><br \/>\nHerreros: Parece que la figura del arquitecto es la que est\u00e1 cambiando. Su forma de trabajar, incluso el medio f\u00edsico en el que lo hace, la idea de estudio de arquitectura va resultando cada vez m\u00e1s anacr\u00f3nica. La profesi\u00f3n est\u00e1 condenada a soltar muchas parcelas que todav\u00eda protege y cuida con especial mimo. El arquitecto del futuro tendr\u00e1 una dedicaci\u00f3n mucho m\u00e1s espec\u00edfica a la propia resoluci\u00f3n edilicia de los problemas y de los programas, y una parte de los problemas t\u00e9cnicos ser\u00e1n desgajados, por una cuesti\u00f3n de responsabilidades, y entonces el arquitecto tendr\u00e1 que redefinirse hasta convertirse en ese intermediario eficaz, en ese director de orquesta eficaz, capaz de coordinar personas que van a tener la misma categor\u00eda que ellos. Decidiendo instalaciones, estructuras, seguridad o cualquier otro de los componentes que cada vez van haciendo m\u00e1s compleja la arquitectura.<br \/>\nAbalos: A\u00f1adir\u00eda que la diferencia substancial es que hace unos a\u00f1os, imprecisos, el arquitecto sal\u00eda y sab\u00eda cu\u00e1l era su cometido social y profesional. Parece que ahora uno de los proyectos m\u00e1s importantes de un arquitecto es proyectar su propia carrera. Ser capaz de prever que es lo que le va a interesar y poner toda la energ\u00eda en ello para conseguir que la realidad se parezca a sus sue\u00f1os.<\/p>\n<p align=\"left\">\u00a0<\/p>\n<p align=\"left\">\u00a0<\/p>\n<p align=\"left\">Entrevista realizada por\u00a0 Garranz<\/p>\n<p align=\"left\">\u00a0<\/p>\n<p align=\"left\">El texto hoy publicado \u00a0es un extracto de la pagina personal de Felix Arranz. <a href=\"http:\/\/www.arranz.net\/\">http:\/\/www.arranz.net\/<\/a><\/p>\n<p align=\"left\">\u00a0<\/p>\n<p align=\"left\"><a href=\"http:\/\/www.arranz.net\/web.arch-mag.com\/3\/cafe\/cafe1ts.html\">http:\/\/www.arranz.net\/web.arch-mag.com\/3\/cafe\/cafe1ts.html<\/a><\/p>\n<p align=\"left\">\u00a0<\/p>\n<p align=\"left\"><span style=\"color: #888888;\">El texto que hoy reproducimos en \u00a0stepienybarno se publica con fines meramente did\u00e1cticos sin ning\u00fan \u00e1nimo de lucro \u00a0y en ning\u00fan caso con pretensiones \u00a0comerciales.<\/span><\/p>\n","protected":false},"excerpt":{"rendered":"\n<p>Hoy quer\u00edamos rescatar este extracto de una antigua entrevista de I\u00f1aki Abalos y a Juan Herreros que se public\u00f3 en la p\u00e1gina personal de Felix Arranz. La parte que os presentamos es en la que nos hablan del tema de concursos y c\u00f3mo ve\u00edan por aquel entonces la profesi\u00f3n de arquitecto. <\/p>\n","protected":false},"author":2,"featured_media":0,"comment_status":"open","ping_status":"closed","sticky":false,"template":"","format":"standard","meta":{"om_disable_all_campaigns":false,"_monsterinsights_skip_tracking":false,"_monsterinsights_sitenote_active":false,"_monsterinsights_sitenote_note":"","_monsterinsights_sitenote_category":0,"_uf_show_specific_survey":0,"_uf_disable_surveys":false,"episode_type":"","audio_file":"","cover_image":"","cover_image_id":"","duration":"","filesize":"","date_recorded":"","explicit":"","block":"","filesize_raw":"","footnotes":""},"categories":[4],"tags":[9],"series":[],"class_list":["post-1016","post","type-post","status-publish","format-standard","hentry","category-arquilectura","tag-arquitectura"],"aioseo_notices":[],"episode_featured_image":false,"episode_player_image":"https:\/\/stepienybarno.es\/blog\/wp-content\/uploads\/2020\/11\/stepienybarno-podcast-scaled.jpg","download_link":"","player_link":"","audio_player":false,"episode_data":{"playerMode":"dark","subscribeUrls":[],"rssFeedUrl":"https:\/\/stepienybarno.es\/blog\/feed\/podcast\/podcast-de-stepienybarno","embedCode":"<blockquote class=\"wp-embedded-content\" data-secret=\"ESmcQXF9ox\"><a href=\"https:\/\/stepienybarno.es\/blog\/2009\/08\/29\/abalos-herreros-y-los-concursos\/\">ABALOS &#038; HERREROS Y LOS CONCURSOS.<\/a><\/blockquote><iframe sandbox=\"allow-scripts\" security=\"restricted\" src=\"https:\/\/stepienybarno.es\/blog\/2009\/08\/29\/abalos-herreros-y-los-concursos\/embed\/#?secret=ESmcQXF9ox\" width=\"500\" height=\"350\" title=\"\u00abABALOS &#038; HERREROS Y LOS CONCURSOS.\u00bb \u2014 Blog de STEPIEN Y BARNO - publicaci\u00f3n digital sobre arquitectura\" data-secret=\"ESmcQXF9ox\" frameborder=\"0\" marginwidth=\"0\" marginheight=\"0\" scrolling=\"no\" class=\"wp-embedded-content\"><\/iframe><script type=\"text\/javascript\">\n\/* <![CDATA[ *\/\n\/*! This file is auto-generated *\/\n!function(d,l){\"use strict\";l.querySelector&&d.addEventListener&&\"undefined\"!=typeof URL&&(d.wp=d.wp||{},d.wp.receiveEmbedMessage||(d.wp.receiveEmbedMessage=function(e){var t=e.data;if((t||t.secret||t.message||t.value)&&!\/[^a-zA-Z0-9]\/.test(t.secret)){for(var s,r,n,a=l.querySelectorAll('iframe[data-secret=\"'+t.secret+'\"]'),o=l.querySelectorAll('blockquote[data-secret=\"'+t.secret+'\"]'),c=new RegExp(\"^https?:$\",\"i\"),i=0;i<o.length;i++)o[i].style.display=\"none\";for(i=0;i<a.length;i++)s=a[i],e.source===s.contentWindow&&(s.removeAttribute(\"style\"),\"height\"===t.message?(1e3<(r=parseInt(t.value,10))?r=1e3:~~r<200&&(r=200),s.height=r):\"link\"===t.message&&(r=new URL(s.getAttribute(\"src\")),n=new URL(t.value),c.test(n.protocol))&&n.host===r.host&&l.activeElement===s&&(d.top.location.href=t.value))}},d.addEventListener(\"message\",d.wp.receiveEmbedMessage,!1),l.addEventListener(\"DOMContentLoaded\",function(){for(var e,t,s=l.querySelectorAll(\"iframe.wp-embedded-content\"),r=0;r<s.length;r++)(t=(e=s[r]).getAttribute(\"data-secret\"))||(t=Math.random().toString(36).substring(2,12),e.src+=\"#?secret=\"+t,e.setAttribute(\"data-secret\",t)),e.contentWindow.postMessage({message:\"ready\",secret:t},\"*\")},!1)))}(window,document);\n\/* ]]> *\/\n<\/script>\n"},"_links":{"self":[{"href":"https:\/\/stepienybarno.es\/blog\/wp-json\/wp\/v2\/posts\/1016"}],"collection":[{"href":"https:\/\/stepienybarno.es\/blog\/wp-json\/wp\/v2\/posts"}],"about":[{"href":"https:\/\/stepienybarno.es\/blog\/wp-json\/wp\/v2\/types\/post"}],"author":[{"embeddable":true,"href":"https:\/\/stepienybarno.es\/blog\/wp-json\/wp\/v2\/users\/2"}],"replies":[{"embeddable":true,"href":"https:\/\/stepienybarno.es\/blog\/wp-json\/wp\/v2\/comments?post=1016"}],"version-history":[{"count":5,"href":"https:\/\/stepienybarno.es\/blog\/wp-json\/wp\/v2\/posts\/1016\/revisions"}],"predecessor-version":[{"id":1018,"href":"https:\/\/stepienybarno.es\/blog\/wp-json\/wp\/v2\/posts\/1016\/revisions\/1018"}],"wp:attachment":[{"href":"https:\/\/stepienybarno.es\/blog\/wp-json\/wp\/v2\/media?parent=1016"}],"wp:term":[{"taxonomy":"category","embeddable":true,"href":"https:\/\/stepienybarno.es\/blog\/wp-json\/wp\/v2\/categories?post=1016"},{"taxonomy":"post_tag","embeddable":true,"href":"https:\/\/stepienybarno.es\/blog\/wp-json\/wp\/v2\/tags?post=1016"},{"taxonomy":"series","embeddable":true,"href":"https:\/\/stepienybarno.es\/blog\/wp-json\/wp\/v2\/series?post=1016"}],"curies":[{"name":"wp","href":"https:\/\/api.w.org\/{rel}","templated":true}]}}