{"id":10162,"date":"2013-10-08T08:57:53","date_gmt":"2013-10-08T06:57:53","guid":{"rendered":"https:\/\/www.stepienybarno.es\/blog\/?p=10162"},"modified":"2013-10-08T01:00:46","modified_gmt":"2013-10-07T23:00:46","slug":"casa-ku","status":"publish","type":"post","link":"https:\/\/stepienybarno.es\/blog\/2013\/10\/08\/casa-ku\/","title":{"rendered":"CASA KU"},"content":{"rendered":"<p align=\"left\">\n<p align=\"center\"><a href=\"https:\/\/stepienybarno.es\/blog\/wp-content\/uploads\/2013\/10\/Casa-Ku-en-Brione-Jerome-de-Meuron-Quadratura-arquitectos_stepienybarno.jpg\"><img loading=\"lazy\" decoding=\"async\" class=\"alignnone size-full wp-image-10163\" title=\"Casa-Ku-en-Brione-Jerome de Meuron-Quadratura arquitectos_stepienybarno\" src=\"https:\/\/stepienybarno.es\/blog\/wp-content\/uploads\/2013\/10\/Casa-Ku-en-Brione-Jerome-de-Meuron-Quadratura-arquitectos_stepienybarno.jpg\" alt=\"Casa-Ku-en-Brione-Jerome de Meuron-Quadratura arquitectos_stepienybarno\" width=\"350\" height=\"255\" srcset=\"https:\/\/stepienybarno.es\/blog\/wp-content\/uploads\/2013\/10\/Casa-Ku-en-Brione-Jerome-de-Meuron-Quadratura-arquitectos_stepienybarno.jpg 350w, https:\/\/stepienybarno.es\/blog\/wp-content\/uploads\/2013\/10\/Casa-Ku-en-Brione-Jerome-de-Meuron-Quadratura-arquitectos_stepienybarno-180x131.jpg 180w, https:\/\/stepienybarno.es\/blog\/wp-content\/uploads\/2013\/10\/Casa-Ku-en-Brione-Jerome-de-Meuron-Quadratura-arquitectos_stepienybarno-316x230.jpg 316w\" sizes=\"(max-width: 350px) 100vw, 350px\" \/><\/a><\/p>\n<p align=\"left\">\n<p>Vivienda de piedra en las monta\u00f1as suizas, obra del estudio de arquitectura Markus Wespi Jer\u00f4me de Meuron.<\/p>\n<p><!--more--><\/p>\n<p align=\"left\">\n<blockquote><p>\u201c(\u2026) Formalmente la construcci\u00f3n se resuelve mediante dos simples cubos que nacen fragmentados desde el interior de la colina, asociados intemporalmente con el paisaje y a las edificaciones existentes, m\u00e1s parecidos a una pared que a una casa. Podemos ver tambi\u00e9n como el agua de la piscina se integra con el lago enclavado en el valle frente a este cubo.\u201d<\/p>\n<p align=\"left\">\n<p align=\"left\"><a href=\"http:\/\/www.quadraturaarquitectos.com\/blog\/index.php\/2012\/05\/casa-ku-una-vivienda-de-piedra-en-las-montanas-por-el-arquitecto-jerome-de-meuron\/\">Acceder al art\u00edculo.<\/a><\/p>\n<p align=\"left\">\n<\/blockquote>\n<p align=\"left\">M\u00e1s informaci\u00f3n <a href=\"http:\/\/www.wespidemeuron.ch\/wdm_home\/home.html\">Aqu\u00ed<\/a><\/p>\n<p align=\"left\">\n<p>* Si te apetece <strong>compartir este post<\/strong> en cualquier otro medio, estaremos encantados de que lo hagas.<\/p>\n<p align=\"left\">\n<p align=\"left\">Y si te gust\u00f3 la entrada, quiz\u00e1s quieras echar un ojo a nuestro Canal de arquitectura. <a href=\"https:\/\/stepienybarno.es\/blog\/category\/canal-de-arquitectura\/\">Acceder.<\/a><\/p>\n<p align=\"left\">\n<p align=\"left\">Art\u00edculo seleccionado por el Canal de arquitectura STEPIENYBARNO.<\/p>\n<p align=\"left\"><a href=\"http:\/\/www.linkedin.com\/company\/stepienybarno\">STEPIENYBARNO EN LINKEDIN<\/a><\/p>\n<p align=\"left\"><a href=\"http:\/\/twitter.com\/stepienybarno\/stepienybarno\">STEPIENYBARNO EN TWITTER<\/a><\/p>\n<p align=\"left\"><a href=\"https:\/\/www.facebook.com\/pages\/BLOG-DE-STEPIENYBARNO\/78001079029\">STEPIENYBARNO EN FACEBOOK<\/a><\/p>\n<p align=\"left\">\n<p align=\"left\">*Stepienybarno est\u00e1 formado por Agnieszka Stepien y Lorenzo Barn\u00f3 y desde mayo del 2009 estamos en la red con\u00a0 la presente publicaci\u00f3n digital (Blog) de arquitectura.<\/p>\n<p align=\"left\">Nuestra actividad se sustenta en tres pilares b\u00e1sicos: la investigaci\u00f3n, la publicaci\u00f3n (comunicaci\u00f3n y difusi\u00f3n) y la redacci\u00f3n de proyectos de arquitectura.<\/p>\n<p align=\"left\">A su vez, somos socios cofundadores de <a href=\"http:\/\/sinergiasostenible.org\/\">SINERGIA SOSTENIBLE<\/a> y redactores de <a href=\"http:\/\/www.laciudadviva.org\/blogs\/?author=45\">LA CIUDAD VIVA<\/a>.<\/p>\n<p align=\"left\">\n<p align=\"left\">* Los editores de esta publicaci\u00f3n digital no nos hacemos cargo de de los comentarios y\u00a0 conceptos vertidos en los textos firmados por otras personas, siendo \u00e9stos de responsabilidad exclusiva de sus autores.<\/p>\n<p>* Tu comentario pudiera ser moderado, por lo tanto, aunque aparezca inmediatamente al ser publicado en la entrada, los editores de esta publicaci\u00f3n digital nos reservamos el derecho tanto de editarlo (si fuera necesario, para hacerlo m\u00e1s legible) como de eliminarlo en el caso de que se usen expresiones incorrectas (descalificaciones, palabras malsonantes\u2026). A su vez, si quieres comentar desde el anonimato puedes hacerlo, aunque, nosotros personalmente, agradecemos que tod@s nos podamos identificar.<\/p>\n<p align=\"left\">\n<p align=\"left\">* Entrada editada en colaboraci\u00f3n con Uxua Dombl\u00e1s.<\/p>\n","protected":false},"excerpt":{"rendered":"<p>Vivienda de piedra en las monta\u00f1as suizas, obra del estudio de arquitectura Markus Wespi Jer\u00f4me de Meuron.<\/p>\n<p>(m\u00e1s&#8230;)<\/p>\n","protected":false},"author":2,"featured_media":0,"comment_status":"open","ping_status":"closed","sticky":false,"template":"","format":"standard","meta":{"om_disable_all_campaigns":false,"_monsterinsights_skip_tracking":false,"_monsterinsights_sitenote_active":false,"_monsterinsights_sitenote_note":"","_monsterinsights_sitenote_category":0,"_uf_show_specific_survey":0,"_uf_disable_surveys":false,"episode_type":"","audio_file":"","cover_image":"","cover_image_id":"","duration":"","filesize":"","date_recorded":"","explicit":"","block":"","filesize_raw":"","footnotes":""},"categories":[34,244],"tags":[4274,9,2611],"series":[],"class_list":["post-10162","post","type-post","status-publish","format-standard","hentry","category-actualidad","category-canal-de-arquitectura","tag-actualidad","tag-arquitectura","tag-markus-wespi-jerome-de-meuron"],"aioseo_notices":[],"episode_featured_image":false,"episode_player_image":"https:\/\/stepienybarno.es\/blog\/wp-content\/uploads\/2020\/11\/stepienybarno-podcast-scaled.jpg","download_link":"","player_link":"","audio_player":false,"episode_data":{"playerMode":"dark","subscribeUrls":[],"rssFeedUrl":"https:\/\/stepienybarno.es\/blog\/feed\/podcast\/podcast-de-stepienybarno","embedCode":"<blockquote class=\"wp-embedded-content\" data-secret=\"Zp8uMxmGgT\"><a href=\"https:\/\/stepienybarno.es\/blog\/2013\/10\/08\/casa-ku\/\">CASA KU<\/a><\/blockquote><iframe sandbox=\"allow-scripts\" security=\"restricted\" src=\"https:\/\/stepienybarno.es\/blog\/2013\/10\/08\/casa-ku\/embed\/#?secret=Zp8uMxmGgT\" width=\"500\" height=\"350\" title=\"\u00abCASA KU\u00bb \u2014 Blog de STEPIEN Y BARNO - publicaci\u00f3n digital sobre arquitectura\" data-secret=\"Zp8uMxmGgT\" frameborder=\"0\" marginwidth=\"0\" marginheight=\"0\" scrolling=\"no\" class=\"wp-embedded-content\"><\/iframe><script type=\"text\/javascript\">\n\/* <![CDATA[ *\/\n\/*! This file is auto-generated *\/\n!function(d,l){\"use strict\";l.querySelector&&d.addEventListener&&\"undefined\"!=typeof URL&&(d.wp=d.wp||{},d.wp.receiveEmbedMessage||(d.wp.receiveEmbedMessage=function(e){var t=e.data;if((t||t.secret||t.message||t.value)&&!\/[^a-zA-Z0-9]\/.test(t.secret)){for(var s,r,n,a=l.querySelectorAll('iframe[data-secret=\"'+t.secret+'\"]'),o=l.querySelectorAll('blockquote[data-secret=\"'+t.secret+'\"]'),c=new RegExp(\"^https?:$\",\"i\"),i=0;i<o.length;i++)o[i].style.display=\"none\";for(i=0;i<a.length;i++)s=a[i],e.source===s.contentWindow&&(s.removeAttribute(\"style\"),\"height\"===t.message?(1e3<(r=parseInt(t.value,10))?r=1e3:~~r<200&&(r=200),s.height=r):\"link\"===t.message&&(r=new URL(s.getAttribute(\"src\")),n=new URL(t.value),c.test(n.protocol))&&n.host===r.host&&l.activeElement===s&&(d.top.location.href=t.value))}},d.addEventListener(\"message\",d.wp.receiveEmbedMessage,!1),l.addEventListener(\"DOMContentLoaded\",function(){for(var e,t,s=l.querySelectorAll(\"iframe.wp-embedded-content\"),r=0;r<s.length;r++)(t=(e=s[r]).getAttribute(\"data-secret\"))||(t=Math.random().toString(36).substring(2,12),e.src+=\"#?secret=\"+t,e.setAttribute(\"data-secret\",t)),e.contentWindow.postMessage({message:\"ready\",secret:t},\"*\")},!1)))}(window,document);\n\/* ]]> *\/\n<\/script>\n"},"_links":{"self":[{"href":"https:\/\/stepienybarno.es\/blog\/wp-json\/wp\/v2\/posts\/10162"}],"collection":[{"href":"https:\/\/stepienybarno.es\/blog\/wp-json\/wp\/v2\/posts"}],"about":[{"href":"https:\/\/stepienybarno.es\/blog\/wp-json\/wp\/v2\/types\/post"}],"author":[{"embeddable":true,"href":"https:\/\/stepienybarno.es\/blog\/wp-json\/wp\/v2\/users\/2"}],"replies":[{"embeddable":true,"href":"https:\/\/stepienybarno.es\/blog\/wp-json\/wp\/v2\/comments?post=10162"}],"version-history":[{"count":1,"href":"https:\/\/stepienybarno.es\/blog\/wp-json\/wp\/v2\/posts\/10162\/revisions"}],"predecessor-version":[{"id":10164,"href":"https:\/\/stepienybarno.es\/blog\/wp-json\/wp\/v2\/posts\/10162\/revisions\/10164"}],"wp:attachment":[{"href":"https:\/\/stepienybarno.es\/blog\/wp-json\/wp\/v2\/media?parent=10162"}],"wp:term":[{"taxonomy":"category","embeddable":true,"href":"https:\/\/stepienybarno.es\/blog\/wp-json\/wp\/v2\/categories?post=10162"},{"taxonomy":"post_tag","embeddable":true,"href":"https:\/\/stepienybarno.es\/blog\/wp-json\/wp\/v2\/tags?post=10162"},{"taxonomy":"series","embeddable":true,"href":"https:\/\/stepienybarno.es\/blog\/wp-json\/wp\/v2\/series?post=10162"}],"curies":[{"name":"wp","href":"https:\/\/api.w.org\/{rel}","templated":true}]}}