{"id":10213,"date":"2013-10-15T20:54:45","date_gmt":"2013-10-15T18:54:45","guid":{"rendered":"https:\/\/www.stepienybarno.es\/blog\/?p=10213"},"modified":"2014-05-15T20:09:32","modified_gmt":"2014-05-15T18:09:32","slug":"arquitectos-71-en-precario","status":"publish","type":"post","link":"https:\/\/stepienybarno.es\/blog\/2013\/10\/15\/arquitectos-71-en-precario\/","title":{"rendered":"ARQUITECTOS: 71% EN PRECARIO"},"content":{"rendered":"<p align=\"left\">\n<p style=\"text-align: center;\"><a href=\"https:\/\/stepienybarno.es\/blog\/wp-content\/uploads\/2013\/10\/sindicato-arquitecto-anatux-zabalbeascoa_stepienybarno-.jpg\"><img loading=\"lazy\" decoding=\"async\" class=\"alignnone size-medium wp-image-10214\" title=\"sindicato-arquitecto-anatux-zabalbeascoa_stepienybarno\" src=\"https:\/\/stepienybarno.es\/blog\/wp-content\/uploads\/2013\/10\/sindicato-arquitecto-anatux-zabalbeascoa_stepienybarno--350x262.jpg\" alt=\"sindicato-arquitecto-anatux-zabalbeascoa_stepienybarno\" width=\"350\" height=\"262\" \/><\/a><\/p>\n<p align=\"left\">Por Anatxu Zabalbeascoa, desde El Pais.<\/p>\n<p align=\"left\">Post basado en el \u00faltimo estudio del Sindicato de Arquitectos.<\/p>\n<p align=\"left\"><!--more--><\/p>\n<p align=\"left\">\n<blockquote>\n<p align=\"left\">\u201cEl 71% de los cerca de 50.000 arquitectos espa\u00f1oles (hay 30.000 estudiantes adem\u00e1s) est\u00e1 en situaci\u00f3n de precariedad: en paro, empleado ilegalmente o con sueldos inferiores a mil euros. Adem\u00e1s, el paro entre los arquitectos espa\u00f1oles asciende ya al 50%. Entre esos parados, un 35% lleva m\u00e1s de un a\u00f1o en esa situaci\u00f3n y un 77% no percibe ning\u00fan tipo de prestaci\u00f3n o subsidio por desempleo.\u00a0 (\u2026)\u201d<\/p>\n<p align=\"left\">\n<p align=\"left\">\u201c(\u2026) A d\u00eda de hoy, solo un 24% de los arquitectos espa\u00f1oles que trabajan en el sector consiguen ganarse la vida como arquitectos cobrando por encima de los 1000 euros mensuales.\u201d<\/p>\n<p align=\"left\">\n<p align=\"left\">\n<p align=\"left\">Acceder a la informaci\u00f3n, <a href=\"http:\/\/blogs.elpais.com\/del-tirador-a-la-ciudad\/2013\/10\/arquitectos-71-en-precario.html\">aqu\u00ed.<\/a><\/p>\n<\/blockquote>\n<blockquote>\n<p align=\"left\"><span style=\"color: #333333;\">M\u00e1s sobre el tema: <a href=\"http:\/\/kcy.me\/tgt3\">http:\/\/kcy.me\/tgt3<\/a><\/span><\/p>\n<p style=\"text-align: center;\"><span style=\"color: #333333;\"><a href=\"https:\/\/stepienybarno.es\/blog\/wp-content\/uploads\/2013\/10\/1.-sindicato-arquitecto-anatux-zabalbeascoa_stepienybarno-.jpg\"><img loading=\"lazy\" decoding=\"async\" class=\"alignnone size-full wp-image-10218\" title=\"1. sindicato-arquitecto-anatux-zabalbeascoa_stepienybarno\" src=\"https:\/\/stepienybarno.es\/blog\/wp-content\/uploads\/2013\/10\/1.-sindicato-arquitecto-anatux-zabalbeascoa_stepienybarno-.jpg\" alt=\"1. sindicato-arquitecto-anatux-zabalbeascoa_stepienybarno\" width=\"550\" height=\"325\" srcset=\"https:\/\/stepienybarno.es\/blog\/wp-content\/uploads\/2013\/10\/1.-sindicato-arquitecto-anatux-zabalbeascoa_stepienybarno-.jpg 550w, https:\/\/stepienybarno.es\/blog\/wp-content\/uploads\/2013\/10\/1.-sindicato-arquitecto-anatux-zabalbeascoa_stepienybarno--180x106.jpg 180w, https:\/\/stepienybarno.es\/blog\/wp-content\/uploads\/2013\/10\/1.-sindicato-arquitecto-anatux-zabalbeascoa_stepienybarno--316x187.jpg 316w\" sizes=\"(max-width: 550px) 100vw, 550px\" \/><\/a><\/span><\/p>\n<\/blockquote>\n<p align=\"left\">\n<p align=\"left\">\n<p align=\"left\">\n<p align=\"left\">Noticia seleccionada por el Canal de arquitectura STEPIENYBARNO.<\/p>\n<p align=\"left\"><a href=\"http:\/\/www.linkedin.com\/company\/stepienybarno\">STEPIENYBARNO EN LINKEDIN<\/a><\/p>\n<p align=\"left\"><a href=\"http:\/\/twitter.com\/stepienybarno\/stepienybarno\">STEPIENYBARNO EN TWITTER<\/a><\/p>\n<p><a href=\"https:\/\/www.facebook.com\/pages\/BLOG-DE-STEPIENYBARNO\/78001079029\">STEPIENYBARNO EN FACEBOOK<\/a><\/p>\n<p align=\"left\">*Stepienybarno est\u00e1 formado por Agnieszka Stepien y Lorenzo Barn\u00f3 y desde mayo del 2009 estamos en la red con\u00a0 la presente publicaci\u00f3n digital (Blog) de arquitectura.<\/p>\n<p align=\"left\">Nuestra actividad se sustenta en tres pilares b\u00e1sicos: la investigaci\u00f3n, la publicaci\u00f3n (comunicaci\u00f3n y difusi\u00f3n) y la redacci\u00f3n de proyectos de arquitectura.<\/p>\n<p align=\"left\">A su vez, somos socios cofundadores de <a href=\"http:\/\/sinergiasostenible.org\/\">SINERGIA SOSTENIBLE<\/a> y redactores de <a href=\"http:\/\/www.laciudadviva.org\/blogs\/?author=45\">LA CIUDAD VIVA<\/a>.<\/p>\n<p align=\"left\">\n<p align=\"left\">* Los editores de esta publicaci\u00f3n digital no nos hacemos cargo de de los comentarios y\u00a0 conceptos vertidos en los textos firmados por otras personas, siendo \u00e9stos de responsabilidad exclusiva de sus autores.<\/p>\n<p align=\"left\">\n<p align=\"left\">* Tu comentario podr\u00e1 ser moderado, por lo tanto, aunque aparezca inmediatamente al ser publicado en la entrada, los editores de esta publicaci\u00f3n digital nos reservamos el derecho tanto de editarlo (si fuera necesario, para hacerlo m\u00e1s legible) como de eliminarlo en el caso de que se usen expresiones incorrectas (descalificaciones, palabras malsonantes\u2026). A su vez, si quieres comentar desde el anonimato puedes hacerlo, aunque, nosotros personalmente, agradecemos que tod@s nos podamos identificar.<\/p>\n<p align=\"left\">Anatxu Zabalbeaskoa, desde El Pais Sindicato de Arquitectos.<\/p>\n","protected":false},"excerpt":{"rendered":"<p>Por Anatxu Zabalbeascoa, desde El Pais.<\/p>\n<p>Post basado en el \u00faltimo estudio del Sindicato de Arquitectos.<\/p>\n<p>(m\u00e1s&#8230;)<\/p>\n","protected":false},"author":2,"featured_media":0,"comment_status":"open","ping_status":"closed","sticky":false,"template":"","format":"standard","meta":{"om_disable_all_campaigns":false,"_monsterinsights_skip_tracking":false,"_monsterinsights_sitenote_active":false,"_monsterinsights_sitenote_note":"","_monsterinsights_sitenote_category":0,"_uf_show_specific_survey":0,"_uf_disable_surveys":false,"episode_type":"","audio_file":"","cover_image":"","cover_image_id":"","duration":"","filesize":"","date_recorded":"","explicit":"","block":"","filesize_raw":"","footnotes":""},"categories":[34,244,2976],"tags":[4274,253,9,1367,197],"series":[],"class_list":["post-10213","post","type-post","status-publish","format-standard","hentry","category-actualidad","category-canal-de-arquitectura","category-profesion-arquitecto","tag-actualidad","tag-anatxu-zabalbeascoa","tag-arquitectura","tag-el-estado-de-la-profesion","tag-sindicato-de-arquitectos"],"aioseo_notices":[],"episode_featured_image":false,"episode_player_image":"https:\/\/stepienybarno.es\/blog\/wp-content\/uploads\/2020\/11\/stepienybarno-podcast-scaled.jpg","download_link":"","player_link":"","audio_player":false,"episode_data":{"playerMode":"dark","subscribeUrls":[],"rssFeedUrl":"https:\/\/stepienybarno.es\/blog\/feed\/podcast\/podcast-de-stepienybarno","embedCode":"<blockquote class=\"wp-embedded-content\" data-secret=\"r9eVth1SgX\"><a href=\"https:\/\/stepienybarno.es\/blog\/2013\/10\/15\/arquitectos-71-en-precario\/\">ARQUITECTOS: 71% EN PRECARIO<\/a><\/blockquote><iframe sandbox=\"allow-scripts\" security=\"restricted\" src=\"https:\/\/stepienybarno.es\/blog\/2013\/10\/15\/arquitectos-71-en-precario\/embed\/#?secret=r9eVth1SgX\" width=\"500\" height=\"350\" title=\"\u00abARQUITECTOS: 71% EN PRECARIO\u00bb \u2014 Blog de STEPIEN Y BARNO - publicaci\u00f3n digital sobre arquitectura\" data-secret=\"r9eVth1SgX\" frameborder=\"0\" marginwidth=\"0\" marginheight=\"0\" scrolling=\"no\" class=\"wp-embedded-content\"><\/iframe><script type=\"text\/javascript\">\n\/* <![CDATA[ *\/\n\/*! This file is auto-generated *\/\n!function(d,l){\"use strict\";l.querySelector&&d.addEventListener&&\"undefined\"!=typeof URL&&(d.wp=d.wp||{},d.wp.receiveEmbedMessage||(d.wp.receiveEmbedMessage=function(e){var t=e.data;if((t||t.secret||t.message||t.value)&&!\/[^a-zA-Z0-9]\/.test(t.secret)){for(var s,r,n,a=l.querySelectorAll('iframe[data-secret=\"'+t.secret+'\"]'),o=l.querySelectorAll('blockquote[data-secret=\"'+t.secret+'\"]'),c=new RegExp(\"^https?:$\",\"i\"),i=0;i<o.length;i++)o[i].style.display=\"none\";for(i=0;i<a.length;i++)s=a[i],e.source===s.contentWindow&&(s.removeAttribute(\"style\"),\"height\"===t.message?(1e3<(r=parseInt(t.value,10))?r=1e3:~~r<200&&(r=200),s.height=r):\"link\"===t.message&&(r=new URL(s.getAttribute(\"src\")),n=new URL(t.value),c.test(n.protocol))&&n.host===r.host&&l.activeElement===s&&(d.top.location.href=t.value))}},d.addEventListener(\"message\",d.wp.receiveEmbedMessage,!1),l.addEventListener(\"DOMContentLoaded\",function(){for(var e,t,s=l.querySelectorAll(\"iframe.wp-embedded-content\"),r=0;r<s.length;r++)(t=(e=s[r]).getAttribute(\"data-secret\"))||(t=Math.random().toString(36).substring(2,12),e.src+=\"#?secret=\"+t,e.setAttribute(\"data-secret\",t)),e.contentWindow.postMessage({message:\"ready\",secret:t},\"*\")},!1)))}(window,document);\n\/* ]]> *\/\n<\/script>\n"},"_links":{"self":[{"href":"https:\/\/stepienybarno.es\/blog\/wp-json\/wp\/v2\/posts\/10213"}],"collection":[{"href":"https:\/\/stepienybarno.es\/blog\/wp-json\/wp\/v2\/posts"}],"about":[{"href":"https:\/\/stepienybarno.es\/blog\/wp-json\/wp\/v2\/types\/post"}],"author":[{"embeddable":true,"href":"https:\/\/stepienybarno.es\/blog\/wp-json\/wp\/v2\/users\/2"}],"replies":[{"embeddable":true,"href":"https:\/\/stepienybarno.es\/blog\/wp-json\/wp\/v2\/comments?post=10213"}],"version-history":[{"count":5,"href":"https:\/\/stepienybarno.es\/blog\/wp-json\/wp\/v2\/posts\/10213\/revisions"}],"predecessor-version":[{"id":10216,"href":"https:\/\/stepienybarno.es\/blog\/wp-json\/wp\/v2\/posts\/10213\/revisions\/10216"}],"wp:attachment":[{"href":"https:\/\/stepienybarno.es\/blog\/wp-json\/wp\/v2\/media?parent=10213"}],"wp:term":[{"taxonomy":"category","embeddable":true,"href":"https:\/\/stepienybarno.es\/blog\/wp-json\/wp\/v2\/categories?post=10213"},{"taxonomy":"post_tag","embeddable":true,"href":"https:\/\/stepienybarno.es\/blog\/wp-json\/wp\/v2\/tags?post=10213"},{"taxonomy":"series","embeddable":true,"href":"https:\/\/stepienybarno.es\/blog\/wp-json\/wp\/v2\/series?post=10213"}],"curies":[{"name":"wp","href":"https:\/\/api.w.org\/{rel}","templated":true}]}}