{"id":10244,"date":"2013-10-17T09:29:58","date_gmt":"2013-10-17T07:29:58","guid":{"rendered":"https:\/\/www.stepienybarno.es\/blog\/?p=10244"},"modified":"2013-10-17T18:23:21","modified_gmt":"2013-10-17T16:23:21","slug":"semisotano-arquitectos-en-el-congreso-el-futuro-del-arquitecto","status":"publish","type":"post","link":"https:\/\/stepienybarno.es\/blog\/2013\/10\/17\/semisotano-arquitectos-en-el-congreso-el-futuro-del-arquitecto\/","title":{"rendered":"SEMIS\u00d3TANO ARQUITECTOS EN EL  CONGRESO: EL FUTURO DEL ARQUITECTO."},"content":{"rendered":"<p style=\"text-align: center;\"><a href=\"https:\/\/stepienybarno.es\/blog\/wp-content\/uploads\/2013\/10\/0.-semisotano-_Dolores-Victoria-Ruiz-stepienybarno-350-.jpg\"><img loading=\"lazy\" decoding=\"async\" class=\"alignnone size-full wp-image-10245\" title=\"0. semisotano _Dolores Victoria Ruiz-stepienybarno  350\" src=\"https:\/\/stepienybarno.es\/blog\/wp-content\/uploads\/2013\/10\/0.-semisotano-_Dolores-Victoria-Ruiz-stepienybarno-350-.jpg\" alt=\"0. semisotano _Dolores Victoria Ruiz-stepienybarno  350\" width=\"350\" height=\"202\" srcset=\"https:\/\/stepienybarno.es\/blog\/wp-content\/uploads\/2013\/10\/0.-semisotano-_Dolores-Victoria-Ruiz-stepienybarno-350-.jpg 350w, https:\/\/stepienybarno.es\/blog\/wp-content\/uploads\/2013\/10\/0.-semisotano-_Dolores-Victoria-Ruiz-stepienybarno-350--180x104.jpg 180w, https:\/\/stepienybarno.es\/blog\/wp-content\/uploads\/2013\/10\/0.-semisotano-_Dolores-Victoria-Ruiz-stepienybarno-350--316x182.jpg 316w\" sizes=\"(max-width: 350px) 100vw, 350px\" \/><\/a><\/p>\n<p>Os dejamos con dos trocitos de la intervenci\u00f3n de <em>Dolores Victoria<\/em> Ruiz, socia fundadora del estudio Semis\u00f3tano arquitectos.<\/p>\n<blockquote><p><!--more--><\/p><\/blockquote>\n<blockquote>\n<p style=\"text-align: center;\"><a href=\"https:\/\/stepienybarno.es\/blog\/wp-content\/uploads\/2013\/10\/1.-semisotano-_Dolores-Victoria-Ruiz-stepienybarno-.jpg\"><img loading=\"lazy\" decoding=\"async\" class=\"alignnone size-medium wp-image-10246\" title=\"1.  semisotano _Dolores Victoria Ruiz-stepienybarno\" src=\"https:\/\/stepienybarno.es\/blog\/wp-content\/uploads\/2013\/10\/1.-semisotano-_Dolores-Victoria-Ruiz-stepienybarno--350x350.jpg\" alt=\"1.  semisotano _Dolores Victoria Ruiz-stepienybarno\" width=\"350\" height=\"350\" \/><\/a><\/p>\n<p style=\"text-align: center;\">Acceder al v\u00eddeo 1, <a href=\"http:\/\/www.youtube.com\/edit?o=U&amp;ns=1&amp;video_id=7dHsSqyFsY8\">aqu\u00ed.<\/a><\/p>\n<p style=\"text-align: center;\">\n<p style=\"text-align: center;\">Acceder al v\u00eddeo 2, <a href=\"http:\/\/www.youtube.com\/watch?v=7dHsSqyFsY8&amp;feature=youtu.be\">aqu\u00ed.<\/a><\/p>\n<\/blockquote>\n<blockquote>\n<p style=\"text-align: center;\">M\u00e1s sobre el estudio: <a href=\"http:\/\/www.semisotano.es\/\">http:\/\/www.semisotano.es\/<\/a><\/p>\n<p style=\"text-align: center;\">Portfolio, <a href=\"http:\/\/issuu.com\/rgrm_arquitectos\/docs\/semisotano_portfolio\">aqu\u00ed.<\/a><\/p>\n<p style=\"text-align: center;\"><a href=\"https:\/\/stepienybarno.es\/blog\/wp-content\/uploads\/2013\/10\/2.-semisotano-_Dolores-Victoria-Ruiz-stepienybarno-.jpg\"><img loading=\"lazy\" decoding=\"async\" class=\"alignnone size-medium wp-image-10247\" title=\"2. semisotano _Dolores Victoria Ruiz-stepienybarno\" src=\"https:\/\/stepienybarno.es\/blog\/wp-content\/uploads\/2013\/10\/2.-semisotano-_Dolores-Victoria-Ruiz-stepienybarno--233x350.jpg\" alt=\"2. semisotano _Dolores Victoria Ruiz-stepienybarno\" width=\"233\" height=\"350\" \/><\/a><\/p>\n<p align=\"left\">\n<p align=\"left\"><span style=\"color: #888888;\">Post relacionados:<\/span><\/p>\n<p align=\"left\"><a href=\"https:\/\/stepienybarno.es\/blog\/2013\/01\/22\/ii-congreso-sobre-el-futuro-del-arquitecto\/\"><span style=\"color: #888888;\">https:\/\/stepienybarno.es\/blog\/2013\/01\/22\/ii-congreso-sobre-el-futuro-del-arquitecto\/<\/span><\/a><\/p>\n<p align=\"left\"><a href=\"https:\/\/stepienybarno.es\/blog\/2013\/02\/25\/stepienybarno-estara-como-ponente-en-el-ii-congreso-sobre-el-futuro-del-arquitecto\/\"><span style=\"color: #888888;\">https:\/\/stepienybarno.es\/blog\/2013\/02\/25\/stepienybarno-estara-como-ponente-en-el-ii-congreso-sobre-el-futuro-del-arquitecto\/<\/span><\/a><\/p>\n<p align=\"left\">\n<p align=\"left\">* Este art\u00edculo ha sido escrito con car\u00e1cter divulgativo y sin ning\u00fan tipo de \u00e1nimo de lucro. As\u00ed que, si te apetece <strong>compartirlo<\/strong> en cualquier otro medio, estaremos encantados de que lo hagas siempre y cuando cites el lugar donde lo has encontrado.<\/p>\n<p align=\"left\">\n<p align=\"left\">Autores de la entrada: <a href=\"http:\/\/www.facebook.com\/col.prudant#!\/StepienybarnoCANAL\">Stepienybarno<\/a><\/p>\n<p align=\"left\"><a href=\"http:\/\/www.linkedin.com\/company\/stepienybarno\">STEPIENYBARNO EN LINKEDIN<\/a><\/p>\n<p align=\"left\"><a href=\"http:\/\/twitter.com\/stepienybarno\/stepienybarno\">STEPIENYBARNO EN TWITTER<\/a><\/p>\n<p align=\"left\"><a href=\"https:\/\/www.facebook.com\/pages\/BLOG-DE-STEPIENYBARNO\/78001079029\">STEPIENYBARNO EN FACEBOOK<\/a><\/p>\n<p align=\"left\">\n<p align=\"left\">* Stepienybarno est\u00e1 formado por Agnieszka Stepien y Lorenzo Barn\u00f3 y desde mayo del 2009 estamos en la red con\u00a0 la presente publicaci\u00f3n digital (Blog) de arquitectura.<\/p>\n<p align=\"left\">Nuestra actividad se sustenta en tres pilares b\u00e1sicos: la investigaci\u00f3n, la publicaci\u00f3n y la redacci\u00f3n de proyectos de arquitectura.<\/p>\n<p align=\"left\">A su vez, somos socios cofundadores de <a href=\"http:\/\/sinergiasostenible.org\/\">SINERGIA SOSTENIBLE<\/a> y redactores de <a href=\"http:\/\/www.laciudadviva.org\/blogs\/?author=45\">LA CIUDAD VIVA<\/a>.<\/p>\n<p align=\"left\">* Los editores de esta publicaci\u00f3n digital no nos hacemos cargo de de los comentarios y\u00a0 conceptos vertidos en los textos firmados por otras personas, siendo \u00e9stos de responsabilidad exclusiva de sus autores.<\/p>\n<p align=\"left\">* Tu comentario pudiera ser moderado, por lo tanto, aunque aparezca inmediatamente al ser publicado en la entrada, los editores de esta publicaci\u00f3n digital nos reservamos el derecho tanto de editarlo (si fuera necesario, para hacerlo m\u00e1s legible) como de eliminarlo en el caso de que se usen expresiones incorrectas (descalificaciones, palabras malsonantes\u2026). A su vez, si quieres comentar desde el anonimato puedes hacerlo, aunque, nosotros personalmente, agradecemos que tod@s nos podamos identificar.<\/p>\n<\/blockquote>\n","protected":false},"excerpt":{"rendered":"<p>Os dejamos con dos trocitos de la intervenci\u00f3n de Dolores Victoria Ruiz, socia fundadora del estudio Semis\u00f3tano arquitectos.<\/p>\n<p>(m\u00e1s&#8230;)<\/p>\n","protected":false},"author":2,"featured_media":0,"comment_status":"open","ping_status":"closed","sticky":false,"template":"","format":"standard","meta":{"om_disable_all_campaigns":false,"_monsterinsights_skip_tracking":false,"_monsterinsights_sitenote_active":false,"_monsterinsights_sitenote_note":"","_monsterinsights_sitenote_category":0,"_uf_show_specific_survey":0,"_uf_disable_surveys":false,"episode_type":"","audio_file":"","cover_image":"","cover_image_id":"","duration":"","filesize":"","date_recorded":"","explicit":"","block":"","filesize_raw":"","footnotes":""},"categories":[34,4],"tags":[4274,9,1534,1367,2620,193],"series":[],"class_list":["post-10244","post","type-post","status-publish","format-standard","hentry","category-actualidad","category-arquilectura","tag-actualidad","tag-arquitectura","tag-dolores-victoria-ruiz","tag-el-estado-de-la-profesion","tag-el-futuro-del-arquitecto","tag-semisotano"],"aioseo_notices":[],"episode_featured_image":false,"episode_player_image":"https:\/\/stepienybarno.es\/blog\/wp-content\/uploads\/2020\/11\/stepienybarno-podcast-scaled.jpg","download_link":"","player_link":"","audio_player":false,"episode_data":{"playerMode":"dark","subscribeUrls":[],"rssFeedUrl":"https:\/\/stepienybarno.es\/blog\/feed\/podcast\/podcast-de-stepienybarno","embedCode":"<blockquote class=\"wp-embedded-content\" data-secret=\"sQQIU3ioX9\"><a href=\"https:\/\/stepienybarno.es\/blog\/2013\/10\/17\/semisotano-arquitectos-en-el-congreso-el-futuro-del-arquitecto\/\">SEMIS\u00d3TANO ARQUITECTOS EN EL  CONGRESO: EL FUTURO DEL ARQUITECTO.<\/a><\/blockquote><iframe sandbox=\"allow-scripts\" security=\"restricted\" src=\"https:\/\/stepienybarno.es\/blog\/2013\/10\/17\/semisotano-arquitectos-en-el-congreso-el-futuro-del-arquitecto\/embed\/#?secret=sQQIU3ioX9\" width=\"500\" height=\"350\" title=\"\u00abSEMIS\u00d3TANO ARQUITECTOS EN EL  CONGRESO: EL FUTURO DEL ARQUITECTO.\u00bb \u2014 Blog de STEPIEN Y BARNO - publicaci\u00f3n digital sobre arquitectura\" data-secret=\"sQQIU3ioX9\" frameborder=\"0\" marginwidth=\"0\" marginheight=\"0\" scrolling=\"no\" class=\"wp-embedded-content\"><\/iframe><script type=\"text\/javascript\">\n\/* <![CDATA[ *\/\n\/*! This file is auto-generated *\/\n!function(d,l){\"use strict\";l.querySelector&&d.addEventListener&&\"undefined\"!=typeof URL&&(d.wp=d.wp||{},d.wp.receiveEmbedMessage||(d.wp.receiveEmbedMessage=function(e){var t=e.data;if((t||t.secret||t.message||t.value)&&!\/[^a-zA-Z0-9]\/.test(t.secret)){for(var s,r,n,a=l.querySelectorAll('iframe[data-secret=\"'+t.secret+'\"]'),o=l.querySelectorAll('blockquote[data-secret=\"'+t.secret+'\"]'),c=new RegExp(\"^https?:$\",\"i\"),i=0;i<o.length;i++)o[i].style.display=\"none\";for(i=0;i<a.length;i++)s=a[i],e.source===s.contentWindow&&(s.removeAttribute(\"style\"),\"height\"===t.message?(1e3<(r=parseInt(t.value,10))?r=1e3:~~r<200&&(r=200),s.height=r):\"link\"===t.message&&(r=new URL(s.getAttribute(\"src\")),n=new URL(t.value),c.test(n.protocol))&&n.host===r.host&&l.activeElement===s&&(d.top.location.href=t.value))}},d.addEventListener(\"message\",d.wp.receiveEmbedMessage,!1),l.addEventListener(\"DOMContentLoaded\",function(){for(var e,t,s=l.querySelectorAll(\"iframe.wp-embedded-content\"),r=0;r<s.length;r++)(t=(e=s[r]).getAttribute(\"data-secret\"))||(t=Math.random().toString(36).substring(2,12),e.src+=\"#?secret=\"+t,e.setAttribute(\"data-secret\",t)),e.contentWindow.postMessage({message:\"ready\",secret:t},\"*\")},!1)))}(window,document);\n\/* ]]> *\/\n<\/script>\n"},"_links":{"self":[{"href":"https:\/\/stepienybarno.es\/blog\/wp-json\/wp\/v2\/posts\/10244"}],"collection":[{"href":"https:\/\/stepienybarno.es\/blog\/wp-json\/wp\/v2\/posts"}],"about":[{"href":"https:\/\/stepienybarno.es\/blog\/wp-json\/wp\/v2\/types\/post"}],"author":[{"embeddable":true,"href":"https:\/\/stepienybarno.es\/blog\/wp-json\/wp\/v2\/users\/2"}],"replies":[{"embeddable":true,"href":"https:\/\/stepienybarno.es\/blog\/wp-json\/wp\/v2\/comments?post=10244"}],"version-history":[{"count":6,"href":"https:\/\/stepienybarno.es\/blog\/wp-json\/wp\/v2\/posts\/10244\/revisions"}],"predecessor-version":[{"id":10252,"href":"https:\/\/stepienybarno.es\/blog\/wp-json\/wp\/v2\/posts\/10244\/revisions\/10252"}],"wp:attachment":[{"href":"https:\/\/stepienybarno.es\/blog\/wp-json\/wp\/v2\/media?parent=10244"}],"wp:term":[{"taxonomy":"category","embeddable":true,"href":"https:\/\/stepienybarno.es\/blog\/wp-json\/wp\/v2\/categories?post=10244"},{"taxonomy":"post_tag","embeddable":true,"href":"https:\/\/stepienybarno.es\/blog\/wp-json\/wp\/v2\/tags?post=10244"},{"taxonomy":"series","embeddable":true,"href":"https:\/\/stepienybarno.es\/blog\/wp-json\/wp\/v2\/series?post=10244"}],"curies":[{"name":"wp","href":"https:\/\/api.w.org\/{rel}","templated":true}]}}