{"id":10445,"date":"2013-10-28T11:41:43","date_gmt":"2013-10-28T09:41:43","guid":{"rendered":"https:\/\/www.stepienybarno.es\/blog\/?p=10445"},"modified":"2013-10-28T11:41:43","modified_gmt":"2013-10-28T09:41:43","slug":"se-busca-jefe-de-proyecto-en-practicas","status":"publish","type":"post","link":"https:\/\/stepienybarno.es\/blog\/2013\/10\/28\/se-busca-jefe-de-proyecto-en-practicas\/","title":{"rendered":"SE BUSCA JEFE DE PROYECTO (EN PR\u00c1CTICAS)"},"content":{"rendered":"<p style=\"text-align: center;\"><span style=\"font-size: 13px;\"> <a href=\"https:\/\/stepienybarno.es\/blog\/wp-content\/uploads\/2013\/10\/protecto-jefe-stepienybarno-.jpg\"><img loading=\"lazy\" decoding=\"async\" class=\"alignnone size-full wp-image-10446\" title=\"protecto-jefe-stepienybarno\" src=\"https:\/\/stepienybarno.es\/blog\/wp-content\/uploads\/2013\/10\/protecto-jefe-stepienybarno-.jpg\" alt=\"protecto-jefe-stepienybarno\" width=\"350\" height=\"164\" srcset=\"https:\/\/stepienybarno.es\/blog\/wp-content\/uploads\/2013\/10\/protecto-jefe-stepienybarno-.jpg 350w, https:\/\/stepienybarno.es\/blog\/wp-content\/uploads\/2013\/10\/protecto-jefe-stepienybarno--180x84.jpg 180w, https:\/\/stepienybarno.es\/blog\/wp-content\/uploads\/2013\/10\/protecto-jefe-stepienybarno--316x148.jpg 316w\" sizes=\"(max-width: 350px) 100vw, 350px\" \/><\/a><\/span><\/p>\n<p align=\"left\">Por <a href=\"http:\/\/www.huffingtonpost.es\/cristina-belda-font\">Cristina Belda Font<\/a><\/p>\n<p align=\"left\"><!--more--><\/p>\n<p align=\"left\">\n<p align=\"left\">Desde <a href=\"http:\/\/www.huffingtonpost.es\/cristina-belda-font\/se-busca-jefe-de-proyecto_b_4121220.html\">Huffingtonpost.es<\/a><\/p>\n<p align=\"left\">\n<p align=\"left\">\u201c(\u2026) Puede que practiquemos la moral del esclavo, esa que seg\u00fan Nietzsche revela la falta de confianza en el individuo para singularizarse, para crear su propia visi\u00f3n del mundo y afirmar la diferencia. Posiblemente parte de la culpa de este deterioro de los derechos laborales sea nuestra. S\u00ed, deber\u00edamos plantarnos y ejercer esa m\u00e1xima idealista, \u00bfc\u00f3mo era?\u00a0<em>Y si hay una guerra y no va nadie<\/em>. Pero, oiga, es que si no lo cojo yo hay otras 1.500 personas inscritas. Es que nos han contado que el trabajo dignifica, y parece que en Espa\u00f1a s\u00f3lo podemos trabajar por un sueldo \u00ednfimo, gratis o pagando.\u201d<\/p>\n<p align=\"left\">\n<p align=\"left\">\n<blockquote>\n<p align=\"left\">Acceder a la informaci\u00f3n,<a href=\"http:\/\/www.huffingtonpost.es\/cristina-belda-font\/se-busca-jefe-de-proyecto_b_4121220.html\"> aqu\u00ed<\/a><\/p>\n<\/blockquote>\n<p align=\"left\">\n<p align=\"left\">\n<p align=\"left\">Noticia seleccionada por el Canal de arquitectura STEPIENYBARNO.<\/p>\n<p align=\"left\"><a href=\"http:\/\/www.linkedin.com\/company\/stepienybarno\">STEPIENYBARNO EN LINKEDIN<\/a><\/p>\n<p align=\"left\"><a href=\"http:\/\/twitter.com\/stepienybarno\/stepienybarno\">STEPIENYBARNO EN TWITTER<\/a><\/p>\n<p align=\"left\"><a href=\"https:\/\/www.facebook.com\/pages\/BLOG-DE-STEPIENYBARNO\/78001079029\">STEPIENYBARNO EN FACEBOOK<\/a><\/p>\n<p align=\"left\">\n<p align=\"left\">*Stepienybarno est\u00e1 formado por Agnieszka Stepien y Lorenzo Barn\u00f3 y desde mayo del 2009 estamos en la red con\u00a0 la presente publicaci\u00f3n digital (Blog) de arquitectura.<\/p>\n<p align=\"left\">Nuestra actividad se sustenta en tres pilares b\u00e1sicos: la investigaci\u00f3n, la publicaci\u00f3n (comunicaci\u00f3n y difusi\u00f3n) y la redacci\u00f3n de proyectos de arquitectura.<\/p>\n<p align=\"left\">A su vez, somos socios cofundadores de <a href=\"http:\/\/sinergiasostenible.org\/\">SINERGIA SOSTENIBLE<\/a> y redactores de <a href=\"http:\/\/www.laciudadviva.org\/blogs\/?author=45\">LA CIUDAD VIVA<\/a>.<\/p>\n<p align=\"left\">\n<p align=\"left\">* Los editores de esta publicaci\u00f3n digital no nos hacemos cargo de de los comentarios y\u00a0 conceptos vertidos en los textos firmados por otras personas, siendo \u00e9stos de responsabilidad exclusiva de sus autores.<\/p>\n<p align=\"left\">\n<p align=\"left\">* Tu comentario podr\u00e1 ser moderado, por lo tanto, aunque aparezca inmediatamente al ser publicado en la entrada, los editores de esta publicaci\u00f3n digital nos reservamos el derecho tanto de editarlo (si fuera necesario, para hacerlo m\u00e1s legible) como de eliminarlo en el caso de que se usen expresiones incorrectas (descalificaciones, palabras malsonantes\u2026). A su vez, si quieres comentar desde el anonimato puedes hacerlo, aunque, nosotros personalmente, agradecemos que tod@s nos podamos identificar.<\/p>\n","protected":false},"excerpt":{"rendered":"<p>Por Cristina Belda Font<\/p>\n<p>(m\u00e1s&#8230;)<\/p>\n","protected":false},"author":2,"featured_media":0,"comment_status":"open","ping_status":"closed","sticky":false,"template":"","format":"standard","meta":{"om_disable_all_campaigns":false,"_monsterinsights_skip_tracking":false,"_monsterinsights_sitenote_active":false,"_monsterinsights_sitenote_note":"","_monsterinsights_sitenote_category":0,"_uf_show_specific_survey":0,"_uf_disable_surveys":false,"episode_type":"","audio_file":"","cover_image":"","cover_image_id":"","duration":"","filesize":"","date_recorded":"","explicit":"","block":"","filesize_raw":"","footnotes":""},"categories":[34,244],"tags":[4274,9,2650,1367],"series":[],"class_list":["post-10445","post","type-post","status-publish","format-standard","hentry","category-actualidad","category-canal-de-arquitectura","tag-actualidad","tag-arquitectura","tag-cristina-belda-font","tag-el-estado-de-la-profesion"],"aioseo_notices":[],"episode_featured_image":false,"episode_player_image":"https:\/\/stepienybarno.es\/blog\/wp-content\/uploads\/2020\/11\/stepienybarno-podcast-scaled.jpg","download_link":"","player_link":"","audio_player":false,"episode_data":{"playerMode":"dark","subscribeUrls":[],"rssFeedUrl":"https:\/\/stepienybarno.es\/blog\/feed\/podcast\/podcast-de-stepienybarno","embedCode":"<blockquote class=\"wp-embedded-content\" data-secret=\"zyNTrsG3R2\"><a href=\"https:\/\/stepienybarno.es\/blog\/2013\/10\/28\/se-busca-jefe-de-proyecto-en-practicas\/\">SE BUSCA JEFE DE PROYECTO (EN PR\u00c1CTICAS)<\/a><\/blockquote><iframe sandbox=\"allow-scripts\" security=\"restricted\" src=\"https:\/\/stepienybarno.es\/blog\/2013\/10\/28\/se-busca-jefe-de-proyecto-en-practicas\/embed\/#?secret=zyNTrsG3R2\" width=\"500\" height=\"350\" title=\"\u00abSE BUSCA JEFE DE PROYECTO (EN PR\u00c1CTICAS)\u00bb \u2014 Blog de STEPIEN Y BARNO - publicaci\u00f3n digital sobre arquitectura\" data-secret=\"zyNTrsG3R2\" frameborder=\"0\" marginwidth=\"0\" marginheight=\"0\" scrolling=\"no\" class=\"wp-embedded-content\"><\/iframe><script type=\"text\/javascript\">\n\/* <![CDATA[ *\/\n\/*! This file is auto-generated *\/\n!function(d,l){\"use strict\";l.querySelector&&d.addEventListener&&\"undefined\"!=typeof URL&&(d.wp=d.wp||{},d.wp.receiveEmbedMessage||(d.wp.receiveEmbedMessage=function(e){var t=e.data;if((t||t.secret||t.message||t.value)&&!\/[^a-zA-Z0-9]\/.test(t.secret)){for(var s,r,n,a=l.querySelectorAll('iframe[data-secret=\"'+t.secret+'\"]'),o=l.querySelectorAll('blockquote[data-secret=\"'+t.secret+'\"]'),c=new RegExp(\"^https?:$\",\"i\"),i=0;i<o.length;i++)o[i].style.display=\"none\";for(i=0;i<a.length;i++)s=a[i],e.source===s.contentWindow&&(s.removeAttribute(\"style\"),\"height\"===t.message?(1e3<(r=parseInt(t.value,10))?r=1e3:~~r<200&&(r=200),s.height=r):\"link\"===t.message&&(r=new URL(s.getAttribute(\"src\")),n=new URL(t.value),c.test(n.protocol))&&n.host===r.host&&l.activeElement===s&&(d.top.location.href=t.value))}},d.addEventListener(\"message\",d.wp.receiveEmbedMessage,!1),l.addEventListener(\"DOMContentLoaded\",function(){for(var e,t,s=l.querySelectorAll(\"iframe.wp-embedded-content\"),r=0;r<s.length;r++)(t=(e=s[r]).getAttribute(\"data-secret\"))||(t=Math.random().toString(36).substring(2,12),e.src+=\"#?secret=\"+t,e.setAttribute(\"data-secret\",t)),e.contentWindow.postMessage({message:\"ready\",secret:t},\"*\")},!1)))}(window,document);\n\/* ]]> *\/\n<\/script>\n"},"_links":{"self":[{"href":"https:\/\/stepienybarno.es\/blog\/wp-json\/wp\/v2\/posts\/10445"}],"collection":[{"href":"https:\/\/stepienybarno.es\/blog\/wp-json\/wp\/v2\/posts"}],"about":[{"href":"https:\/\/stepienybarno.es\/blog\/wp-json\/wp\/v2\/types\/post"}],"author":[{"embeddable":true,"href":"https:\/\/stepienybarno.es\/blog\/wp-json\/wp\/v2\/users\/2"}],"replies":[{"embeddable":true,"href":"https:\/\/stepienybarno.es\/blog\/wp-json\/wp\/v2\/comments?post=10445"}],"version-history":[{"count":2,"href":"https:\/\/stepienybarno.es\/blog\/wp-json\/wp\/v2\/posts\/10445\/revisions"}],"predecessor-version":[{"id":10448,"href":"https:\/\/stepienybarno.es\/blog\/wp-json\/wp\/v2\/posts\/10445\/revisions\/10448"}],"wp:attachment":[{"href":"https:\/\/stepienybarno.es\/blog\/wp-json\/wp\/v2\/media?parent=10445"}],"wp:term":[{"taxonomy":"category","embeddable":true,"href":"https:\/\/stepienybarno.es\/blog\/wp-json\/wp\/v2\/categories?post=10445"},{"taxonomy":"post_tag","embeddable":true,"href":"https:\/\/stepienybarno.es\/blog\/wp-json\/wp\/v2\/tags?post=10445"},{"taxonomy":"series","embeddable":true,"href":"https:\/\/stepienybarno.es\/blog\/wp-json\/wp\/v2\/series?post=10445"}],"curies":[{"name":"wp","href":"https:\/\/api.w.org\/{rel}","templated":true}]}}