{"id":10459,"date":"2013-10-29T10:30:44","date_gmt":"2013-10-29T08:30:44","guid":{"rendered":"https:\/\/www.stepienybarno.es\/blog\/?p=10459"},"modified":"2013-10-29T10:34:04","modified_gmt":"2013-10-29T08:34:04","slug":"entrevista-candidatos-cscae-2013","status":"publish","type":"post","link":"https:\/\/stepienybarno.es\/blog\/2013\/10\/29\/entrevista-candidatos-cscae-2013\/","title":{"rendered":"ENTREVISTA CANDIDATOS CSCAE 2013"},"content":{"rendered":"<p align=\"left\">\n<p style=\"text-align: center;\"><a href=\"https:\/\/stepienybarno.es\/blog\/wp-content\/uploads\/2013\/10\/CSCAE-n+1-ENEMASUNO_STEPIENYBARNO-.jpg\"><img loading=\"lazy\" decoding=\"async\" class=\"alignnone size-full wp-image-10460\" title=\"CSCAE- n+1-ENEMASUNO_STEPIENYBARNO\" src=\"https:\/\/stepienybarno.es\/blog\/wp-content\/uploads\/2013\/10\/CSCAE-n+1-ENEMASUNO_STEPIENYBARNO-.jpg\" alt=\"CSCAE- n+1-ENEMASUNO_STEPIENYBARNO\" width=\"300\" height=\"247\" srcset=\"https:\/\/stepienybarno.es\/blog\/wp-content\/uploads\/2013\/10\/CSCAE-n+1-ENEMASUNO_STEPIENYBARNO-.jpg 300w, https:\/\/stepienybarno.es\/blog\/wp-content\/uploads\/2013\/10\/CSCAE-n+1-ENEMASUNO_STEPIENYBARNO--180x148.jpg 180w\" sizes=\"(max-width: 300px) 100vw, 300px\" \/><\/a><\/p>\n<p align=\"left\">Estupendo trabajo del equipo de n+1.<\/p>\n<p align=\"left\"><!--more--><\/p>\n<p align=\"left\">\n<p align=\"left\">\n<blockquote>\n<p align=\"left\">Como podr\u00e9is observar solo algunos de los candidatos han bajado ruedo; parece que lo del cuerpo a cuerpo no va con todos.<\/p>\n<\/blockquote>\n<p align=\"left\">\n<blockquote>\n<p align=\"left\">Aqu\u00ed os dejamos con algunas de las respuestas y os animamos a echar un ojo a la entrada.<\/p>\n<p align=\"left\">\n<p align=\"left\">\u00ab(&#8230;)\u00a0No veo problema en que las asambleas se transmitan en directo, ni que las actas abreviadas de los plenos sean accesibles a los colegiados que quieran acceder v\u00eda telem\u00e1tica.<\/p>\n<p align=\"left\">En las instituciones que he dirigido, Escuela y COAM, he enviado regularmente cartas al colectivo explicando c\u00f3mo iban las cosas, no s\u00f3lo en los momentos de crisis, y mucha gente las le\u00eda y las entend\u00eda. Supongo que los medios actuales de comunicaci\u00f3n permitir\u00e1n organizar sesiones regulares interactivas\u201d<\/p>\n<p align=\"left\"><a href=\"http:\/\/nmas1.files.wordpress.com\/2013\/10\/cscae13_nmas1_raroca.pdf\">Ricardo Aroca Henand\u00e9z-Ros<\/a><\/p>\n<p align=\"left\">\n<p align=\"left\">\u00ab(&#8230;)\u00a0Los colegios deben dar respuesta a las necesidades\u00a0 de los profesionales, se\u00a0 dediquen a lo que se dediquen, pero no pueden eludir el control de visado pues\u00a0 es una exigencia administrativa. La dependencia de un colegio sobre el \u00e1mbito del visado depende tanto de la actividad e iniciativa de sus colegiados como de la flexibilidad de los Colegios para amoldarse. En mi Colegio, yo participo en un\u00a0 grupo de trabajo con la infancia en el que nos preocupa sensibilizar a los futuros ciudadanos en el respeto a la ciudad y la cultura arquitect\u00f3nica \u00bfser\u00edan\u00a0 todos los Colegios capaces de articular un grupo as\u00ed? No dudo de que si sus colegiados lo demandan y lo trabajan, s\u00ed.<\/p>\n<p align=\"left\">Que la opini\u00f3n general y de muchos compa\u00f1eros sobre los Colegios es manifiestamente mejorable, creo que lo sabemos todos.\u201d<\/p>\n<p align=\"left\"><a href=\"http:\/\/nmas1.files.wordpress.com\/2013\/10\/cscae13_nmas1_dcarrec3b1o.pdf\">Diego Carre\u00f1o de Vicente<\/a><\/p>\n<p align=\"left\">\n<p align=\"left\">\u00ab(&#8230;)\u00a0Las competencias en materia de Colegios Profesionales est\u00e1n transferidas en el Estado Espa\u00f1ol a las comunidades aut\u00f3nomas. La capacidad de interlocuci\u00f3n con ellas, pues, se favorece mediante una adecuaci\u00f3n de nuestra estructura organizativa a su distribuci\u00f3n territorial, y as\u00ed lo recogimos en el nuevo Estatuto, a\u00fan no publicado.<\/p>\n<p align=\"left\">Es decir, a efectos representativos conviene adecuarse a la estructura del Estado, pero\u00a0 ello no impide que,\u00a0 a efectos funcionales, establezcamos y perfeccionemos esa red de\u00a0 servicios y relaciones intercolegiales que fomente la colaboraci\u00f3n y facilite la movilidad de los arquitectos.\u00bb<\/p>\n<p align=\"left\"><a href=\"http:\/\/nmas1.files.wordpress.com\/2013\/10\/cscae13_nmas1_agarcia_h.pdf\">Antonio Garc\u00eda Herrero<\/a><\/p>\n<p align=\"left\">\n<p align=\"left\">\u00ab(&#8230;)\u00a0No se puede tener al colectivo permanentemente desinformado y al margen y luego, cuando interesa, pretender que responda con energ\u00eda.<\/p>\n<p align=\"left\">En mi programa digo: \u201cIncorporar a todos los arquitectos de Espa\u00f1a mediante registro y participaci\u00f3n activa\u201d.<\/p>\n<p align=\"left\">\u00a1No sabemos ni cuantos arquitectos somos! Hay que llegar a todos e integrarlos a todos.<\/p>\n<p align=\"left\">En 2008, antes de facebook y twitter, a trav\u00e9s de informaci\u00f3n, mails, tel\u00e9fono y sms, con tes\u00f3n y empe\u00f1o, involucramos a mas de 57.000 arquitectos (y no arquitectos) para que se adhirieran al documento anti RD de Bolonia. Si se quiere se puede, la profesi\u00f3n no est\u00e1 dormida, reacciona si est\u00e1 informada y esto es una labor continua, por cierto no sujeto a procesos electorales sino permanente.<\/p>\n<p align=\"left\">La web del CASCE deber\u00eda ser un centro de comunicaci\u00f3n, informaci\u00f3n continua y debate directamente en contacto con los arquitectos de Espa\u00f1a, que aloje los contenidos de todos los COAs y webs de referencia.\u00bb<\/p>\n<p align=\"left\"><a href=\"http:\/\/nmas1.files.wordpress.com\/2013\/10\/cscae13_nmas1_psobrini.pdf\">Paloma Sobrini Sagaseta de Ilurdoz<\/a><\/p>\n<\/blockquote>\n<p align=\"left\">\n<blockquote>\n<p style=\"text-align: center;\">Acceder al post, <a href=\"http:\/\/nmas1.wordpress.com\/2013\/10\/25\/entrevista-candidatos-cscae-2013\/\">AQU\u00cd.<\/a><\/p>\n<\/blockquote>\n<p align=\"left\">\n<p align=\"left\">M\u00e1s sobre el tema, <a href=\"http:\/\/www.cscae.com\/index.php?option=com_content&amp;view=article&amp;id=2933:programas-electorales-de-los-candidatos&amp;catid=150:presidencia-cscae&amp;Itemid=421\">AQU\u00cd.<\/a><\/p>\n<p align=\"left\">\n<p align=\"left\">Noticia seleccionada por el Canal de arquitectura STEPIENYBARNO.<\/p>\n<p align=\"left\"><a href=\"http:\/\/www.linkedin.com\/company\/stepienybarno\">STEPIENYBARNO EN LINKEDIN<\/a><\/p>\n<p align=\"left\"><a href=\"http:\/\/twitter.com\/stepienybarno\/stepienybarno\">STEPIENYBARNO EN TWITTER<\/a><\/p>\n<p align=\"left\"><a href=\"https:\/\/www.facebook.com\/pages\/BLOG-DE-STEPIENYBARNO\/78001079029\">STEPIENYBARNO EN FACEBOOK<\/a><\/p>\n<p align=\"left\">\n<p align=\"left\">*Stepienybarno est\u00e1 formado por Agnieszka Stepien y Lorenzo Barn\u00f3 y desde mayo del 2009 estamos en la red con\u00a0 la presente publicaci\u00f3n digital (Blog) de arquitectura.<\/p>\n<p align=\"left\">Nuestra actividad se sustenta en tres pilares b\u00e1sicos: la investigaci\u00f3n, la publicaci\u00f3n (comunicaci\u00f3n y difusi\u00f3n) y la redacci\u00f3n de proyectos de arquitectura.<\/p>\n<p align=\"left\">A su vez, somos socios cofundadores de <a href=\"http:\/\/sinergiasostenible.org\/\">SINERGIA SOSTENIBLE<\/a> y redactores de <a href=\"http:\/\/www.laciudadviva.org\/blogs\/?author=45\">LA CIUDAD VIVA<\/a>.<\/p>\n<p align=\"left\">\n<p align=\"left\">* Los editores de esta publicaci\u00f3n digital no nos hacemos cargo de de los comentarios y\u00a0 conceptos vertidos en los textos firmados por otras personas, siendo \u00e9stos de responsabilidad exclusiva de sus autores.<\/p>\n<p align=\"left\">\n<p align=\"left\">* Tu comentario podr\u00e1 ser moderado, por lo tanto, aunque aparezca inmediatamente al ser publicado en la entrada, los editores de esta publicaci\u00f3n digital nos reservamos el derecho tanto de editarlo (si fuera necesario, para hacerlo m\u00e1s legible) como de eliminarlo en el caso de que se usen expresiones incorrectas (descalificaciones, palabras malsonantes\u2026). A su vez, si quieres comentar desde el anonimato puedes hacerlo, aunque, nosotros personalmente, agradecemos que tod@s nos podamos identificar.<\/p>\n","protected":false},"excerpt":{"rendered":"<p>Estupendo trabajo del equipo de n+1.<\/p>\n<p>(m\u00e1s&#8230;)<\/p>\n","protected":false},"author":2,"featured_media":0,"comment_status":"open","ping_status":"closed","sticky":false,"template":"","format":"standard","meta":{"om_disable_all_campaigns":false,"_monsterinsights_skip_tracking":false,"_monsterinsights_sitenote_active":false,"_monsterinsights_sitenote_note":"","_monsterinsights_sitenote_category":0,"_uf_show_specific_survey":0,"_uf_disable_surveys":false,"episode_type":"","audio_file":"","cover_image":"","cover_image_id":"","duration":"","filesize":"","date_recorded":"","explicit":"","block":"","filesize_raw":"","footnotes":""},"categories":[34,244],"tags":[1985],"series":[],"class_list":["post-10459","post","type-post","status-publish","format-standard","hentry","category-actualidad","category-canal-de-arquitectura","tag-cscae"],"aioseo_notices":[],"episode_featured_image":false,"episode_player_image":"https:\/\/stepienybarno.es\/blog\/wp-content\/uploads\/2020\/11\/stepienybarno-podcast-scaled.jpg","download_link":"","player_link":"","audio_player":false,"episode_data":{"playerMode":"dark","subscribeUrls":[],"rssFeedUrl":"https:\/\/stepienybarno.es\/blog\/feed\/podcast\/podcast-de-stepienybarno","embedCode":"<blockquote class=\"wp-embedded-content\" data-secret=\"7MyPOjAUay\"><a href=\"https:\/\/stepienybarno.es\/blog\/2013\/10\/29\/entrevista-candidatos-cscae-2013\/\">ENTREVISTA CANDIDATOS CSCAE 2013<\/a><\/blockquote><iframe sandbox=\"allow-scripts\" security=\"restricted\" src=\"https:\/\/stepienybarno.es\/blog\/2013\/10\/29\/entrevista-candidatos-cscae-2013\/embed\/#?secret=7MyPOjAUay\" width=\"500\" height=\"350\" title=\"\u00abENTREVISTA CANDIDATOS CSCAE 2013\u00bb \u2014 Blog de STEPIEN Y BARNO - publicaci\u00f3n digital sobre arquitectura\" data-secret=\"7MyPOjAUay\" frameborder=\"0\" marginwidth=\"0\" marginheight=\"0\" scrolling=\"no\" class=\"wp-embedded-content\"><\/iframe><script type=\"text\/javascript\">\n\/* <![CDATA[ *\/\n\/*! This file is auto-generated *\/\n!function(d,l){\"use strict\";l.querySelector&&d.addEventListener&&\"undefined\"!=typeof URL&&(d.wp=d.wp||{},d.wp.receiveEmbedMessage||(d.wp.receiveEmbedMessage=function(e){var t=e.data;if((t||t.secret||t.message||t.value)&&!\/[^a-zA-Z0-9]\/.test(t.secret)){for(var s,r,n,a=l.querySelectorAll('iframe[data-secret=\"'+t.secret+'\"]'),o=l.querySelectorAll('blockquote[data-secret=\"'+t.secret+'\"]'),c=new RegExp(\"^https?:$\",\"i\"),i=0;i<o.length;i++)o[i].style.display=\"none\";for(i=0;i<a.length;i++)s=a[i],e.source===s.contentWindow&&(s.removeAttribute(\"style\"),\"height\"===t.message?(1e3<(r=parseInt(t.value,10))?r=1e3:~~r<200&&(r=200),s.height=r):\"link\"===t.message&&(r=new URL(s.getAttribute(\"src\")),n=new URL(t.value),c.test(n.protocol))&&n.host===r.host&&l.activeElement===s&&(d.top.location.href=t.value))}},d.addEventListener(\"message\",d.wp.receiveEmbedMessage,!1),l.addEventListener(\"DOMContentLoaded\",function(){for(var e,t,s=l.querySelectorAll(\"iframe.wp-embedded-content\"),r=0;r<s.length;r++)(t=(e=s[r]).getAttribute(\"data-secret\"))||(t=Math.random().toString(36).substring(2,12),e.src+=\"#?secret=\"+t,e.setAttribute(\"data-secret\",t)),e.contentWindow.postMessage({message:\"ready\",secret:t},\"*\")},!1)))}(window,document);\n\/* ]]> *\/\n<\/script>\n"},"_links":{"self":[{"href":"https:\/\/stepienybarno.es\/blog\/wp-json\/wp\/v2\/posts\/10459"}],"collection":[{"href":"https:\/\/stepienybarno.es\/blog\/wp-json\/wp\/v2\/posts"}],"about":[{"href":"https:\/\/stepienybarno.es\/blog\/wp-json\/wp\/v2\/types\/post"}],"author":[{"embeddable":true,"href":"https:\/\/stepienybarno.es\/blog\/wp-json\/wp\/v2\/users\/2"}],"replies":[{"embeddable":true,"href":"https:\/\/stepienybarno.es\/blog\/wp-json\/wp\/v2\/comments?post=10459"}],"version-history":[{"count":6,"href":"https:\/\/stepienybarno.es\/blog\/wp-json\/wp\/v2\/posts\/10459\/revisions"}],"predecessor-version":[{"id":10466,"href":"https:\/\/stepienybarno.es\/blog\/wp-json\/wp\/v2\/posts\/10459\/revisions\/10466"}],"wp:attachment":[{"href":"https:\/\/stepienybarno.es\/blog\/wp-json\/wp\/v2\/media?parent=10459"}],"wp:term":[{"taxonomy":"category","embeddable":true,"href":"https:\/\/stepienybarno.es\/blog\/wp-json\/wp\/v2\/categories?post=10459"},{"taxonomy":"post_tag","embeddable":true,"href":"https:\/\/stepienybarno.es\/blog\/wp-json\/wp\/v2\/tags?post=10459"},{"taxonomy":"series","embeddable":true,"href":"https:\/\/stepienybarno.es\/blog\/wp-json\/wp\/v2\/series?post=10459"}],"curies":[{"name":"wp","href":"https:\/\/api.w.org\/{rel}","templated":true}]}}