{"id":10523,"date":"2013-11-01T10:07:35","date_gmt":"2013-11-01T08:07:35","guid":{"rendered":"https:\/\/www.stepienybarno.es\/blog\/?p=10523"},"modified":"2020-04-22T18:08:10","modified_gmt":"2020-04-22T16:08:10","slug":"10523","status":"publish","type":"post","link":"https:\/\/stepienybarno.es\/blog\/2013\/11\/01\/10523\/","title":{"rendered":"140  BLOGS DE ARQUITECTURA"},"content":{"rendered":"<p style=\"text-align: center;\"><a href=\"https:\/\/stepienybarno.es\/blog\/wp-content\/uploads\/2013\/11\/140-blog-arquitectura_stepienybarno-.jpg\"><img loading=\"lazy\" decoding=\"async\" class=\"alignnone size-full wp-image-10526\" title=\"140-blog-arquitectura_stepienybarno\" src=\"https:\/\/stepienybarno.es\/blog\/wp-content\/uploads\/2013\/11\/140-blog-arquitectura_stepienybarno-.jpg\" alt=\"140-blog-arquitectura_stepienybarno\" width=\"350\" height=\"160\" srcset=\"https:\/\/stepienybarno.es\/blog\/wp-content\/uploads\/2013\/11\/140-blog-arquitectura_stepienybarno-.jpg 350w, https:\/\/stepienybarno.es\/blog\/wp-content\/uploads\/2013\/11\/140-blog-arquitectura_stepienybarno--180x82.jpg 180w, https:\/\/stepienybarno.es\/blog\/wp-content\/uploads\/2013\/11\/140-blog-arquitectura_stepienybarno--316x144.jpg 316w\" sizes=\"(max-width: 350px) 100vw, 350px\" \/><\/a><\/p>\n<p align=\"left\">En breve os contaremos lo que estamos tramando para final de a\u00f1o; pero, mientras tanto hemos vuelto a repasar los blogs que m\u00e1s visitamos desde Stepienybarno y hemos realizado un listado con 140 blogs de arquitectura en castellano. A ver qu\u00e9 os parece.<\/p>\n<p align=\"left\">Y \u00a1Como siempre, os animamos a ayudarnos a completar la selecci\u00f3n!<\/p>\n<p align=\"left\"><!--more--><\/p>\n<blockquote>\n<p align=\"left\"><strong>1. SOBRE EL ESTADO DE LA PROFESI\u00d3N.<\/strong><\/p>\n<p align=\"left\"><a href=\"http:\/\/nmas1.wordpress.com\/\">N+1<\/a><\/p>\n<p align=\"left\"><a href=\"https:\/\/stepienybarno.es\/blog\/\">Stepienybarno<\/a><\/p>\n<p align=\"left\"><a href=\"http:\/\/arquitextonica.net\/\">Arquitextonica<\/a><\/p>\n<p align=\"left\"><a href=\"http:\/\/www.bsarethinkingarchitecture.com\/\">bsA<\/a><\/p>\n<p align=\"left\"><a title=\"http:\/\/sindicatoarquitectos.wordpress.com\/\" href=\"http:\/\/sindicatoarquitectos.wordpress.com\/\" target=\"_blank\" rel=\"noopener noreferrer\">Sindicato arquitectos<\/a><\/p>\n<\/blockquote>\n<blockquote>\n<p align=\"left\"><strong>2. SOBRE ARQUITECTURA<\/strong><\/p>\n<p align=\"left\"><a href=\"http:\/\/tectonicablog.com\/\">Tectonica<\/a><\/p>\n<p align=\"left\"><a href=\"http:\/\/www.plataformaarquitectura.cl\/\">Platarforma Arquitectura<\/a><\/p>\n<p align=\"left\"><a href=\"http:\/\/www.catalogoarquitectura.com\/FrontEnd\/FEHome.aspx\">Cat\u00e1logo Arquitectura<\/a><\/p>\n<p align=\"left\"><a href=\"http:\/\/www.santiagodemolina.com\/\">M\u00faltiples Estrategias de Arquitectura<\/a><\/p>\n<p align=\"left\"><a href=\"http:\/\/vaumm.blogspot.com.es\/\">Vaumm<\/a><\/p>\n<p align=\"left\"><a title=\"M\u00e1s informaciones sobre este blog\" href=\"http:\/\/www.habitar.upc.edu\/\">Habitar<\/a><\/p>\n<p align=\"left\"><a href=\"http:\/\/hicarquitectura.com\/\">Hic<\/a><\/p>\n<p><a href=\"http:\/\/veredes.es\/blog\/category\/blog\/\">Veredes<\/a><\/p>\n<p><a href=\"http:\/\/www.quadraturaarquitectos.com\/blog\/\">Quadratura Arquitectos<\/a><\/p>\n<p align=\"left\"><a href=\"http:\/\/www.alvarocarnicero.com\/\">Alvaro Carnicero<\/a><\/p>\n<p align=\"left\"><a href=\"http:\/\/www.arquitecturaviva.com\/Default.aspx\">AV<\/a><\/p>\n<p align=\"left\"><a href=\"http:\/\/domusxl.com\/\">Domus XL<\/a><\/p>\n<p align=\"left\"><a href=\"http:\/\/www.arqhys.com\/\">Arqhys<\/a><\/p>\n<p><a title=\"M\u00e1s informaciones sobre este blog\" href=\"http:\/\/www.metalocus.es\/\">Metalocus<\/a><\/p>\n<p><a href=\"http:\/\/blog.is-arquitectura.es\/\">Blog\/IS-ARQuitectura<\/a><\/p>\n<p><a title=\"M\u00e1s informaciones sobre este blog\" href=\"http:\/\/blog.darioalvarez.net\/\">ArquitecturaS<\/a><\/p>\n<p><a href=\"http:\/\/www.seccionb.com\/\">Seccionb<\/a><\/p>\n<p align=\"left\"><a href=\"http:\/\/blog.bellostes.com\/\">Judit Bellostes<\/a><\/p>\n<p align=\"left\"><a href=\"file:\/\/\/I:\/STEPIENYBARNO\/1.%20BLOG\/2.%20ARTICULOS\/2.%20ENTRADAS\/2013\/11%20NOVIEMBRE\/01%20DE%20NOVIEMBRE%20_%20140%20BLOG\/111%20BLOGS%20DE%20ARQUITECTURA\/elbloc.net\">El bloc<\/a><\/p>\n<p align=\"left\"><strong><a href=\"http:\/\/www.de3.es\/blog\">D3<\/a><\/strong><\/p>\n<p align=\"left\"><a href=\"http:\/\/accesit.org\/\">Accesit, concursos de arquitectura<\/a><\/p>\n<p align=\"left\"><strong><a href=\"http:\/\/compoarq.wordpress.com\/\">Compoarq<\/a><\/strong><\/p>\n<p align=\"left\"><a href=\"http:\/\/arkiidea.blogspot.com.es\/\">Arkiidea<\/a><\/p>\n<p align=\"left\"><a href=\"http:\/\/www.arkinetia.com\/\">Arkinetia<\/a><\/p>\n<p align=\"left\"><a href=\"http:\/\/www.arquitecturacritica.com.ar\/\">Arquitectura critica<\/a><\/p>\n<p align=\"left\"><a href=\"http:\/\/alfavino.blogspot.com.es\/\">alfavino<\/a><\/p>\n<p><a title=\"M\u00e1s informaciones sobre este blog\" href=\"http:\/\/www.jesusgranada.com\/\">Jes\u00fas Granada <\/a><\/p>\n<p><a href=\"http:\/\/javierazurmendi.blogspot.com.es\/\">Javier Azurmendi<\/a><\/p>\n<p><a href=\"http:\/\/axonometrica.wordpress.com\/\">Axonometrica<\/a><\/p>\n<p><a href=\"http:\/\/skfandra.wordpress.com\/\">Skfandra<\/a><\/p>\n<p align=\"left\"><a href=\"http:\/\/afasiaarq.blogspot.com\/\">Afasiaarq<\/a><\/p>\n<p align=\"left\"><a href=\"http:\/\/pedacicosarquitectonicos.wordpress.com\/2012\/11\/28\/hoy-toca-una-de-heroes-de-la-infancia\/\">Pedacicos Arquitectonicos<\/a><\/p>\n<p align=\"left\"><a href=\"http:\/\/maushaus-by-rulot.blogspot.com.es\/\">Maushaus<\/a><\/p>\n<p align=\"left\"><a href=\"http:\/\/reharq.blogspot.com.es\/\">Reharq<\/a><\/p>\n<p align=\"left\"><a href=\"http:\/\/blog-arq.com\/\">Blog-arq<\/a><\/p>\n<p align=\"left\"><a href=\"http:\/\/sancheztaffurarquitecto.wordpress.com\/\">Propuestas in_consultas<\/a><\/p>\n<p align=\"left\"><a href=\"http:\/\/www.jaumepratarquitecto.com\/\">Arquitectura, entre otras soluciones<\/a><\/p>\n<p align=\"left\"><a href=\"http:\/\/hacedordetrampas.blogspot.com.es\/\">Hacedor de trampas<\/a><\/p>\n<p align=\"left\"><a href=\"http:\/\/www.btbwarchitecture.com\/\">Btbwarchitecture<\/a><\/p>\n<p align=\"left\"><a title=\"M\u00e1s informaciones sobre este blog\" href=\"http:\/\/blogs.elpais.com\/del-tirador-a-la-ciudad\/\">Del tirador a la ciudad <\/a><\/p>\n<p align=\"left\"><a title=\"M\u00e1s informaciones sobre este blog\" href=\"http:\/\/arquitectamoslocos.blogspot.com.es\/\"> Arquitectamos locos?<\/a><\/p>\n<p><a title=\"M\u00e1s informaciones sobre este blog\" href=\"http:\/\/moleskinearquitectonico.blogspot.com\/\">Mi Moleskine Arquitect\u00f3nico<\/a><\/p>\n<p align=\"left\"><a href=\"http:\/\/www.architectabroad.com\/\">Arquitectura Para el P\u00fablico.<\/a><\/p>\n<p><a href=\"http:\/\/www.tublogdearquitectura.com\/\">Tu blog de arquitectura<\/a><\/p>\n<p><span style=\"text-decoration: underline;\"><a href=\"http:\/\/www.google.es\/url?sa=t&amp;rct=j&amp;q=&amp;esrc=s&amp;source=web&amp;cd=4&amp;ved=0CEMQFjAD&amp;url=http:\/\/arquiestudiantebcn.blogspot.com\/&amp;ei=XTJzUoi8EIWP0AXFwoGYCQ&amp;usg=AFQjCNEWu_GVnU0d_WNxswoIsP7a_1TwhQ&amp;bvm=bv.55819444,d.d2k\">Cr\u00f3nicas de un estudiante de Arquitectura <\/a><\/span><\/p>\n<p>&nbsp;<\/p>\n<p><a href=\"http:\/\/apuntesdeunestudiantedearquitectura.blogspot.com.es\/\">Apuntes de un estudiante de arquitectura<\/a><\/p>\n<p align=\"left\"><a href=\"http:\/\/daetsauah.blogspot.com.es\/\">Daetsauah<\/a><\/p>\n<p align=\"left\"><a href=\"http:\/\/www.google.es\/url?sa=t&amp;rct=j&amp;q=&amp;esrc=s&amp;source=web&amp;cd=19&amp;ved=0CGEQFjAIOAo&amp;url=http%3A%2F%2Fguillermoblogs.blogspot.com%2F&amp;ei=0jVzUrT_FJGo0AWj1IDADQ&amp;usg=AFQjCNHWrWVXmXVhbzMLldwM44IWBsF9kg&amp;bvm=bv.55819444,d.d2k\"><em>Blog<\/em> de un <em>estudiante<\/em> de <em>arquitectura<\/em><\/a> _ Guillermoblogs<\/p>\n<p align=\"left\"><span style=\"text-decoration: underline;\"><a href=\"http:\/\/blogs.nebrija.es\/arquitectura\/\">Nebrija-arquitectura<\/a><\/span><\/p>\n<p align=\"left\"><span style=\"text-decoration: underline;\"><a href=\"http:\/\/www.blogarquitectura.com\/\">Blogarquitectura.<\/a><\/span><\/p>\n<p align=\"left\"><a href=\"http:\/\/q9magazine.com\/\">Q9 magazine<\/a><\/p>\n<p align=\"left\"><a href=\"http:\/\/eventosdearquitectura.com\/blog\/\">Eventos de arquitectura<\/a><\/p>\n<p align=\"left\"><a href=\"http:\/\/momentosdeunarquitecto.com\/\">Momentos de unarquitecto<\/a><\/p>\n<p><strong><a title=\"M\u00e1s informaciones sobre este blog\" href=\"http:\/\/labs.ebuzzing.es\/top-blogs\/source\/www.metalocus.es\/content\/es\/blog\/all-pYi5t\">METALOCUS<\/a><\/strong><\/p>\n<p><a title=\"M\u00e1s informaciones sobre este blog\" href=\"http:\/\/labs.ebuzzing.es\/top-blogs\/source\/www.arquilecturas.com-YFJ93\">Arquilecturas<\/a><\/p>\n<p><a title=\"M\u00e1s informaciones sobre este blog\" href=\"http:\/\/www.arquitour.com\/\">ArquiTOUR<\/a><\/p>\n<p align=\"left\"><strong><a title=\"M\u00e1s informaciones sobre este blog\" href=\"http:\/\/cajondearquitecto.com\/\">Caj\u00f3n (de sastre) de arquitecto<\/a><\/strong><\/p>\n<\/blockquote>\n<blockquote>\n<p align=\"left\"><strong>3. OBRA PROPIA<\/strong><\/p>\n<p align=\"left\"><a href=\"http:\/\/exit-architects.com\/00%20INICIO\/exit-pagina%202.html\">Exit<\/a><\/p>\n<p align=\"left\"><a href=\"http:\/\/blog.a-cero.com\/\">A-cero<\/a><\/p>\n<p align=\"left\"><a href=\"http:\/\/www.pkmn.es\/\">Pkmn<\/a><\/p>\n<p><a title=\"M\u00e1s informaciones sobre este blog\" href=\"http:\/\/arquitecturag.wordpress.com\/\">Arquitectura-G<\/a><\/p>\n<p><a href=\"http:\/\/www.semisotano.es\/\"> Semis\u00f3tano \/ RGRM<\/a><\/p>\n<p align=\"left\">\n<\/blockquote>\n<blockquote>\n<p align=\"left\"><strong>4. SOSTENIBILIDAD<\/strong><\/p>\n<p align=\"left\"><a href=\"http:\/\/ecosistemaurbano.org\/\">Ecosistema Urbano<\/a><\/p>\n<p align=\"left\"><a href=\"http:\/\/nomada.blogs.com\/jfreire\/\">N\u00f3mada<\/a><\/p>\n<p align=\"left\"><a href=\"http:\/\/sinergiasostenible.org\/\">Sinergia Sostenible<\/a><\/p>\n<p align=\"left\"><a href=\"http:\/\/www.sostenibilidadyarquitectura.com\/blog\/\">ASA<\/a><\/p>\n<p align=\"left\"><a href=\"http:\/\/ecococos.blogspot.com.es\/\">Ecococos<\/a><\/p>\n<p align=\"left\"><a href=\"http:\/\/www.zuloark.org\/\">Zuloark<\/a><\/p>\n<p align=\"left\"><a href=\"http:\/\/basurama.org\/\">Basurama<\/a><\/p>\n<p align=\"left\"><a href=\"http:\/\/www.cambioconsciente.org\/\">Cambio Consciente<\/a><\/p>\n<p align=\"left\"><a href=\"http:\/\/ecourbano-server.info\/\">Ecourbano<\/a><\/p>\n<p align=\"left\"><a href=\"http:\/\/www.recetasurbanas.net\/\">Recetas Urbanas<\/a><\/p>\n<p align=\"left\"><a href=\"http:\/\/www.todoporlapraxis.es\/\">Todo por la praxis<\/a><\/p>\n<p align=\"left\"><a href=\"file:\/\/\/I:\/STEPIENYBARNO\/1.%20BLOG\/2.%20ARTICULOS\/2.%20ENTRADAS\/2013\/11%20NOVIEMBRE\/01%20DE%20NOVIEMBRE%20_%20140%20BLOG\/111%20BLOGS%20DE%20ARQUITECTURA\/estonoesunsolar.wordpress.com\">Esto no es un solar<\/a><\/p>\n<p align=\"left\"><a href=\"http:\/\/floresenelatico.es\/\">Flores en el \u00e1tico<\/a><\/p>\n<p align=\"left\"><a href=\"http:\/\/arquiverdura.blogspot.com\/\">Arquiverdura<\/a><\/p>\n<p align=\"left\"><a href=\"http:\/\/www.construmatica.com\/construpedia\/Urbanismo_Sostenible\">Construmatica<\/a><\/p>\n<p align=\"left\"><a title=\"M\u00e1s informaciones sobre este blog\" href=\"http:\/\/labs.ebuzzing.es\/top-blogs\/source\/www.arrsa.org-caLIv\">aRRs a!<\/a><\/p>\n<p align=\"left\"><a href=\"http:\/\/www.lignumfacile.es\/index.php?option=com_content&amp;task=view&amp;id=5907&amp;Itemid=120\">lignumfacile<\/a><\/p>\n<p align=\"left\"><a href=\"http:\/\/www.morethangreen.es\/\">morethangreen<\/a><\/p>\n<p><a title=\"M\u00e1s informaciones sobre este blog\" href=\"http:\/\/teoriadeconstruccion.net\/\">Teor\u00eda de construcci\u00f3n<\/a><\/p>\n<p><a href=\"http:\/\/maderadearquitecto.tumblr.com\/\">Madera de arquitecto<\/a><\/p>\n<p align=\"left\"><a href=\"http:\/\/blog.deltoroantunez.com\/\">Deltoroantunez<\/a><\/p>\n<p><a href=\"http:\/\/www.ctearquitectura.es\/\" target=\"_blank\" rel=\"noopener noreferrer\"><span style=\"text-decoration: underline;\">\u00a0CTE Arquitectura<\/span><\/a><\/p>\n<p><span style=\"color: #333333;\"><a href=\"http:\/\/ecohabitatge.com\/\"><span style=\"color: #333333;\"> Ecohabitatge<\/span><\/a><\/span><\/p><\/blockquote>\n<blockquote>\n<p align=\"left\"><strong>5. IDENTIDAD DIGITAL <\/strong><\/p>\n<p align=\"left\"><a href=\"http:\/\/urbanohumano.org\/\">Urbano Humano<\/a><\/p>\n<p align=\"left\"><a href=\"http:\/\/la-cajita.es\/blog\/\">El de la cajita<\/a><\/p>\n<\/blockquote>\n<blockquote>\n<p align=\"left\"><strong>6. SOBRE CIUDADES SOSTENIBLES<\/strong><\/p>\n<p align=\"left\"><a href=\"http:\/\/www.ciudadesaescalahumana.org\/\">Ciudad de escala humana<\/a><\/p>\n<p align=\"left\"><a href=\"http:\/\/www.elblogdefarina.blogspot.com.es\/\">El blog de Jos\u00e9 Fari\u00f1a<\/a><\/p>\n<p align=\"left\"><a href=\"http:\/\/www.paisajetransversal.org\/\">Paisaje Transversal<\/a><\/p>\n<p align=\"left\"><a href=\"http:\/\/www.laciudadviva.org\/blogs\/\">La ciudad viva<\/a><\/p>\n<p align=\"left\"><a href=\"http:\/\/espacioelevadoalpublico.blogspot.com.es\/\">Espacio elevado al p\u00fablico<\/a><\/p>\n<p align=\"left\"><a href=\"http:\/\/www.plataformaurbana.cl\/\">Plataforma Urbana<\/a><\/p>\n<p align=\"left\"><a href=\"http:\/\/urbanismopatasarriba.blogspot.com.es\/\">Urbanismo patas arriba<\/a><\/p>\n<p align=\"left\"><a href=\"http:\/\/periferiadomestica.tumblr.com\/\">La periferia domestica<\/a><\/p>\n<p align=\"left\"><a href=\"http:\/\/www.acidadedosbarrios.org\/\">A cidade dos barrios<\/a><\/p>\n<p align=\"left\"><a href=\"http:\/\/danielayalaserrano.tumblr.com\/\">Daniel Ayala<\/a><\/p>\n<p><a title=\"M\u00e1s informaciones sobre este blog\" href=\"http:\/\/islasterritorio.blogspot.com\/\">Islas y Territorio<\/a><\/p>\n<p><a href=\"http:\/\/uniteva.wordpress.com\/\">Uniteva<\/a><\/p>\n<p align=\"left\"><a href=\"http:\/\/nochesininsomnio.blogspot.com.es\/\">Espacio espacioso<\/a><\/p>\n<p align=\"left\"><a href=\"http:\/\/nevada.ual.es:81\/urbs\/index.php\/urbs\">Urbs<\/a><\/p>\n<\/blockquote>\n<blockquote>\n<p align=\"left\"><strong>7. PARTICIPACION<\/strong><\/p>\n<p align=\"left\"><a href=\"http:\/\/viveroiniciativasciudadanas.net\/\">VIC, vivero de iniciativas ciudadanas<\/a><\/p>\n<p align=\"left\"><a href=\"http:\/\/declaracionderechosurbanos.com\/\">Declaraci\u00f3n Derechos\u00a0 Urbanos<\/a><\/p>\n<p><a title=\"M\u00e1s informaciones sobre este blog\" href=\"http:\/\/www.inteligenciascolectivas.org\/\">Inteligencias Colectivas 2.0<\/a><\/p>\n<p><a href=\"http:\/\/www.zaramari.com\/Zaramari\/Proiektuak\/Proiektuak.html\">Zaramari<\/a><\/p>\n<p align=\"left\">\n<\/blockquote>\n<blockquote>\n<p align=\"left\"><strong>8. Arquitectura, dise\u00f1o y nuevas tecnolog\u00edas.<\/strong><\/p>\n<p align=\"left\"><a href=\"http:\/\/www.edgargonzalez.com\/\">Edgar Gonz\u00e1lez<\/a><\/p>\n<p align=\"left\"><a href=\"http:\/\/www.cosasdearquitectos.com\/\">Cosas de Arquitectos<\/a><\/p>\n<p align=\"left\"><a href=\"http:\/\/www.dpr-barcelona.com\/\">Dpr-Barcelona<\/a><\/p>\n<p align=\"left\"><a href=\"http:\/\/dgarquitecto.blogspot.com.es\/\">DG arquitecto<\/a><\/p>\n<p align=\"left\"><a href=\"http:\/\/www.metalocus.es\/\">Cyan<\/a><\/p>\n<p align=\"left\"><a href=\"http:\/\/www.arquitectitis.com\/\">Arquitectitis<\/a><\/p>\n<\/blockquote>\n<blockquote>\n<p align=\"left\"><strong>9. DISE\u00d1O INTERIOR<\/strong><\/p>\n<p align=\"left\"><a href=\"http:\/\/blogdeldiseno.com\/\">Blogdeldiseno<\/a><\/p>\n<p align=\"left\"><a href=\"http:\/\/www.decoesfera.com\/\">Decoesfera<\/a><\/p>\n<p align=\"left\"><a href=\"http:\/\/www.blogbricolaje.com\/\">Blog Bricolaje<\/a><\/p>\n<p align=\"left\"><a href=\"http:\/\/interiorismos.com\/\" target=\"_blank\" rel=\"noopener noreferrer\">Interiorismos<\/a><\/p>\n<p align=\"left\"><a href=\"http:\/\/decoradecora.blogspot.com\/\" target=\"_blank\" rel=\"noopener noreferrer\">Decoradecora<\/a><\/p>\n<p align=\"left\"><a href=\"http:\/\/www.delikatissen.com\/\" target=\"_blank\" rel=\"noopener noreferrer\">Delikatissen<\/a><\/p>\n<p align=\"left\"><a href=\"http:\/\/www.estiloydeco.com\/\" target=\"_blank\" rel=\"noopener noreferrer\">Estiloydeco<\/a><\/p>\n<p align=\"left\"><a href=\"http:\/\/decoratualma.blogspot.com\/\" target=\"_blank\" rel=\"noopener noreferrer\">Decora tu alma<\/a><\/p>\n<p align=\"left\"><a href=\"http:\/\/www.vintageandchicblog.com\/\" target=\"_blank\" rel=\"noopener noreferrer\">Vintage and chic<\/a><\/p>\n<p align=\"left\"><a href=\"http:\/\/www.opendeco.es\/\" target=\"_blank\" rel=\"noopener noreferrer\">open deco<\/a><\/p>\n<p align=\"left\"><a href=\"http:\/\/www.cosasdedecoracion.es\/\" target=\"_blank\" rel=\"noopener noreferrer\">cosas de decoracion<\/a><\/p>\n<p align=\"left\"><a href=\"http:\/\/www.hogarismo.es\/\">Hogarismo<\/a><\/p>\n<p align=\"left\"><a title=\"M\u00e1s informaciones sobre este blog\" href=\"http:\/\/ministryofdeco.blogspot.com\/\">Ministry of Deco<\/a><\/p>\n<p><a title=\"M\u00e1s informaciones sobre este blog\" href=\"http:\/\/www.disenoyarquitectura.net\/\">Arquitectura y Dise\u00f1o<\/a><\/p><\/blockquote>\n<blockquote>\n<p align=\"left\"><strong>10. INCLASIFICABLES PERO ALTAMENTE CALIFICABLES<\/strong><\/p>\n<p align=\"left\"><a href=\"http:\/\/unbritishmypants.blogspot.co.uk\/\">Unbritishmypants<\/a><\/p>\n<p align=\"left\"><a href=\"http:\/\/www.thelemonpear.com\/\">The Lemon Pear<\/a><\/p>\n<p align=\"left\"><a href=\"http:\/\/www.acafeole.com\/\">Acafeole<\/a><\/p>\n<p align=\"left\"><a href=\"http:\/\/arkitiriteros.blogspot.com.es\/\">Arkitiriteros<\/a><\/p>\n<p><a title=\"M\u00e1s informaciones sobre este blog\" href=\"http:\/\/losvaciosurbanos.blogspot.com.es\/\">los vacios urbanos<\/a><\/p>\n<p><a href=\"http:\/\/www.recolectoresurbanos.com\/\">Recolectores Urbanos<\/a><\/p>\n<p><a title=\"M\u00e1s informaciones sobre este blog\" href=\"http:\/\/toki-arkitekturak.blogspot.com\/\">Toki<\/a><\/p>\n<p><a href=\"http:\/\/blancaespigaresrooney.wordpress.com\/\">Blanca Espigares Rooney<\/a><\/p>\n<p align=\"left\"><a href=\"http:\/\/danielmoyano.net\/ccad\/\">CCAD<\/a><\/p>\n<p align=\"left\"><a href=\"http:\/\/www.eme3.org\/\">Eme3<\/a><\/p>\n<p align=\"left\"><a href=\"http:\/\/carloscamara.es\/blog\">Carlos C\u00e1mara<\/a><\/p>\n<p align=\"left\"><a href=\"http:\/\/www.madc-arquitectos.com\/\">Madc-arquitectos<\/a><\/p>\n<p align=\"left\"><a href=\"http:\/\/www.arquitecturaconminusculas.wordpress.com\/\">arquitectura con minusculas<\/a><\/p>\n<p><a title=\"http:\/\/www.r-arquitectura.es\" href=\"file:\/\/\/I:\/STEPIENYBARNO\/1.%20BLOG\/2.%20ARTICULOS\/2.%20ENTRADAS\/2013\/11%20NOVIEMBRE\/01%20DE%20NOVIEMBRE%20_%20140%20BLOG\/140%20BLOGS%20DE%20ARQUITECTURA\/r-arquitectura.es\">R-arquitectura<\/a><\/p><\/blockquote>\n<blockquote>\n<p align=\"left\">*Si alg\u00fan blog no quiere salir en la lista o quiere aparecer con distinta tem\u00e1tica, no tiene m\u00e1s que dec\u00edrnoslo y lo cambiamos.<\/p>\n<p align=\"left\">* Por darle un cierto orden a la lista la hemos ordenado por \u201ctem\u00e1ticas\u201d. Evidentemente, en la mayor\u00eda de ellos se habla de muchos temas, pero hemos cogido el que, para nosotros, es m\u00e1s representativo.<\/p>\n<p align=\"left\">* Post relacionados: <a href=\"https:\/\/stepienybarno.es\/blog\/2012\/11\/28\/111-blogs-de-arquitectura\/\">111 blogs de arquitectura<\/a><\/p>\n<\/blockquote>\n<p align=\"left\">* Este art\u00edculo ha sido escrito con car\u00e1cter divulgativo y sin ning\u00fan tipo de \u00e1nimo de lucro. As\u00ed que, si te apetece <strong>compartirlo<\/strong> en cualquier otro medio, estaremos encantados de que lo hagas siempre y cuando cites el lugar donde lo has encontrado.<\/p>\n<p align=\"left\">Autores de la entrada: <a href=\"http:\/\/www.facebook.com\/col.prudant#!\/StepienybarnoCANAL\">Stepienybarno<\/a><\/p>\n<p align=\"left\"><a href=\"http:\/\/www.linkedin.com\/company\/stepienybarno\">STEPIENYBARNO EN LINKEDIN<\/a><\/p>\n<p align=\"left\"><a href=\"http:\/\/twitter.com\/stepienybarno\/stepienybarno\">STEPIENYBARNO EN TWITTER<\/a><\/p>\n<p><a href=\"https:\/\/www.facebook.com\/pages\/BLOG-DE-STEPIENYBARNO\/78001079029\">STEPIENYBARNO EN FACEBOOK<\/a><\/p>\n<p align=\"left\">* Stepienybarno est\u00e1 formado por Agnieszka Stepien y Lorenzo Barn\u00f3 y desde mayo del 2009 estamos en la red con\u00a0 la presente publicaci\u00f3n digital (Blog) de arquitectura.<\/p>\n<p align=\"left\">Nuestra actividad se sustenta en tres pilares b\u00e1sicos: la investigaci\u00f3n, la publicaci\u00f3n y la redacci\u00f3n de proyectos de arquitectura.<\/p>\n<p align=\"left\">A su vez, somos socios cofundadores de <a href=\"http:\/\/sinergiasostenible.org\/\">SINERGIA SOSTENIBLE<\/a> y redactores de <a href=\"http:\/\/www.laciudadviva.org\/blogs\/?author=45\">LA CIUDAD VIVA<\/a>.<\/p>\n<p align=\"left\">* Los editores de esta publicaci\u00f3n digital no nos hacemos cargo de de los comentarios y\u00a0 conceptos vertidos en los textos firmados por otras personas, siendo \u00e9stos de responsabilidad exclusiva de sus autores.<\/p>\n<p align=\"left\">* Tu comentario pudiera ser moderado, por lo tanto, aunque aparezca inmediatamente al ser publicado en la entrada, los editores de esta publicaci\u00f3n digital nos reservamos el derecho tanto de editarlo (si fuera necesario, para hacerlo m\u00e1s legible) como de eliminarlo en el caso de que se usen expresiones incorrectas (descalificaciones, palabras malsonantes\u2026). A su vez, si quieres comentar desde el anonimato puedes hacerlo, aunque, nosotros personalmente, agradecemos que tod@s nos podamos identificar.<\/p>\n","protected":false},"excerpt":{"rendered":"<p>En breve os contaremos lo que estamos tramando para final<\/p>\n","protected":false},"author":2,"featured_media":10526,"comment_status":"open","ping_status":"closed","sticky":false,"template":"","format":"standard","meta":{"om_disable_all_campaigns":false,"_monsterinsights_skip_tracking":false,"_monsterinsights_sitenote_active":false,"_monsterinsights_sitenote_note":"","_monsterinsights_sitenote_category":0,"_uf_show_specific_survey":0,"_uf_disable_surveys":false,"episode_type":"audio","audio_file":"","cover_image":"","cover_image_id":"","duration":"","filesize":"","date_recorded":"","explicit":"","block":"","filesize_raw":"","footnotes":""},"categories":[34,4,27],"tags":[4274,9,33,1907],"series":[],"class_list":["post-10523","post","type-post","status-publish","format-standard","has-post-thumbnail","hentry","category-actualidad","category-arquilectura","category-nueva-era-digital","tag-actualidad","tag-arquitectura","tag-blog","tag-identidad-digital"],"aioseo_notices":[],"episode_featured_image":"https:\/\/stepienybarno.es\/blog\/wp-content\/uploads\/2013\/11\/140-blog-arquitectura_stepienybarno-.jpg","episode_player_image":"https:\/\/stepienybarno.es\/blog\/wp-content\/uploads\/2020\/11\/stepienybarno-podcast-scaled.jpg","download_link":"","player_link":"","audio_player":false,"episode_data":{"playerMode":"dark","subscribeUrls":[],"rssFeedUrl":"https:\/\/stepienybarno.es\/blog\/feed\/podcast\/podcast-de-stepienybarno","embedCode":"<blockquote class=\"wp-embedded-content\" data-secret=\"spraZfiaxy\"><a href=\"https:\/\/stepienybarno.es\/blog\/2013\/11\/01\/10523\/\">140  BLOGS DE ARQUITECTURA<\/a><\/blockquote><iframe sandbox=\"allow-scripts\" security=\"restricted\" src=\"https:\/\/stepienybarno.es\/blog\/2013\/11\/01\/10523\/embed\/#?secret=spraZfiaxy\" width=\"500\" height=\"350\" title=\"\u00ab140  BLOGS DE ARQUITECTURA\u00bb \u2014 Blog de STEPIEN Y BARNO - publicaci\u00f3n digital sobre arquitectura\" data-secret=\"spraZfiaxy\" frameborder=\"0\" marginwidth=\"0\" marginheight=\"0\" scrolling=\"no\" class=\"wp-embedded-content\"><\/iframe><script type=\"text\/javascript\">\n\/* <![CDATA[ *\/\n\/*! This file is auto-generated *\/\n!function(d,l){\"use strict\";l.querySelector&&d.addEventListener&&\"undefined\"!=typeof URL&&(d.wp=d.wp||{},d.wp.receiveEmbedMessage||(d.wp.receiveEmbedMessage=function(e){var t=e.data;if((t||t.secret||t.message||t.value)&&!\/[^a-zA-Z0-9]\/.test(t.secret)){for(var s,r,n,a=l.querySelectorAll('iframe[data-secret=\"'+t.secret+'\"]'),o=l.querySelectorAll('blockquote[data-secret=\"'+t.secret+'\"]'),c=new RegExp(\"^https?:$\",\"i\"),i=0;i<o.length;i++)o[i].style.display=\"none\";for(i=0;i<a.length;i++)s=a[i],e.source===s.contentWindow&&(s.removeAttribute(\"style\"),\"height\"===t.message?(1e3<(r=parseInt(t.value,10))?r=1e3:~~r<200&&(r=200),s.height=r):\"link\"===t.message&&(r=new URL(s.getAttribute(\"src\")),n=new URL(t.value),c.test(n.protocol))&&n.host===r.host&&l.activeElement===s&&(d.top.location.href=t.value))}},d.addEventListener(\"message\",d.wp.receiveEmbedMessage,!1),l.addEventListener(\"DOMContentLoaded\",function(){for(var e,t,s=l.querySelectorAll(\"iframe.wp-embedded-content\"),r=0;r<s.length;r++)(t=(e=s[r]).getAttribute(\"data-secret\"))||(t=Math.random().toString(36).substring(2,12),e.src+=\"#?secret=\"+t,e.setAttribute(\"data-secret\",t)),e.contentWindow.postMessage({message:\"ready\",secret:t},\"*\")},!1)))}(window,document);\n\/* ]]> *\/\n<\/script>\n"},"_links":{"self":[{"href":"https:\/\/stepienybarno.es\/blog\/wp-json\/wp\/v2\/posts\/10523"}],"collection":[{"href":"https:\/\/stepienybarno.es\/blog\/wp-json\/wp\/v2\/posts"}],"about":[{"href":"https:\/\/stepienybarno.es\/blog\/wp-json\/wp\/v2\/types\/post"}],"author":[{"embeddable":true,"href":"https:\/\/stepienybarno.es\/blog\/wp-json\/wp\/v2\/users\/2"}],"replies":[{"embeddable":true,"href":"https:\/\/stepienybarno.es\/blog\/wp-json\/wp\/v2\/comments?post=10523"}],"version-history":[{"count":21,"href":"https:\/\/stepienybarno.es\/blog\/wp-json\/wp\/v2\/posts\/10523\/revisions"}],"predecessor-version":[{"id":41367,"href":"https:\/\/stepienybarno.es\/blog\/wp-json\/wp\/v2\/posts\/10523\/revisions\/41367"}],"wp:featuredmedia":[{"embeddable":true,"href":"https:\/\/stepienybarno.es\/blog\/wp-json\/wp\/v2\/media\/10526"}],"wp:attachment":[{"href":"https:\/\/stepienybarno.es\/blog\/wp-json\/wp\/v2\/media?parent=10523"}],"wp:term":[{"taxonomy":"category","embeddable":true,"href":"https:\/\/stepienybarno.es\/blog\/wp-json\/wp\/v2\/categories?post=10523"},{"taxonomy":"post_tag","embeddable":true,"href":"https:\/\/stepienybarno.es\/blog\/wp-json\/wp\/v2\/tags?post=10523"},{"taxonomy":"series","embeddable":true,"href":"https:\/\/stepienybarno.es\/blog\/wp-json\/wp\/v2\/series?post=10523"}],"curies":[{"name":"wp","href":"https:\/\/api.w.org\/{rel}","templated":true}]}}