{"id":10816,"date":"2013-11-07T10:29:01","date_gmt":"2013-11-07T08:29:01","guid":{"rendered":"https:\/\/www.stepienybarno.es\/blog\/?p=10816"},"modified":"2013-11-07T10:29:01","modified_gmt":"2013-11-07T08:29:01","slug":"experiencia-y-arquitectura-2","status":"publish","type":"post","link":"https:\/\/stepienybarno.es\/blog\/2013\/11\/07\/experiencia-y-arquitectura-2\/","title":{"rendered":"EXPERIENCIA Y ARQUITECTURA"},"content":{"rendered":"<p align=\"left\">\n<p style=\"text-align: center;\"><a href=\"https:\/\/stepienybarno.es\/blog\/wp-content\/uploads\/2013\/11\/Arquitectura-Para-el-P\u00fablico._stepienybarno-carlos-muriel.jpg\"><img loading=\"lazy\" decoding=\"async\" class=\"alignnone size-full wp-image-10817\" title=\"Arquitectura Para el P\u00fablico._stepienybarno-carlos-muriel\" src=\"https:\/\/stepienybarno.es\/blog\/wp-content\/uploads\/2013\/11\/Arquitectura-Para-el-P\u00fablico._stepienybarno-carlos-muriel.jpg\" alt=\"Arquitectura Para el P\u00fablico._stepienybarno-carlos-muriel\" width=\"320\" height=\"169\" srcset=\"https:\/\/stepienybarno.es\/blog\/wp-content\/uploads\/2013\/11\/Arquitectura-Para-el-P\u00fablico._stepienybarno-carlos-muriel.jpg 320w, https:\/\/stepienybarno.es\/blog\/wp-content\/uploads\/2013\/11\/Arquitectura-Para-el-P\u00fablico._stepienybarno-carlos-muriel-180x95.jpg 180w, https:\/\/stepienybarno.es\/blog\/wp-content\/uploads\/2013\/11\/Arquitectura-Para-el-P\u00fablico._stepienybarno-carlos-muriel-316x167.jpg 316w\" sizes=\"(max-width: 320px) 100vw, 320px\" \/><\/a><\/p>\n<p align=\"left\">Desde <a href=\"http:\/\/www.architectabroad.com\/\">Arquitectura Para el P\u00fablico.<\/a><\/p>\n<p align=\"left\">Por\u00a0<a href=\"https:\/\/twitter.com\/CarlosMuriel_\">Carlos Muriel<\/a><\/p>\n<p align=\"left\"><!--more--><\/p>\n<p align=\"left\">\n<blockquote>\n<p align=\"left\">\n<p align=\"left\">\n<p align=\"left\">Hace pocos d\u00edas celebr\u00e9 mi 30 cumplea\u00f1os. Dicen que un arquitecto est\u00e1 realmente hecho a partir de los 50 a\u00f1os, as\u00ed que en teor\u00eda a m\u00ed me quedan unos 20 a\u00f1os m\u00e1s de aprendizaje&#8230; \u00bfPero de verdad esta creencia tiene sentido?<\/p>\n<p align=\"left\">\n<p align=\"left\">\u201c(\u2026) Muchos arquitectos \u00abmaduros\u00bb \u00a0ponen su edad como argumento irrebatible para que sus ideas se sobrepongan por encima de las del cliente. \u00abNo, mire usted, es que yo llevo no s\u00e9 cuantos a\u00f1os de experiencia, y esto hay que hacerlo de esta o de aquella manera\u00bb. No digo que esto no sea cierto muchas veces, pero tambi\u00e9n es verdad que los a\u00f1os de experiencia son muchas veces un recurso muy f\u00e1cil para hacer \u00abcallar\u00bb al cliente y salirse con la suya.\u00a0Cada vez que se escuchase una respuesta as\u00ed habr\u00eda que desconfiar, ya que suele ser la se\u00f1al evidente de no tener argumentos s\u00f3lidos.<\/p>\n<p align=\"left\">\n<p align=\"left\"><a href=\"http:\/\/www.architectabroad.com\/2013\/04\/experiencia-y-arquitectura.html\">Acceder al post<\/a><\/p>\n<\/blockquote>\n<p align=\"left\">\n<p align=\"left\">\n<p align=\"left\">Noticia seleccionada por el Canal de arquitectura STEPIENYBARNO.<\/p>\n<p align=\"left\"><a href=\"http:\/\/www.linkedin.com\/company\/stepienybarno\">STEPIENYBARNO EN LINKEDIN<\/a><\/p>\n<p align=\"left\"><a href=\"http:\/\/twitter.com\/stepienybarno\/stepienybarno\">STEPIENYBARNO EN TWITTER<\/a><\/p>\n<p align=\"left\"><a href=\"https:\/\/www.facebook.com\/pages\/BLOG-DE-STEPIENYBARNO\/78001079029\">STEPIENYBARNO EN FACEBOOK<\/a><\/p>\n<p align=\"left\">\n<p align=\"left\">*Stepienybarno est\u00e1 formado por Agnieszka Stepien y Lorenzo Barn\u00f3 y desde mayo del 2009 estamos en la red con\u00a0 la presente publicaci\u00f3n digital (Blog) de arquitectura.<\/p>\n<p align=\"left\">Nuestra actividad se sustenta en tres pilares b\u00e1sicos: la investigaci\u00f3n, la publicaci\u00f3n (comunicaci\u00f3n y difusi\u00f3n) y la redacci\u00f3n de proyectos de arquitectura.<\/p>\n<p align=\"left\">A su vez, somos socios cofundadores de <a href=\"http:\/\/sinergiasostenible.org\/\">SINERGIA SOSTENIBLE<\/a> y redactores de <a href=\"http:\/\/www.laciudadviva.org\/blogs\/?author=45\">LA CIUDAD VIVA<\/a>.<\/p>\n<p align=\"left\">\n<p align=\"left\">* Los editores de esta publicaci\u00f3n digital no nos hacemos cargo de de los comentarios y\u00a0 conceptos vertidos en los textos firmados por otras personas, siendo \u00e9stos de responsabilidad exclusiva de sus autores.<\/p>\n<p align=\"left\">\n<p align=\"left\">* Tu comentario podr\u00e1 ser moderado, por lo tanto, aunque aparezca inmediatamente al ser publicado en la entrada, los editores de esta publicaci\u00f3n digital nos reservamos el derecho tanto de editarlo (si fuera necesario, para hacerlo m\u00e1s legible) como de eliminarlo en el caso de que se usen expresiones incorrectas (descalificaciones, palabras malsonantes\u2026). A su vez, si quieres comentar desde el anonimato puedes hacerlo, aunque, nosotros personalmente, agradecemos que tod@s nos podamos identificar.<\/p>\n","protected":false},"excerpt":{"rendered":"<p>Desde Arquitectura Para el P\u00fablico.<\/p>\n<p>(m\u00e1s&#8230;)<\/p>\n","protected":false},"author":2,"featured_media":0,"comment_status":"open","ping_status":"closed","sticky":false,"template":"","format":"standard","meta":{"om_disable_all_campaigns":false,"_monsterinsights_skip_tracking":false,"_monsterinsights_sitenote_active":false,"_monsterinsights_sitenote_note":"","_monsterinsights_sitenote_category":0,"_uf_show_specific_survey":0,"_uf_disable_surveys":false,"episode_type":"","audio_file":"","cover_image":"","cover_image_id":"","duration":"","filesize":"","date_recorded":"","explicit":"","block":"","filesize_raw":"","footnotes":""},"categories":[34,244],"tags":[4274,9,2676,2675],"series":[],"class_list":["post-10816","post","type-post","status-publish","format-standard","hentry","category-actualidad","category-canal-de-arquitectura","tag-actualidad","tag-arquitectura","tag-arquitectura-para-el-publico","tag-carlos-muriel"],"aioseo_notices":[],"episode_featured_image":false,"episode_player_image":"https:\/\/stepienybarno.es\/blog\/wp-content\/uploads\/2020\/11\/stepienybarno-podcast-scaled.jpg","download_link":"","player_link":"","audio_player":false,"episode_data":{"playerMode":"dark","subscribeUrls":[],"rssFeedUrl":"https:\/\/stepienybarno.es\/blog\/feed\/podcast\/podcast-de-stepienybarno","embedCode":"<blockquote class=\"wp-embedded-content\" data-secret=\"NPPSUB0ebW\"><a href=\"https:\/\/stepienybarno.es\/blog\/2013\/11\/07\/experiencia-y-arquitectura-2\/\">EXPERIENCIA Y ARQUITECTURA<\/a><\/blockquote><iframe sandbox=\"allow-scripts\" security=\"restricted\" src=\"https:\/\/stepienybarno.es\/blog\/2013\/11\/07\/experiencia-y-arquitectura-2\/embed\/#?secret=NPPSUB0ebW\" width=\"500\" height=\"350\" title=\"\u00abEXPERIENCIA Y ARQUITECTURA\u00bb \u2014 Blog de STEPIEN Y BARNO - publicaci\u00f3n digital sobre arquitectura\" data-secret=\"NPPSUB0ebW\" frameborder=\"0\" marginwidth=\"0\" marginheight=\"0\" scrolling=\"no\" class=\"wp-embedded-content\"><\/iframe><script type=\"text\/javascript\">\n\/* <![CDATA[ *\/\n\/*! This file is auto-generated *\/\n!function(d,l){\"use strict\";l.querySelector&&d.addEventListener&&\"undefined\"!=typeof URL&&(d.wp=d.wp||{},d.wp.receiveEmbedMessage||(d.wp.receiveEmbedMessage=function(e){var t=e.data;if((t||t.secret||t.message||t.value)&&!\/[^a-zA-Z0-9]\/.test(t.secret)){for(var s,r,n,a=l.querySelectorAll('iframe[data-secret=\"'+t.secret+'\"]'),o=l.querySelectorAll('blockquote[data-secret=\"'+t.secret+'\"]'),c=new RegExp(\"^https?:$\",\"i\"),i=0;i<o.length;i++)o[i].style.display=\"none\";for(i=0;i<a.length;i++)s=a[i],e.source===s.contentWindow&&(s.removeAttribute(\"style\"),\"height\"===t.message?(1e3<(r=parseInt(t.value,10))?r=1e3:~~r<200&&(r=200),s.height=r):\"link\"===t.message&&(r=new URL(s.getAttribute(\"src\")),n=new URL(t.value),c.test(n.protocol))&&n.host===r.host&&l.activeElement===s&&(d.top.location.href=t.value))}},d.addEventListener(\"message\",d.wp.receiveEmbedMessage,!1),l.addEventListener(\"DOMContentLoaded\",function(){for(var e,t,s=l.querySelectorAll(\"iframe.wp-embedded-content\"),r=0;r<s.length;r++)(t=(e=s[r]).getAttribute(\"data-secret\"))||(t=Math.random().toString(36).substring(2,12),e.src+=\"#?secret=\"+t,e.setAttribute(\"data-secret\",t)),e.contentWindow.postMessage({message:\"ready\",secret:t},\"*\")},!1)))}(window,document);\n\/* ]]> *\/\n<\/script>\n"},"_links":{"self":[{"href":"https:\/\/stepienybarno.es\/blog\/wp-json\/wp\/v2\/posts\/10816"}],"collection":[{"href":"https:\/\/stepienybarno.es\/blog\/wp-json\/wp\/v2\/posts"}],"about":[{"href":"https:\/\/stepienybarno.es\/blog\/wp-json\/wp\/v2\/types\/post"}],"author":[{"embeddable":true,"href":"https:\/\/stepienybarno.es\/blog\/wp-json\/wp\/v2\/users\/2"}],"replies":[{"embeddable":true,"href":"https:\/\/stepienybarno.es\/blog\/wp-json\/wp\/v2\/comments?post=10816"}],"version-history":[{"count":2,"href":"https:\/\/stepienybarno.es\/blog\/wp-json\/wp\/v2\/posts\/10816\/revisions"}],"predecessor-version":[{"id":10819,"href":"https:\/\/stepienybarno.es\/blog\/wp-json\/wp\/v2\/posts\/10816\/revisions\/10819"}],"wp:attachment":[{"href":"https:\/\/stepienybarno.es\/blog\/wp-json\/wp\/v2\/media?parent=10816"}],"wp:term":[{"taxonomy":"category","embeddable":true,"href":"https:\/\/stepienybarno.es\/blog\/wp-json\/wp\/v2\/categories?post=10816"},{"taxonomy":"post_tag","embeddable":true,"href":"https:\/\/stepienybarno.es\/blog\/wp-json\/wp\/v2\/tags?post=10816"},{"taxonomy":"series","embeddable":true,"href":"https:\/\/stepienybarno.es\/blog\/wp-json\/wp\/v2\/series?post=10816"}],"curies":[{"name":"wp","href":"https:\/\/api.w.org\/{rel}","templated":true}]}}