{"id":10990,"date":"2013-11-14T15:04:28","date_gmt":"2013-11-14T13:04:28","guid":{"rendered":"https:\/\/www.stepienybarno.es\/blog\/?p=10990"},"modified":"2013-11-14T15:04:28","modified_gmt":"2013-11-14T13:04:28","slug":"museo-de-semana-santa-en-hellin","status":"publish","type":"post","link":"https:\/\/stepienybarno.es\/blog\/2013\/11\/14\/museo-de-semana-santa-en-hellin\/","title":{"rendered":"MUSEO DE SEMANA SANTA EN HELL\u00cdN"},"content":{"rendered":"<p align=\"left\">\n<p align=\"center\"><a><img loading=\"lazy\" decoding=\"async\" class=\"alignnone size-full wp-image-10992\" title=\"Museo Semana Santa en Hell\u00edn -Albacete-Exit Architets_Stepienybarno\" src=\"https:\/\/stepienybarno.es\/blog\/wp-content\/uploads\/2013\/11\/Museo-Semana-Santa-en-Hell\u00edn-Albacete-Exit-Architets_Stepienybarno1.jpg\" alt=\"Museo Semana Santa en Hell\u00edn -Albacete-Exit Architets_Stepienybarno\" width=\"350\" height=\"325\" srcset=\"https:\/\/stepienybarno.es\/blog\/wp-content\/uploads\/2013\/11\/Museo-Semana-Santa-en-Hell\u00edn-Albacete-Exit-Architets_Stepienybarno1.jpg 350w, https:\/\/stepienybarno.es\/blog\/wp-content\/uploads\/2013\/11\/Museo-Semana-Santa-en-Hell\u00edn-Albacete-Exit-Architets_Stepienybarno1-180x167.jpg 180w, https:\/\/stepienybarno.es\/blog\/wp-content\/uploads\/2013\/11\/Museo-Semana-Santa-en-Hell\u00edn-Albacete-Exit-Architets_Stepienybarno1-316x293.jpg 316w\" sizes=\"(max-width: 350px) 100vw, 350px\" \/><\/a><\/p>\n<p align=\"left\">\n<p>Fue realizada por Exit Architects en Hell\u00edn, Albacete.<\/p>\n<p>Obra finalizada en el a\u00f1o 2011.<\/p>\n<p><!--more--><\/p>\n<p align=\"left\">\n<blockquote>\n<p align=\"left\">\u201c(\u2026) De la antigua casa del Conde, cuyo solar ocupa el Museo, se conserva la fachada principal, con sus pinturas restauradas, y su volumen demolido es transformado en luz, que inunda el espacio tamizada a trav\u00e9s de una piel de u-glas y tr\u00e1mex.\u201d<\/p>\n<p align=\"left\">\n<p align=\"left\"><a href=\"http:\/\/www.exit-architects.com\/02%20PROYECTOS\/ex20001hellin.html\">Acceder al proyecto.<\/a><\/p>\n<\/blockquote>\n<p align=\"left\">\n<p>* Si te apetece <strong>compartir este post<\/strong> en cualquier otro medio, estaremos encantados de que lo hagas.<\/p>\n<p align=\"left\">\n<p align=\"left\">Y si te gust\u00f3 la entrada, quiz\u00e1s quieras echar un ojo a nuestro Canal de arquitectura. <a href=\"https:\/\/stepienybarno.es\/blog\/category\/canal-de-arquitectura\/\">Acceder.<\/a><\/p>\n<p align=\"left\">\n<p align=\"left\">Art\u00edculo seleccionado por el Canal de arquitectura STEPIENYBARNO.<\/p>\n<p align=\"left\"><a href=\"http:\/\/www.linkedin.com\/company\/stepienybarno\">STEPIENYBARNO EN LINKEDIN<\/a><\/p>\n<p align=\"left\"><a href=\"http:\/\/twitter.com\/stepienybarno\/stepienybarno\">STEPIENYBARNO EN TWITTER<\/a><\/p>\n<p align=\"left\"><a href=\"https:\/\/www.facebook.com\/pages\/BLOG-DE-STEPIENYBARNO\/78001079029\">STEPIENYBARNO EN FACEBOOK<\/a><\/p>\n<p align=\"left\">\n<p align=\"left\">*Stepienybarno est\u00e1 formado por Agnieszka Stepien y Lorenzo Barn\u00f3 y desde mayo del 2009 estamos en la red con\u00a0 la presente publicaci\u00f3n digital (Blog) de arquitectura.<\/p>\n<p align=\"left\">Nuestra actividad se sustenta en tres pilares b\u00e1sicos: la investigaci\u00f3n, la publicaci\u00f3n (comunicaci\u00f3n y difusi\u00f3n) y la redacci\u00f3n de proyectos de arquitectura.<\/p>\n<p align=\"left\">A su vez, somos socios cofundadores de <a href=\"http:\/\/sinergiasostenible.org\/\">SINERGIA SOSTENIBLE<\/a> y redactores de <a href=\"http:\/\/www.laciudadviva.org\/blogs\/?author=45\">LA CIUDAD VIVA<\/a>.<\/p>\n<p align=\"left\">\n<p align=\"left\">* Los editores de esta publicaci\u00f3n digital no nos hacemos cargo de de los comentarios y\u00a0 conceptos vertidos en los textos firmados por otras personas, siendo \u00e9stos de responsabilidad exclusiva de sus autores.<\/p>\n<p>* Tu comentario pudiera ser moderado, por lo tanto, aunque aparezca inmediatamente al ser publicado en la entrada, los editores de esta publicaci\u00f3n digital nos reservamos el derecho tanto de editarlo (si fuera necesario, para hacerlo m\u00e1s legible) como de eliminarlo en el caso de que se usen expresiones incorrectas (descalificaciones, palabras malsonantes\u2026). A su vez, si quieres comentar desde el anonimato puedes hacerlo, aunque, nosotros personalmente, agradecemos que tod@s nos podamos identificar.<\/p>\n<p align=\"left\">\n<p align=\"left\">* Entrada editada en colaboraci\u00f3n con Uxua Dombl\u00e1s.<\/p>\n","protected":false},"excerpt":{"rendered":"<p>Fue realizada por Exit Architects en Hell\u00edn, Albacete. Obra finalizada<\/p>\n","protected":false},"author":2,"featured_media":0,"comment_status":"open","ping_status":"closed","sticky":false,"template":"","format":"standard","meta":{"om_disable_all_campaigns":false,"_monsterinsights_skip_tracking":false,"_monsterinsights_sitenote_active":false,"_monsterinsights_sitenote_note":"","_monsterinsights_sitenote_category":0,"_uf_show_specific_survey":0,"_uf_disable_surveys":false,"episode_type":"","audio_file":"","cover_image":"","cover_image_id":"","duration":"","filesize":"","date_recorded":"","explicit":"","block":"","filesize_raw":"","footnotes":""},"categories":[34,244],"tags":[2187],"series":[],"class_list":["post-10990","post","type-post","status-publish","format-standard","hentry","category-actualidad","category-canal-de-arquitectura","tag-exit-architects"],"aioseo_notices":[],"episode_featured_image":false,"episode_player_image":"https:\/\/stepienybarno.es\/blog\/wp-content\/uploads\/2020\/11\/stepienybarno-podcast-scaled.jpg","download_link":"","player_link":"","audio_player":false,"episode_data":{"playerMode":"dark","subscribeUrls":[],"rssFeedUrl":"https:\/\/stepienybarno.es\/blog\/feed\/podcast\/podcast-de-stepienybarno","embedCode":"<blockquote class=\"wp-embedded-content\" data-secret=\"cKhAc5RoVu\"><a href=\"https:\/\/stepienybarno.es\/blog\/2013\/11\/14\/museo-de-semana-santa-en-hellin\/\">MUSEO DE SEMANA SANTA EN HELL\u00cdN<\/a><\/blockquote><iframe sandbox=\"allow-scripts\" security=\"restricted\" src=\"https:\/\/stepienybarno.es\/blog\/2013\/11\/14\/museo-de-semana-santa-en-hellin\/embed\/#?secret=cKhAc5RoVu\" width=\"500\" height=\"350\" title=\"\u00abMUSEO DE SEMANA SANTA EN HELL\u00cdN\u00bb \u2014 Blog de STEPIEN Y BARNO - publicaci\u00f3n digital sobre arquitectura\" data-secret=\"cKhAc5RoVu\" frameborder=\"0\" marginwidth=\"0\" marginheight=\"0\" scrolling=\"no\" class=\"wp-embedded-content\"><\/iframe><script type=\"text\/javascript\">\n\/* <![CDATA[ *\/\n\/*! This file is auto-generated *\/\n!function(d,l){\"use strict\";l.querySelector&&d.addEventListener&&\"undefined\"!=typeof URL&&(d.wp=d.wp||{},d.wp.receiveEmbedMessage||(d.wp.receiveEmbedMessage=function(e){var t=e.data;if((t||t.secret||t.message||t.value)&&!\/[^a-zA-Z0-9]\/.test(t.secret)){for(var s,r,n,a=l.querySelectorAll('iframe[data-secret=\"'+t.secret+'\"]'),o=l.querySelectorAll('blockquote[data-secret=\"'+t.secret+'\"]'),c=new RegExp(\"^https?:$\",\"i\"),i=0;i<o.length;i++)o[i].style.display=\"none\";for(i=0;i<a.length;i++)s=a[i],e.source===s.contentWindow&&(s.removeAttribute(\"style\"),\"height\"===t.message?(1e3<(r=parseInt(t.value,10))?r=1e3:~~r<200&&(r=200),s.height=r):\"link\"===t.message&&(r=new URL(s.getAttribute(\"src\")),n=new URL(t.value),c.test(n.protocol))&&n.host===r.host&&l.activeElement===s&&(d.top.location.href=t.value))}},d.addEventListener(\"message\",d.wp.receiveEmbedMessage,!1),l.addEventListener(\"DOMContentLoaded\",function(){for(var e,t,s=l.querySelectorAll(\"iframe.wp-embedded-content\"),r=0;r<s.length;r++)(t=(e=s[r]).getAttribute(\"data-secret\"))||(t=Math.random().toString(36).substring(2,12),e.src+=\"#?secret=\"+t,e.setAttribute(\"data-secret\",t)),e.contentWindow.postMessage({message:\"ready\",secret:t},\"*\")},!1)))}(window,document);\n\/* ]]> *\/\n<\/script>\n"},"_links":{"self":[{"href":"https:\/\/stepienybarno.es\/blog\/wp-json\/wp\/v2\/posts\/10990"}],"collection":[{"href":"https:\/\/stepienybarno.es\/blog\/wp-json\/wp\/v2\/posts"}],"about":[{"href":"https:\/\/stepienybarno.es\/blog\/wp-json\/wp\/v2\/types\/post"}],"author":[{"embeddable":true,"href":"https:\/\/stepienybarno.es\/blog\/wp-json\/wp\/v2\/users\/2"}],"replies":[{"embeddable":true,"href":"https:\/\/stepienybarno.es\/blog\/wp-json\/wp\/v2\/comments?post=10990"}],"version-history":[{"count":2,"href":"https:\/\/stepienybarno.es\/blog\/wp-json\/wp\/v2\/posts\/10990\/revisions"}],"predecessor-version":[{"id":10994,"href":"https:\/\/stepienybarno.es\/blog\/wp-json\/wp\/v2\/posts\/10990\/revisions\/10994"}],"wp:attachment":[{"href":"https:\/\/stepienybarno.es\/blog\/wp-json\/wp\/v2\/media?parent=10990"}],"wp:term":[{"taxonomy":"category","embeddable":true,"href":"https:\/\/stepienybarno.es\/blog\/wp-json\/wp\/v2\/categories?post=10990"},{"taxonomy":"post_tag","embeddable":true,"href":"https:\/\/stepienybarno.es\/blog\/wp-json\/wp\/v2\/tags?post=10990"},{"taxonomy":"series","embeddable":true,"href":"https:\/\/stepienybarno.es\/blog\/wp-json\/wp\/v2\/series?post=10990"}],"curies":[{"name":"wp","href":"https:\/\/api.w.org\/{rel}","templated":true}]}}