{"id":11091,"date":"2013-11-20T14:13:03","date_gmt":"2013-11-20T12:13:03","guid":{"rendered":"https:\/\/www.stepienybarno.es\/blog\/?p=11091"},"modified":"2013-11-20T14:14:21","modified_gmt":"2013-11-20T12:14:21","slug":"dia-mundial-del-nino","status":"publish","type":"post","link":"https:\/\/stepienybarno.es\/blog\/2013\/11\/20\/dia-mundial-del-nino\/","title":{"rendered":"D\u00cdA MUNDIAL DEL NI\u00d1O"},"content":{"rendered":"<blockquote>\n<p align=\"left\">\n<p style=\"text-align: center;\"><a href=\"https:\/\/stepienybarno.es\/blog\/wp-content\/uploads\/2013\/11\/Javier-Echepare-arquitectura-y-ni\u00f1os-stepienybarno-0.-.jpg\"><img loading=\"lazy\" decoding=\"async\" class=\"alignnone size-full wp-image-11092\" title=\"Javier Echepare- arquitectura y ni\u00f1os-stepienybarno 0.\" src=\"https:\/\/stepienybarno.es\/blog\/wp-content\/uploads\/2013\/11\/Javier-Echepare-arquitectura-y-ni\u00f1os-stepienybarno-0.-.jpg\" alt=\"Javier Echepare- arquitectura y ni\u00f1os-stepienybarno 0.\" width=\"350\" height=\"231\" srcset=\"https:\/\/stepienybarno.es\/blog\/wp-content\/uploads\/2013\/11\/Javier-Echepare-arquitectura-y-ni\u00f1os-stepienybarno-0.-.jpg 350w, https:\/\/stepienybarno.es\/blog\/wp-content\/uploads\/2013\/11\/Javier-Echepare-arquitectura-y-ni\u00f1os-stepienybarno-0.--180x119.jpg 180w, https:\/\/stepienybarno.es\/blog\/wp-content\/uploads\/2013\/11\/Javier-Echepare-arquitectura-y-ni\u00f1os-stepienybarno-0.--316x209.jpg 316w\" sizes=\"(max-width: 350px) 100vw, 350px\" \/><\/a><\/p>\n<p align=\"left\">Aprovechando una cita tan se\u00f1alada, nos pasamos, al asalto, por el muro de fb de nuestro amigo Javier Echepare y le pillamos alguna de las im\u00e1genes que est\u00e1 compartiendo durante toda la ma\u00f1ana, bajo el t\u00edtulo \u201carquitectura y ni\u00f1os\u201d.<\/p>\n<p style=\"text-align: center;\"><!--more--><a href=\"https:\/\/stepienybarno.es\/blog\/wp-content\/uploads\/2013\/11\/Javier-Echepare-arquitectura-y-ni\u00f1os-stepienybarno-1.jpg\"><img loading=\"lazy\" decoding=\"async\" class=\"alignnone size-full wp-image-11093\" title=\"Javier Echepare- arquitectura y ni\u00f1os-stepienybarno 1\" src=\"https:\/\/stepienybarno.es\/blog\/wp-content\/uploads\/2013\/11\/Javier-Echepare-arquitectura-y-ni\u00f1os-stepienybarno-1.jpg\" alt=\"Javier Echepare- arquitectura y ni\u00f1os-stepienybarno 1\" width=\"500\" height=\"358\" srcset=\"https:\/\/stepienybarno.es\/blog\/wp-content\/uploads\/2013\/11\/Javier-Echepare-arquitectura-y-ni\u00f1os-stepienybarno-1.jpg 500w, https:\/\/stepienybarno.es\/blog\/wp-content\/uploads\/2013\/11\/Javier-Echepare-arquitectura-y-ni\u00f1os-stepienybarno-1-180x129.jpg 180w, https:\/\/stepienybarno.es\/blog\/wp-content\/uploads\/2013\/11\/Javier-Echepare-arquitectura-y-ni\u00f1os-stepienybarno-1-316x226.jpg 316w\" sizes=\"(max-width: 500px) 100vw, 500px\" \/><\/a><\/p>\n<p style=\"text-align: center;\"><a href=\"https:\/\/stepienybarno.es\/blog\/wp-content\/uploads\/2013\/11\/Javier-Echepare-arquitectura-y-ni\u00f1os-stepienybarno-2-.jpg\"><img loading=\"lazy\" decoding=\"async\" class=\"alignnone size-full wp-image-11094\" title=\"Javier Echepare- arquitectura y ni\u00f1os-stepienybarno 2\" src=\"https:\/\/stepienybarno.es\/blog\/wp-content\/uploads\/2013\/11\/Javier-Echepare-arquitectura-y-ni\u00f1os-stepienybarno-2-.jpg\" alt=\"Javier Echepare- arquitectura y ni\u00f1os-stepienybarno 2\" width=\"500\" height=\"358\" srcset=\"https:\/\/stepienybarno.es\/blog\/wp-content\/uploads\/2013\/11\/Javier-Echepare-arquitectura-y-ni\u00f1os-stepienybarno-2-.jpg 500w, https:\/\/stepienybarno.es\/blog\/wp-content\/uploads\/2013\/11\/Javier-Echepare-arquitectura-y-ni\u00f1os-stepienybarno-2--180x129.jpg 180w, https:\/\/stepienybarno.es\/blog\/wp-content\/uploads\/2013\/11\/Javier-Echepare-arquitectura-y-ni\u00f1os-stepienybarno-2--316x226.jpg 316w\" sizes=\"(max-width: 500px) 100vw, 500px\" \/><\/a><\/p>\n<p style=\"text-align: center;\"><a href=\"https:\/\/stepienybarno.es\/blog\/wp-content\/uploads\/2013\/11\/Javier-Echepare-arquitectura-y-ni\u00f1os-stepienybarno-3-.jpg\"><img loading=\"lazy\" decoding=\"async\" class=\"alignnone size-full wp-image-11095\" title=\"Javier Echepare- arquitectura y ni\u00f1os-stepienybarno 3\" src=\"https:\/\/stepienybarno.es\/blog\/wp-content\/uploads\/2013\/11\/Javier-Echepare-arquitectura-y-ni\u00f1os-stepienybarno-3-.jpg\" alt=\"Javier Echepare- arquitectura y ni\u00f1os-stepienybarno 3\" width=\"500\" height=\"441\" srcset=\"https:\/\/stepienybarno.es\/blog\/wp-content\/uploads\/2013\/11\/Javier-Echepare-arquitectura-y-ni\u00f1os-stepienybarno-3-.jpg 500w, https:\/\/stepienybarno.es\/blog\/wp-content\/uploads\/2013\/11\/Javier-Echepare-arquitectura-y-ni\u00f1os-stepienybarno-3--180x159.jpg 180w, https:\/\/stepienybarno.es\/blog\/wp-content\/uploads\/2013\/11\/Javier-Echepare-arquitectura-y-ni\u00f1os-stepienybarno-3--316x279.jpg 316w\" sizes=\"(max-width: 500px) 100vw, 500px\" \/><\/a><\/p>\n<p style=\"text-align: center;\"><a href=\"https:\/\/stepienybarno.es\/blog\/wp-content\/uploads\/2013\/11\/Javier-Echepare-arquitectura-y-ni\u00f1os-stepienybarno-4-.jpg\"><img loading=\"lazy\" decoding=\"async\" class=\"alignnone size-full wp-image-11096\" title=\"Javier Echepare- arquitectura y ni\u00f1os-stepienybarno 4\" src=\"https:\/\/stepienybarno.es\/blog\/wp-content\/uploads\/2013\/11\/Javier-Echepare-arquitectura-y-ni\u00f1os-stepienybarno-4-.jpg\" alt=\"Javier Echepare- arquitectura y ni\u00f1os-stepienybarno 4\" width=\"500\" height=\"328\" srcset=\"https:\/\/stepienybarno.es\/blog\/wp-content\/uploads\/2013\/11\/Javier-Echepare-arquitectura-y-ni\u00f1os-stepienybarno-4-.jpg 500w, https:\/\/stepienybarno.es\/blog\/wp-content\/uploads\/2013\/11\/Javier-Echepare-arquitectura-y-ni\u00f1os-stepienybarno-4--180x118.jpg 180w, https:\/\/stepienybarno.es\/blog\/wp-content\/uploads\/2013\/11\/Javier-Echepare-arquitectura-y-ni\u00f1os-stepienybarno-4--316x207.jpg 316w\" sizes=\"(max-width: 500px) 100vw, 500px\" \/><\/a><\/p>\n<p style=\"text-align: center;\"><span style=\"color: #333333;\"><a href=\"https:\/\/www.facebook.com\/javier.echepare.7\">Acceder al facebook de Javier Echepare<\/a><\/span><\/p>\n<p align=\"left\">\n<\/blockquote>\n<p align=\"left\">Noticia seleccionada por el Canal de arquitectura STEPIENYBARNO.<\/p>\n<p align=\"left\"><a href=\"http:\/\/www.linkedin.com\/company\/stepienybarno\">STEPIENYBARNO EN LINKEDIN<\/a><\/p>\n<p align=\"left\"><a href=\"http:\/\/twitter.com\/stepienybarno\/stepienybarno\">STEPIENYBARNO EN TWITTER<\/a><\/p>\n<p align=\"left\"><a href=\"https:\/\/www.facebook.com\/pages\/BLOG-DE-STEPIENYBARNO\/78001079029\">STEPIENYBARNO EN FACEBOOK<\/a><\/p>\n<p align=\"left\">\n<p align=\"left\">*Stepienybarno est\u00e1 formado por Agnieszka Stepien y Lorenzo Barn\u00f3 y desde mayo del 2009 estamos en la red con\u00a0 la presente publicaci\u00f3n digital (Blog) de arquitectura.<\/p>\n<p align=\"left\">Nuestra actividad se sustenta en tres pilares b\u00e1sicos: la investigaci\u00f3n, la publicaci\u00f3n (comunicaci\u00f3n y difusi\u00f3n) y la redacci\u00f3n de proyectos de arquitectura.<\/p>\n<p align=\"left\">A su vez, somos socios cofundadores de <a href=\"http:\/\/sinergiasostenible.org\/\">SINERGIA SOSTENIBLE<\/a> y redactores de <a href=\"http:\/\/www.laciudadviva.org\/blogs\/?author=45\">LA CIUDAD VIVA<\/a>.<\/p>\n<p align=\"left\">\n<p align=\"left\">* Los editores de esta publicaci\u00f3n digital no nos hacemos cargo de de los comentarios y\u00a0 conceptos vertidos en los textos firmados por otras personas, siendo \u00e9stos de responsabilidad exclusiva de sus autores.<\/p>\n<p align=\"left\">\n<p align=\"left\">* Tu comentario podr\u00e1 ser moderado, por lo tanto, aunque aparezca inmediatamente al ser publicado en la entrada, los editores de esta publicaci\u00f3n digital nos reservamos el derecho tanto de editarlo (si fuera necesario, para hacerlo m\u00e1s legible) como de eliminarlo en el caso de que se usen expresiones incorrectas (descalificaciones, palabras malsonantes\u2026). A su vez, si quieres comentar desde el anonimato puedes hacerlo, aunque, nosotros personalmente, agradecemos que tod@s nos podamos identificar.<\/p>\n","protected":false},"excerpt":{"rendered":"<p>Aprovechando una cita tan se\u00f1alada, nos pasamos, al asalto, por el muro de fb de nuestro amigo Javier Echepare y le pillamos alguna de las im\u00e1genes que est\u00e1 compartiendo durante toda la ma\u00f1ana, bajo el t\u00edtulo \u201carquitectura y ni\u00f1os\u201d.<\/p>\n<p>(m\u00e1s&#8230;)<\/p>\n","protected":false},"author":2,"featured_media":0,"comment_status":"open","ping_status":"closed","sticky":false,"template":"","format":"standard","meta":{"om_disable_all_campaigns":false,"_monsterinsights_skip_tracking":false,"_monsterinsights_sitenote_active":false,"_monsterinsights_sitenote_note":"","_monsterinsights_sitenote_category":0,"_uf_show_specific_survey":0,"_uf_disable_surveys":false,"episode_type":"","audio_file":"","cover_image":"","cover_image_id":"","duration":"","filesize":"","date_recorded":"","explicit":"","block":"","filesize_raw":"","footnotes":""},"categories":[34,244],"tags":[4274,9,2219],"series":[],"class_list":["post-11091","post","type-post","status-publish","format-standard","hentry","category-actualidad","category-canal-de-arquitectura","tag-actualidad","tag-arquitectura","tag-javier-echepare"],"aioseo_notices":[],"episode_featured_image":false,"episode_player_image":"https:\/\/stepienybarno.es\/blog\/wp-content\/uploads\/2020\/11\/stepienybarno-podcast-scaled.jpg","download_link":"","player_link":"","audio_player":false,"episode_data":{"playerMode":"dark","subscribeUrls":[],"rssFeedUrl":"https:\/\/stepienybarno.es\/blog\/feed\/podcast\/podcast-de-stepienybarno","embedCode":"<blockquote class=\"wp-embedded-content\" data-secret=\"KypBuyGoRq\"><a href=\"https:\/\/stepienybarno.es\/blog\/2013\/11\/20\/dia-mundial-del-nino\/\">D\u00cdA MUNDIAL DEL NI\u00d1O<\/a><\/blockquote><iframe sandbox=\"allow-scripts\" security=\"restricted\" src=\"https:\/\/stepienybarno.es\/blog\/2013\/11\/20\/dia-mundial-del-nino\/embed\/#?secret=KypBuyGoRq\" width=\"500\" height=\"350\" title=\"\u00abD\u00cdA MUNDIAL DEL NI\u00d1O\u00bb \u2014 Blog de STEPIEN Y BARNO - publicaci\u00f3n digital sobre arquitectura\" data-secret=\"KypBuyGoRq\" frameborder=\"0\" marginwidth=\"0\" marginheight=\"0\" scrolling=\"no\" class=\"wp-embedded-content\"><\/iframe><script type=\"text\/javascript\">\n\/* <![CDATA[ *\/\n\/*! This file is auto-generated *\/\n!function(d,l){\"use strict\";l.querySelector&&d.addEventListener&&\"undefined\"!=typeof URL&&(d.wp=d.wp||{},d.wp.receiveEmbedMessage||(d.wp.receiveEmbedMessage=function(e){var t=e.data;if((t||t.secret||t.message||t.value)&&!\/[^a-zA-Z0-9]\/.test(t.secret)){for(var s,r,n,a=l.querySelectorAll('iframe[data-secret=\"'+t.secret+'\"]'),o=l.querySelectorAll('blockquote[data-secret=\"'+t.secret+'\"]'),c=new RegExp(\"^https?:$\",\"i\"),i=0;i<o.length;i++)o[i].style.display=\"none\";for(i=0;i<a.length;i++)s=a[i],e.source===s.contentWindow&&(s.removeAttribute(\"style\"),\"height\"===t.message?(1e3<(r=parseInt(t.value,10))?r=1e3:~~r<200&&(r=200),s.height=r):\"link\"===t.message&&(r=new URL(s.getAttribute(\"src\")),n=new URL(t.value),c.test(n.protocol))&&n.host===r.host&&l.activeElement===s&&(d.top.location.href=t.value))}},d.addEventListener(\"message\",d.wp.receiveEmbedMessage,!1),l.addEventListener(\"DOMContentLoaded\",function(){for(var e,t,s=l.querySelectorAll(\"iframe.wp-embedded-content\"),r=0;r<s.length;r++)(t=(e=s[r]).getAttribute(\"data-secret\"))||(t=Math.random().toString(36).substring(2,12),e.src+=\"#?secret=\"+t,e.setAttribute(\"data-secret\",t)),e.contentWindow.postMessage({message:\"ready\",secret:t},\"*\")},!1)))}(window,document);\n\/* ]]> *\/\n<\/script>\n"},"_links":{"self":[{"href":"https:\/\/stepienybarno.es\/blog\/wp-json\/wp\/v2\/posts\/11091"}],"collection":[{"href":"https:\/\/stepienybarno.es\/blog\/wp-json\/wp\/v2\/posts"}],"about":[{"href":"https:\/\/stepienybarno.es\/blog\/wp-json\/wp\/v2\/types\/post"}],"author":[{"embeddable":true,"href":"https:\/\/stepienybarno.es\/blog\/wp-json\/wp\/v2\/users\/2"}],"replies":[{"embeddable":true,"href":"https:\/\/stepienybarno.es\/blog\/wp-json\/wp\/v2\/comments?post=11091"}],"version-history":[{"count":4,"href":"https:\/\/stepienybarno.es\/blog\/wp-json\/wp\/v2\/posts\/11091\/revisions"}],"predecessor-version":[{"id":11100,"href":"https:\/\/stepienybarno.es\/blog\/wp-json\/wp\/v2\/posts\/11091\/revisions\/11100"}],"wp:attachment":[{"href":"https:\/\/stepienybarno.es\/blog\/wp-json\/wp\/v2\/media?parent=11091"}],"wp:term":[{"taxonomy":"category","embeddable":true,"href":"https:\/\/stepienybarno.es\/blog\/wp-json\/wp\/v2\/categories?post=11091"},{"taxonomy":"post_tag","embeddable":true,"href":"https:\/\/stepienybarno.es\/blog\/wp-json\/wp\/v2\/tags?post=11091"},{"taxonomy":"series","embeddable":true,"href":"https:\/\/stepienybarno.es\/blog\/wp-json\/wp\/v2\/series?post=11091"}],"curies":[{"name":"wp","href":"https:\/\/api.w.org\/{rel}","templated":true}]}}