{"id":11281,"date":"2013-11-26T14:47:17","date_gmt":"2013-11-26T12:47:17","guid":{"rendered":"https:\/\/www.stepienybarno.es\/blog\/?p=11281"},"modified":"2013-11-26T14:47:17","modified_gmt":"2013-11-26T12:47:17","slug":"casa-para-pau-rocio","status":"publish","type":"post","link":"https:\/\/stepienybarno.es\/blog\/2013\/11\/26\/casa-para-pau-rocio\/","title":{"rendered":"CASA PARA PAU &#038; ROCIO"},"content":{"rendered":"<p align=\"left\">\n<p style=\"text-align: center;\"><a href=\"https:\/\/stepienybarno.es\/blog\/wp-content\/uploads\/2013\/11\/Arnau-Ti\u00f1ena-Ramos-_stepienybarno-.jpg\"><img loading=\"lazy\" decoding=\"async\" class=\"alignnone size-medium wp-image-11282\" title=\"Arnau Ti\u00f1ena Ramos _stepienybarno\" src=\"https:\/\/stepienybarno.es\/blog\/wp-content\/uploads\/2013\/11\/Arnau-Ti\u00f1ena-Ramos-_stepienybarno--350x171.jpg\" alt=\"Arnau Ti\u00f1ena Ramos _stepienybarno\" width=\"350\" height=\"171\" \/><\/a><\/p>\n<p align=\"left\">Por <a href=\"http:\/\/fundacion.arquia.es\/proxima\/pub_arquitecto_detalle.aspx?id=1897\">Arnau Ti\u00f1ena Ramos<\/a><\/p>\n<p align=\"left\"><!--more--><\/p>\n<p align=\"left\">\n<blockquote>\n<p align=\"left\">\u201c(\u2026) \u00a0Con los m\u00ednimos recursos econ\u00f3micos y energ\u00e9ticos posibles, se propone una estructura org\u00e1nica de crecimiento controlado mediante franjas de programa que sea capaz de crecer y adaptarse.<\/p>\n<p align=\"left\">Una casa arraigada al territorio pero a la vez flexible y transformable, preparada para absorber los cambios familiares a lo largo\u00a0del\u00a0tiempo.<\/p>\n<p align=\"left\">Botarell tiene una \u00edntima relaci\u00f3n con los campos de cultivo adyacentes. Situado a los pies de la sierra de Prades, la morfolog\u00eda urbana de esta poblaci\u00f3n presenta unos l\u00edmites muy difusos con el campo, tradicionalmente dedicado al cultivo de la vid, las almendras, las avellanas y los olivos. Un paisaje de secano caluroso y poco h\u00famedo, con una luz intensa que confiere una atm\u00f3sfera parecida a la de las pinturas let\u00e1rgicas de De Chirico.<\/p>\n<p align=\"left\">Esta casa se construye en una parcela plana con vecinos a ambos lados situada en el l\u00edmite entre un ensanche moderno y el campo abierto, de manera que se entiende visualmente\u00a0como\u00a0una continuidad\u00a0del\u00a0paisaje agr\u00edcola.<\/p>\n<p align=\"left\">La estrategia de organizaci\u00f3n de la vivienda surge de la reactivaci\u00f3n de la estructura geom\u00e9trica latente de los campos de cultivo, pensados\u00a0como\u00a0eficientes sistemas de bandas paralelas. El proyecto se piensa\u00a0como\u00a0un dispositivo que nace de un orden paisaj\u00edstico ancestral que ha organizado el territorio desde su primera culturizaci\u00f3n.<\/p>\n<p align=\"left\">El paisaje\u00a0como\u00a0herramienta de proyecto.\u201d<\/p>\n<\/blockquote>\n<p align=\"left\"><a href=\"http:\/\/fundacion.arquia.es\/proxima\/pub_realizacion_detalle.aspx?id=5427\"><\/a><\/p>\n<blockquote>\n<p align=\"left\"><a href=\"http:\/\/fundacion.arquia.es\/proxima\/pub_realizacion_detalle.aspx?id=5427\">Acceder a la informaci\u00f3n<\/a><\/p>\n<p align=\"left\">\n<p align=\"left\">M\u00e1s, <a href=\"http:\/\/translacions.blogspot.com.es\/2013\/06\/casa-per-al-pau-rocio-house-for-pau.html\">aqu\u00ed.<\/a><\/p>\n<\/blockquote>\n<p align=\"left\">\n<p align=\"left\">\n<p align=\"left\">Noticia seleccionada por el Canal de arquitectura STEPIENYBARNO.<\/p>\n<p align=\"left\"><a href=\"http:\/\/www.linkedin.com\/company\/stepienybarno\">STEPIENYBARNO EN LINKEDIN<\/a><\/p>\n<p align=\"left\"><a href=\"http:\/\/twitter.com\/stepienybarno\/stepienybarno\">STEPIENYBARNO EN TWITTER<\/a><\/p>\n<p align=\"left\"><a href=\"https:\/\/www.facebook.com\/pages\/BLOG-DE-STEPIENYBARNO\/78001079029\">STEPIENYBARNO EN FACEBOOK<\/a><\/p>\n<p align=\"left\">\n<p align=\"left\">*Stepienybarno est\u00e1 formado por Agnieszka Stepien y Lorenzo Barn\u00f3 y desde mayo del 2009 estamos en la red con\u00a0 la presente publicaci\u00f3n digital (Blog) de arquitectura.<\/p>\n<p align=\"left\">Nuestra actividad se sustenta en tres pilares b\u00e1sicos: la investigaci\u00f3n, la publicaci\u00f3n (comunicaci\u00f3n y difusi\u00f3n) y la redacci\u00f3n de proyectos de arquitectura.<\/p>\n<p align=\"left\">A su vez, somos socios cofundadores de <a href=\"http:\/\/sinergiasostenible.org\/\">SINERGIA SOSTENIBLE<\/a> y redactores de <a href=\"http:\/\/www.laciudadviva.org\/blogs\/?author=45\">LA CIUDAD VIVA<\/a>.<\/p>\n<p align=\"left\">\n<p align=\"left\">* Los editores de esta publicaci\u00f3n digital no nos hacemos cargo de de los comentarios y\u00a0 conceptos vertidos en los textos firmados por otras personas, siendo \u00e9stos de responsabilidad exclusiva de sus autores.<\/p>\n<p align=\"left\">\n<p align=\"left\">* Tu comentario podr\u00e1 ser moderado, por lo tanto, aunque aparezca inmediatamente al ser publicado en la entrada, los editores de esta publicaci\u00f3n digital nos reservamos el derecho tanto de editarlo (si fuera necesario, para hacerlo m\u00e1s legible) como de eliminarlo en el caso de que se usen expresiones incorrectas (descalificaciones, palabras malsonantes\u2026). A su vez, si quieres comentar desde el anonimato puedes hacerlo, aunque, nosotros personalmente, agradecemos que tod@s nos podamos identificar.<\/p>\n","protected":false},"excerpt":{"rendered":"<p>Por Arnau Ti\u00f1ena Ramos<\/p>\n<p>(m\u00e1s&#8230;)<\/p>\n","protected":false},"author":2,"featured_media":0,"comment_status":"open","ping_status":"closed","sticky":false,"template":"","format":"standard","meta":{"om_disable_all_campaigns":false,"_monsterinsights_skip_tracking":false,"_monsterinsights_sitenote_active":false,"_monsterinsights_sitenote_note":"","_monsterinsights_sitenote_category":0,"_uf_show_specific_survey":0,"_uf_disable_surveys":false,"episode_type":"","audio_file":"","cover_image":"","cover_image_id":"","duration":"","filesize":"","date_recorded":"","explicit":"","block":"","filesize_raw":"","footnotes":""},"categories":[34,244],"tags":[4274,2708,9],"series":[],"class_list":["post-11281","post","type-post","status-publish","format-standard","hentry","category-actualidad","category-canal-de-arquitectura","tag-actualidad","tag-arnau-tinena-ramos","tag-arquitectura"],"aioseo_notices":[],"episode_featured_image":false,"episode_player_image":"https:\/\/stepienybarno.es\/blog\/wp-content\/uploads\/2020\/11\/stepienybarno-podcast-scaled.jpg","download_link":"","player_link":"","audio_player":false,"episode_data":{"playerMode":"dark","subscribeUrls":[],"rssFeedUrl":"https:\/\/stepienybarno.es\/blog\/feed\/podcast\/podcast-de-stepienybarno","embedCode":"<blockquote class=\"wp-embedded-content\" data-secret=\"ZU8cKXcFPU\"><a href=\"https:\/\/stepienybarno.es\/blog\/2013\/11\/26\/casa-para-pau-rocio\/\">CASA PARA PAU &#038; ROCIO<\/a><\/blockquote><iframe sandbox=\"allow-scripts\" security=\"restricted\" src=\"https:\/\/stepienybarno.es\/blog\/2013\/11\/26\/casa-para-pau-rocio\/embed\/#?secret=ZU8cKXcFPU\" width=\"500\" height=\"350\" title=\"\u00abCASA PARA PAU &#038; ROCIO\u00bb \u2014 Blog de STEPIEN Y BARNO - publicaci\u00f3n digital sobre arquitectura\" data-secret=\"ZU8cKXcFPU\" frameborder=\"0\" marginwidth=\"0\" marginheight=\"0\" scrolling=\"no\" class=\"wp-embedded-content\"><\/iframe><script type=\"text\/javascript\">\n\/* <![CDATA[ *\/\n\/*! This file is auto-generated *\/\n!function(d,l){\"use strict\";l.querySelector&&d.addEventListener&&\"undefined\"!=typeof URL&&(d.wp=d.wp||{},d.wp.receiveEmbedMessage||(d.wp.receiveEmbedMessage=function(e){var t=e.data;if((t||t.secret||t.message||t.value)&&!\/[^a-zA-Z0-9]\/.test(t.secret)){for(var s,r,n,a=l.querySelectorAll('iframe[data-secret=\"'+t.secret+'\"]'),o=l.querySelectorAll('blockquote[data-secret=\"'+t.secret+'\"]'),c=new RegExp(\"^https?:$\",\"i\"),i=0;i<o.length;i++)o[i].style.display=\"none\";for(i=0;i<a.length;i++)s=a[i],e.source===s.contentWindow&&(s.removeAttribute(\"style\"),\"height\"===t.message?(1e3<(r=parseInt(t.value,10))?r=1e3:~~r<200&&(r=200),s.height=r):\"link\"===t.message&&(r=new URL(s.getAttribute(\"src\")),n=new URL(t.value),c.test(n.protocol))&&n.host===r.host&&l.activeElement===s&&(d.top.location.href=t.value))}},d.addEventListener(\"message\",d.wp.receiveEmbedMessage,!1),l.addEventListener(\"DOMContentLoaded\",function(){for(var e,t,s=l.querySelectorAll(\"iframe.wp-embedded-content\"),r=0;r<s.length;r++)(t=(e=s[r]).getAttribute(\"data-secret\"))||(t=Math.random().toString(36).substring(2,12),e.src+=\"#?secret=\"+t,e.setAttribute(\"data-secret\",t)),e.contentWindow.postMessage({message:\"ready\",secret:t},\"*\")},!1)))}(window,document);\n\/* ]]> *\/\n<\/script>\n"},"_links":{"self":[{"href":"https:\/\/stepienybarno.es\/blog\/wp-json\/wp\/v2\/posts\/11281"}],"collection":[{"href":"https:\/\/stepienybarno.es\/blog\/wp-json\/wp\/v2\/posts"}],"about":[{"href":"https:\/\/stepienybarno.es\/blog\/wp-json\/wp\/v2\/types\/post"}],"author":[{"embeddable":true,"href":"https:\/\/stepienybarno.es\/blog\/wp-json\/wp\/v2\/users\/2"}],"replies":[{"embeddable":true,"href":"https:\/\/stepienybarno.es\/blog\/wp-json\/wp\/v2\/comments?post=11281"}],"version-history":[{"count":2,"href":"https:\/\/stepienybarno.es\/blog\/wp-json\/wp\/v2\/posts\/11281\/revisions"}],"predecessor-version":[{"id":11284,"href":"https:\/\/stepienybarno.es\/blog\/wp-json\/wp\/v2\/posts\/11281\/revisions\/11284"}],"wp:attachment":[{"href":"https:\/\/stepienybarno.es\/blog\/wp-json\/wp\/v2\/media?parent=11281"}],"wp:term":[{"taxonomy":"category","embeddable":true,"href":"https:\/\/stepienybarno.es\/blog\/wp-json\/wp\/v2\/categories?post=11281"},{"taxonomy":"post_tag","embeddable":true,"href":"https:\/\/stepienybarno.es\/blog\/wp-json\/wp\/v2\/tags?post=11281"},{"taxonomy":"series","embeddable":true,"href":"https:\/\/stepienybarno.es\/blog\/wp-json\/wp\/v2\/series?post=11281"}],"curies":[{"name":"wp","href":"https:\/\/api.w.org\/{rel}","templated":true}]}}