{"id":11455,"date":"2013-12-05T21:34:13","date_gmt":"2013-12-05T19:34:13","guid":{"rendered":"https:\/\/www.stepienybarno.es\/blog\/?p=11455"},"modified":"2013-12-05T21:34:58","modified_gmt":"2013-12-05T19:34:58","slug":"un-aseo-con-vistas","status":"publish","type":"post","link":"https:\/\/stepienybarno.es\/blog\/2013\/12\/05\/un-aseo-con-vistas\/","title":{"rendered":"UN ASEO CON VISTAS"},"content":{"rendered":"<p style=\"text-align: center;\"><a href=\"https:\/\/stepienybarno.es\/blog\/wp-content\/uploads\/2013\/12\/0.1-Quadraturaarquitectos.com-Hern\u00e1ndez-Silva-Arquitectos-stepienybarno-.jpg\"><img loading=\"lazy\" decoding=\"async\" class=\"alignnone size-medium wp-image-11456\" title=\"0.1 Quadraturaarquitectos.com-Hern\u00e1ndez Silva Arquitectos-stepienybarno\" src=\"https:\/\/stepienybarno.es\/blog\/wp-content\/uploads\/2013\/12\/0.1-Quadraturaarquitectos.com-Hern\u00e1ndez-Silva-Arquitectos-stepienybarno--350x233.jpg\" alt=\"0.1 Quadraturaarquitectos.com-Hern\u00e1ndez Silva Arquitectos-stepienybarno\" width=\"350\" height=\"233\" \/><\/a><\/p>\n<p align=\"left\">Desde Quadraturaarquitectos.com<\/p>\n<p align=\"left\"><strong>Arquitectos: <a href=\"http:\/\/www.hernandezsilva.com.mx\/\" target=\"_blank\"><strong>Hern\u00e1ndez Silva Arquitectos<\/strong><\/a><\/strong><\/p>\n<p align=\"left\"><strong><strong><!--more--><br \/>\n<\/strong><\/strong><\/p>\n<p align=\"left\">\n<blockquote>\n<p align=\"left\">\u201c(\u2026) El dise\u00f1o es obra del estudio de Arquitectura con sede en M\u00e9xico <strong><a href=\"http:\/\/www.hernandezsilva.com.mx\/\" target=\"_blank\">Hern\u00e1ndez Silva Arquitectos<\/a><\/strong>, que han realizado el Proyecto de este \u00e1tico PPDG en un edificio colonial de los a\u00f1os 70, en Guadalajara, M\u00e9xico. Una obra resuelta con la profesionalidad que nos tiene acostumbrados este estudio mexicano, en la que destaca por encima de todo el arriesgado dise\u00f1o de este aseo.\u201d<\/p>\n<p align=\"left\">\n<p style=\"text-align: center;\">\n<p style=\"text-align: center;\"><a href=\"https:\/\/stepienybarno.es\/blog\/wp-content\/uploads\/2013\/12\/0.-Quadraturaarquitectos.com-Hern\u00e1ndez-Silva-Arquitectos-stepienybarno-.jpg\"><img loading=\"lazy\" decoding=\"async\" class=\"alignnone size-large wp-image-11457\" title=\"0. Quadraturaarquitectos.com-Hern\u00e1ndez Silva Arquitectos-stepienybarno\" src=\"https:\/\/stepienybarno.es\/blog\/wp-content\/uploads\/2013\/12\/0.-Quadraturaarquitectos.com-Hern\u00e1ndez-Silva-Arquitectos-stepienybarno--466x700.jpg\" alt=\"0. Quadraturaarquitectos.com-Hern\u00e1ndez Silva Arquitectos-stepienybarno\" width=\"466\" height=\"700\" srcset=\"https:\/\/stepienybarno.es\/blog\/wp-content\/uploads\/2013\/12\/0.-Quadraturaarquitectos.com-Hern\u00e1ndez-Silva-Arquitectos-stepienybarno--466x700.jpg 466w, https:\/\/stepienybarno.es\/blog\/wp-content\/uploads\/2013\/12\/0.-Quadraturaarquitectos.com-Hern\u00e1ndez-Silva-Arquitectos-stepienybarno--120x180.jpg 120w, https:\/\/stepienybarno.es\/blog\/wp-content\/uploads\/2013\/12\/0.-Quadraturaarquitectos.com-Hern\u00e1ndez-Silva-Arquitectos-stepienybarno--366x550.jpg 366w, https:\/\/stepienybarno.es\/blog\/wp-content\/uploads\/2013\/12\/0.-Quadraturaarquitectos.com-Hern\u00e1ndez-Silva-Arquitectos-stepienybarno--224x336.jpg 224w, https:\/\/stepienybarno.es\/blog\/wp-content\/uploads\/2013\/12\/0.-Quadraturaarquitectos.com-Hern\u00e1ndez-Silva-Arquitectos-stepienybarno--267x400.jpg 267w, https:\/\/stepienybarno.es\/blog\/wp-content\/uploads\/2013\/12\/0.-Quadraturaarquitectos.com-Hern\u00e1ndez-Silva-Arquitectos-stepienybarno-.jpg 635w\" sizes=\"(max-width: 466px) 100vw, 466px\" \/><\/a><\/p>\n<p align=\"left\">\n<p style=\"text-align: center;\"><a href=\"http:\/\/www.quadraturaarquitectos.com\/blog\/index.php\/2013\/01\/un-aseo-con-vistas\/#more-4662\">Acceder a la noticia.<\/a><\/p>\n<\/blockquote>\n<p align=\"left\">Noticia seleccionada por el Canal de arquitectura STEPIENYBARNO.<\/p>\n<p align=\"left\"><a href=\"http:\/\/www.linkedin.com\/company\/stepienybarno\">STEPIENYBARNO EN LINKEDIN<\/a><\/p>\n<p align=\"left\"><a href=\"http:\/\/twitter.com\/stepienybarno\/stepienybarno\">STEPIENYBARNO EN TWITTER<\/a><\/p>\n<p align=\"left\"><a href=\"https:\/\/www.facebook.com\/pages\/BLOG-DE-STEPIENYBARNO\/78001079029\">STEPIENYBARNO EN FACEBOOK<\/a><\/p>\n<p align=\"left\">\n<p align=\"left\">*Stepienybarno est\u00e1 formado por Agnieszka Stepien y Lorenzo Barn\u00f3 y desde mayo del 2009 estamos en la red con\u00a0 la presente publicaci\u00f3n digital (Blog) de arquitectura.<\/p>\n<p align=\"left\">Nuestra actividad se sustenta en tres pilares b\u00e1sicos: la investigaci\u00f3n, la publicaci\u00f3n (comunicaci\u00f3n y difusi\u00f3n) y la redacci\u00f3n de proyectos de arquitectura.<\/p>\n<p align=\"left\">A su vez, somos socios cofundadores de <a href=\"http:\/\/sinergiasostenible.org\/\">SINERGIA SOSTENIBLE<\/a> y redactores de <a href=\"http:\/\/www.laciudadviva.org\/blogs\/?author=45\">LA CIUDAD VIVA<\/a>.<\/p>\n<p align=\"left\">\n<p align=\"left\">* Los editores de esta publicaci\u00f3n digital no nos hacemos cargo de de los comentarios y\u00a0 conceptos vertidos en los textos firmados por otras personas, siendo \u00e9stos de responsabilidad exclusiva de sus autores.<\/p>\n<p align=\"left\">\n<p align=\"left\">* Tu comentario podr\u00e1 ser moderado, por lo tanto, aunque aparezca inmediatamente al ser publicado en la entrada, los editores de esta publicaci\u00f3n digital nos reservamos el derecho tanto de editarlo (si fuera necesario, para hacerlo m\u00e1s legible) como de eliminarlo en el caso de que se usen expresiones incorrectas (descalificaciones, palabras malsonantes\u2026). A su vez, si quieres comentar desde el anonimato puedes hacerlo, aunque, nosotros personalmente, agradecemos que tod@s nos podamos identificar.<\/p>\n<p align=\"left\"><a href=\"https:\/\/stepienybarno.es\/blog\/wp-content\/uploads\/2013\/12\/0.1-Quadraturaarquitectos.com-Hern\u00e1ndez-Silva-Arquitectos-stepienybarno-1.jpg\"><img loading=\"lazy\" decoding=\"async\" class=\"alignnone size-medium wp-image-11459\" title=\"0.1 Quadraturaarquitectos.com-Hern\u00e1ndez Silva Arquitectos-stepienybarno\" src=\"https:\/\/stepienybarno.es\/blog\/wp-content\/uploads\/2013\/12\/0.1-Quadraturaarquitectos.com-Hern\u00e1ndez-Silva-Arquitectos-stepienybarno-1-350x233.jpg\" alt=\"0.1 Quadraturaarquitectos.com-Hern\u00e1ndez Silva Arquitectos-stepienybarno\" width=\"350\" height=\"233\" \/><\/a><\/p>\n","protected":false},"excerpt":{"rendered":"<p>Desde Quadraturaarquitectos.com Arquitectos: Hern\u00e1ndez Silva Arquitectos<\/p>\n","protected":false},"author":2,"featured_media":0,"comment_status":"open","ping_status":"closed","sticky":false,"template":"","format":"standard","meta":{"om_disable_all_campaigns":false,"_monsterinsights_skip_tracking":false,"_monsterinsights_sitenote_active":false,"_monsterinsights_sitenote_note":"","_monsterinsights_sitenote_category":0,"_uf_show_specific_survey":0,"_uf_disable_surveys":false,"episode_type":"","audio_file":"","cover_image":"","cover_image_id":"","duration":"","filesize":"","date_recorded":"","explicit":"","block":"","filesize_raw":"","footnotes":""},"categories":[34,244],"tags":[4274,9,2719],"series":[],"class_list":["post-11455","post","type-post","status-publish","format-standard","hentry","category-actualidad","category-canal-de-arquitectura","tag-actualidad","tag-arquitectura","tag-hernandez-silva-arquitectos"],"aioseo_notices":[],"episode_featured_image":false,"episode_player_image":"https:\/\/stepienybarno.es\/blog\/wp-content\/uploads\/2020\/11\/stepienybarno-podcast-scaled.jpg","download_link":"","player_link":"","audio_player":false,"episode_data":{"playerMode":"dark","subscribeUrls":[],"rssFeedUrl":"https:\/\/stepienybarno.es\/blog\/feed\/podcast\/podcast-de-stepienybarno","embedCode":"<blockquote class=\"wp-embedded-content\" data-secret=\"xvbKFKaz4d\"><a href=\"https:\/\/stepienybarno.es\/blog\/2013\/12\/05\/un-aseo-con-vistas\/\">UN ASEO CON VISTAS<\/a><\/blockquote><iframe sandbox=\"allow-scripts\" security=\"restricted\" src=\"https:\/\/stepienybarno.es\/blog\/2013\/12\/05\/un-aseo-con-vistas\/embed\/#?secret=xvbKFKaz4d\" width=\"500\" height=\"350\" title=\"\u00abUN ASEO CON VISTAS\u00bb \u2014 Blog de STEPIEN Y BARNO - publicaci\u00f3n digital sobre arquitectura\" data-secret=\"xvbKFKaz4d\" frameborder=\"0\" marginwidth=\"0\" marginheight=\"0\" scrolling=\"no\" class=\"wp-embedded-content\"><\/iframe><script type=\"text\/javascript\">\n\/* <![CDATA[ *\/\n\/*! This file is auto-generated *\/\n!function(d,l){\"use strict\";l.querySelector&&d.addEventListener&&\"undefined\"!=typeof URL&&(d.wp=d.wp||{},d.wp.receiveEmbedMessage||(d.wp.receiveEmbedMessage=function(e){var t=e.data;if((t||t.secret||t.message||t.value)&&!\/[^a-zA-Z0-9]\/.test(t.secret)){for(var s,r,n,a=l.querySelectorAll('iframe[data-secret=\"'+t.secret+'\"]'),o=l.querySelectorAll('blockquote[data-secret=\"'+t.secret+'\"]'),c=new RegExp(\"^https?:$\",\"i\"),i=0;i<o.length;i++)o[i].style.display=\"none\";for(i=0;i<a.length;i++)s=a[i],e.source===s.contentWindow&&(s.removeAttribute(\"style\"),\"height\"===t.message?(1e3<(r=parseInt(t.value,10))?r=1e3:~~r<200&&(r=200),s.height=r):\"link\"===t.message&&(r=new URL(s.getAttribute(\"src\")),n=new URL(t.value),c.test(n.protocol))&&n.host===r.host&&l.activeElement===s&&(d.top.location.href=t.value))}},d.addEventListener(\"message\",d.wp.receiveEmbedMessage,!1),l.addEventListener(\"DOMContentLoaded\",function(){for(var e,t,s=l.querySelectorAll(\"iframe.wp-embedded-content\"),r=0;r<s.length;r++)(t=(e=s[r]).getAttribute(\"data-secret\"))||(t=Math.random().toString(36).substring(2,12),e.src+=\"#?secret=\"+t,e.setAttribute(\"data-secret\",t)),e.contentWindow.postMessage({message:\"ready\",secret:t},\"*\")},!1)))}(window,document);\n\/* ]]> *\/\n<\/script>\n"},"_links":{"self":[{"href":"https:\/\/stepienybarno.es\/blog\/wp-json\/wp\/v2\/posts\/11455"}],"collection":[{"href":"https:\/\/stepienybarno.es\/blog\/wp-json\/wp\/v2\/posts"}],"about":[{"href":"https:\/\/stepienybarno.es\/blog\/wp-json\/wp\/v2\/types\/post"}],"author":[{"embeddable":true,"href":"https:\/\/stepienybarno.es\/blog\/wp-json\/wp\/v2\/users\/2"}],"replies":[{"embeddable":true,"href":"https:\/\/stepienybarno.es\/blog\/wp-json\/wp\/v2\/comments?post=11455"}],"version-history":[{"count":3,"href":"https:\/\/stepienybarno.es\/blog\/wp-json\/wp\/v2\/posts\/11455\/revisions"}],"predecessor-version":[{"id":11461,"href":"https:\/\/stepienybarno.es\/blog\/wp-json\/wp\/v2\/posts\/11455\/revisions\/11461"}],"wp:attachment":[{"href":"https:\/\/stepienybarno.es\/blog\/wp-json\/wp\/v2\/media?parent=11455"}],"wp:term":[{"taxonomy":"category","embeddable":true,"href":"https:\/\/stepienybarno.es\/blog\/wp-json\/wp\/v2\/categories?post=11455"},{"taxonomy":"post_tag","embeddable":true,"href":"https:\/\/stepienybarno.es\/blog\/wp-json\/wp\/v2\/tags?post=11455"},{"taxonomy":"series","embeddable":true,"href":"https:\/\/stepienybarno.es\/blog\/wp-json\/wp\/v2\/series?post=11455"}],"curies":[{"name":"wp","href":"https:\/\/api.w.org\/{rel}","templated":true}]}}