{"id":11563,"date":"2013-12-12T10:58:54","date_gmt":"2013-12-12T08:58:54","guid":{"rendered":"https:\/\/www.stepienybarno.es\/blog\/?p=11563"},"modified":"2013-12-12T11:03:10","modified_gmt":"2013-12-12T09:03:10","slug":"palabradarq-en-twitter","status":"publish","type":"post","link":"https:\/\/stepienybarno.es\/blog\/2013\/12\/12\/palabradarq-en-twitter\/","title":{"rendered":"#PALABRADARQ  EN TWITTER"},"content":{"rendered":"<p align=\"left\">\n<p style=\"text-align: center;\"><a href=\"https:\/\/stepienybarno.es\/blog\/wp-content\/uploads\/2013\/12\/0.-palabraarquitecto_-stepienybarno-_-blog-arquitectura-.jpg\"><img loading=\"lazy\" decoding=\"async\" class=\"alignnone size-full wp-image-11564\" title=\"0. palabraarquitecto_ stepienybarno _ blog-arquitectura\" src=\"https:\/\/stepienybarno.es\/blog\/wp-content\/uploads\/2013\/12\/0.-palabraarquitecto_-stepienybarno-_-blog-arquitectura-.jpg\" alt=\"0. palabraarquitecto_ stepienybarno _ blog-arquitectura\" width=\"350\" height=\"208\" srcset=\"https:\/\/stepienybarno.es\/blog\/wp-content\/uploads\/2013\/12\/0.-palabraarquitecto_-stepienybarno-_-blog-arquitectura-.jpg 350w, https:\/\/stepienybarno.es\/blog\/wp-content\/uploads\/2013\/12\/0.-palabraarquitecto_-stepienybarno-_-blog-arquitectura--180x107.jpg 180w, https:\/\/stepienybarno.es\/blog\/wp-content\/uploads\/2013\/12\/0.-palabraarquitecto_-stepienybarno-_-blog-arquitectura--316x188.jpg 316w\" sizes=\"(max-width: 350px) 100vw, 350px\" \/><\/a><\/p>\n<p align=\"left\">\n<p align=\"left\"><span><span style=\"color: #333333;\">Ayer fue un d\u00eda importante; por un lado, se volvi\u00f3 a demostrar que algunos de los m\u00e1s activos arquitectos de la red cuando \u201cbajan\u201d al mundo anal\u00f3gico dan la talla de lo lindo.<\/span><\/span><\/p>\n<p align=\"left\"><span><span style=\"color: #333333;\"> Por otro lado, como era de esperar pero est\u00e1 bien comprobarlo, la red social de Twitter ech\u00f3 humo.<\/span><\/span><\/p>\n<p align=\"left\"><span><span style=\"color: #333333;\">Nuestras felicitaciones para la organizaci\u00f3n, Gema Hern\u00e1ndez, al moderador, Domenico di Siena @urbanohumano y a los ponentes: Anatxu Zabalbeascoa, Santiago de Molina, Aurora de Zuloark y Jose Maria Echarte <\/span><\/span><\/p>\n<p align=\"left\"><!--more--><\/p>\n<p align=\"left\">\n<blockquote>\n<p align=\"left\">As\u00ed que, si quieres saber lo que se coci\u00f3 por all\u00e1, aqu\u00ed tienes una recopilaci\u00f3n de tuits que te pueden servir para hacer tuna idea: <a href=\"http:\/\/kcy.me\/wbql\">http:\/\/kcy.me\/wbql<\/a><\/p>\n<p align=\"left\">Bajar hasta la parte inferior de la p\u00e1gina y ten\u00e9is la opci\u00f3n Overview y Transcripts and pictures.<\/p>\n<p align=\"left\">\n<p align=\"left\">M\u00e1s sobre el tema: <a href=\"https:\/\/stepienybarno.es\/blog\/2013\/12\/11\/palabradarq\/\">https:\/\/stepienybarno.es\/blog\/2013\/12\/11\/palabradarq\/<\/a><\/p>\n<p align=\"left\">\n<\/blockquote>\n<p align=\"left\">\n<p align=\"left\">\n<p align=\"left\">Noticia seleccionada por el Canal de arquitectura STEPIENYBARNO.<\/p>\n<p align=\"left\"><a href=\"http:\/\/www.linkedin.com\/company\/stepienybarno\">STEPIENYBARNO EN LINKEDIN<\/a><\/p>\n<p align=\"left\"><a href=\"http:\/\/twitter.com\/stepienybarno\/stepienybarno\">STEPIENYBARNO EN TWITTER<\/a><\/p>\n<p align=\"left\"><a href=\"https:\/\/www.facebook.com\/pages\/BLOG-DE-STEPIENYBARNO\/78001079029\">STEPIENYBARNO EN FACEBOOK<\/a><\/p>\n<p align=\"left\">\n<p align=\"left\">*Stepienybarno est\u00e1 formado por Agnieszka Stepien y Lorenzo Barn\u00f3 y desde mayo del 2009 estamos en la red con\u00a0 la presente publicaci\u00f3n digital (Blog) de arquitectura.<\/p>\n<p align=\"left\">Nuestra actividad se sustenta en tres pilares b\u00e1sicos: la investigaci\u00f3n, la publicaci\u00f3n (comunicaci\u00f3n y difusi\u00f3n) y la redacci\u00f3n de proyectos de arquitectura.<\/p>\n<p align=\"left\">A su vez, somos socios cofundadores de <a href=\"http:\/\/sinergiasostenible.org\/\">SINERGIA SOSTENIBLE<\/a> y redactores de <a href=\"http:\/\/www.laciudadviva.org\/blogs\/?author=45\">LA CIUDAD VIVA<\/a>.<\/p>\n<p align=\"left\">\n<p align=\"left\">* Los editores de esta publicaci\u00f3n digital no nos hacemos cargo de de los comentarios y\u00a0 conceptos vertidos en los textos firmados por otras personas, siendo \u00e9stos de responsabilidad exclusiva de sus autores.<\/p>\n<p align=\"left\">\n<p align=\"left\">* Tu comentario podr\u00e1 ser moderado, por lo tanto, aunque aparezca inmediatamente al ser publicado en la entrada, los editores de esta publicaci\u00f3n digital nos reservamos el derecho tanto de editarlo (si fuera necesario, para hacerlo m\u00e1s legible) como de eliminarlo en el caso de que se usen expresiones incorrectas (descalificaciones, palabras malsonantes\u2026). A su vez, si quieres comentar desde el anonimato puedes hacerlo, aunque, nosotros personalmente, agradecemos que tod@s nos podamos identificar.<\/p>\n","protected":false},"excerpt":{"rendered":"<p>Ayer fue un d\u00eda importante; por un lado, se volvi\u00f3 a demostrar que algunos de los m\u00e1s activos arquitectos de la red cuando \u201cbajan\u201d al mundo anal\u00f3gico dan la talla de lo lindo.<\/p>\n<p>Por otro lado, como era de esperar pero est\u00e1 bien comprobarlo, la red social de Twitter ech\u00f3 humo.<\/p>\n<p>Nuestras felicitaciones para la organizaci\u00f3n, Gema Hern\u00e1ndez, al moderador, Domenico di Siena @urbanohumano y a los ponentes: Anatxu Zabalbeascoa, Santiago de Molina, Aurora de Zuloark y Jose Maria Echarte<\/p>\n<p>(m\u00e1s&#8230;)<\/p>\n","protected":false},"author":2,"featured_media":0,"comment_status":"open","ping_status":"closed","sticky":false,"template":"","format":"standard","meta":{"om_disable_all_campaigns":false,"_monsterinsights_skip_tracking":false,"_monsterinsights_sitenote_active":false,"_monsterinsights_sitenote_note":"","_monsterinsights_sitenote_category":0,"_uf_show_specific_survey":0,"_uf_disable_surveys":false,"episode_type":"","audio_file":"","cover_image":"","cover_image_id":"","duration":"","filesize":"","date_recorded":"","explicit":"","block":"","filesize_raw":"","footnotes":""},"categories":[34,244,27],"tags":[2728,4274,9,74],"series":[],"class_list":["post-11563","post","type-post","status-publish","format-standard","hentry","category-actualidad","category-canal-de-arquitectura","category-nueva-era-digital","tag-palabradarq","tag-actualidad","tag-arquitectura","tag-blogs"],"aioseo_notices":[],"episode_featured_image":false,"episode_player_image":"https:\/\/stepienybarno.es\/blog\/wp-content\/uploads\/2020\/11\/stepienybarno-podcast-scaled.jpg","download_link":"","player_link":"","audio_player":false,"episode_data":{"playerMode":"dark","subscribeUrls":[],"rssFeedUrl":"https:\/\/stepienybarno.es\/blog\/feed\/podcast\/podcast-de-stepienybarno","embedCode":"<blockquote class=\"wp-embedded-content\" data-secret=\"YXHkUsFqZz\"><a href=\"https:\/\/stepienybarno.es\/blog\/2013\/12\/12\/palabradarq-en-twitter\/\">#PALABRADARQ  EN TWITTER<\/a><\/blockquote><iframe sandbox=\"allow-scripts\" security=\"restricted\" src=\"https:\/\/stepienybarno.es\/blog\/2013\/12\/12\/palabradarq-en-twitter\/embed\/#?secret=YXHkUsFqZz\" width=\"500\" height=\"350\" title=\"\u00ab#PALABRADARQ  EN TWITTER\u00bb \u2014 Blog de STEPIEN Y BARNO - publicaci\u00f3n digital sobre arquitectura\" data-secret=\"YXHkUsFqZz\" frameborder=\"0\" marginwidth=\"0\" marginheight=\"0\" scrolling=\"no\" class=\"wp-embedded-content\"><\/iframe><script type=\"text\/javascript\">\n\/* <![CDATA[ *\/\n\/*! This file is auto-generated *\/\n!function(d,l){\"use strict\";l.querySelector&&d.addEventListener&&\"undefined\"!=typeof URL&&(d.wp=d.wp||{},d.wp.receiveEmbedMessage||(d.wp.receiveEmbedMessage=function(e){var t=e.data;if((t||t.secret||t.message||t.value)&&!\/[^a-zA-Z0-9]\/.test(t.secret)){for(var s,r,n,a=l.querySelectorAll('iframe[data-secret=\"'+t.secret+'\"]'),o=l.querySelectorAll('blockquote[data-secret=\"'+t.secret+'\"]'),c=new RegExp(\"^https?:$\",\"i\"),i=0;i<o.length;i++)o[i].style.display=\"none\";for(i=0;i<a.length;i++)s=a[i],e.source===s.contentWindow&&(s.removeAttribute(\"style\"),\"height\"===t.message?(1e3<(r=parseInt(t.value,10))?r=1e3:~~r<200&&(r=200),s.height=r):\"link\"===t.message&&(r=new URL(s.getAttribute(\"src\")),n=new URL(t.value),c.test(n.protocol))&&n.host===r.host&&l.activeElement===s&&(d.top.location.href=t.value))}},d.addEventListener(\"message\",d.wp.receiveEmbedMessage,!1),l.addEventListener(\"DOMContentLoaded\",function(){for(var e,t,s=l.querySelectorAll(\"iframe.wp-embedded-content\"),r=0;r<s.length;r++)(t=(e=s[r]).getAttribute(\"data-secret\"))||(t=Math.random().toString(36).substring(2,12),e.src+=\"#?secret=\"+t,e.setAttribute(\"data-secret\",t)),e.contentWindow.postMessage({message:\"ready\",secret:t},\"*\")},!1)))}(window,document);\n\/* ]]> *\/\n<\/script>\n"},"_links":{"self":[{"href":"https:\/\/stepienybarno.es\/blog\/wp-json\/wp\/v2\/posts\/11563"}],"collection":[{"href":"https:\/\/stepienybarno.es\/blog\/wp-json\/wp\/v2\/posts"}],"about":[{"href":"https:\/\/stepienybarno.es\/blog\/wp-json\/wp\/v2\/types\/post"}],"author":[{"embeddable":true,"href":"https:\/\/stepienybarno.es\/blog\/wp-json\/wp\/v2\/users\/2"}],"replies":[{"embeddable":true,"href":"https:\/\/stepienybarno.es\/blog\/wp-json\/wp\/v2\/comments?post=11563"}],"version-history":[{"count":4,"href":"https:\/\/stepienybarno.es\/blog\/wp-json\/wp\/v2\/posts\/11563\/revisions"}],"predecessor-version":[{"id":11567,"href":"https:\/\/stepienybarno.es\/blog\/wp-json\/wp\/v2\/posts\/11563\/revisions\/11567"}],"wp:attachment":[{"href":"https:\/\/stepienybarno.es\/blog\/wp-json\/wp\/v2\/media?parent=11563"}],"wp:term":[{"taxonomy":"category","embeddable":true,"href":"https:\/\/stepienybarno.es\/blog\/wp-json\/wp\/v2\/categories?post=11563"},{"taxonomy":"post_tag","embeddable":true,"href":"https:\/\/stepienybarno.es\/blog\/wp-json\/wp\/v2\/tags?post=11563"},{"taxonomy":"series","embeddable":true,"href":"https:\/\/stepienybarno.es\/blog\/wp-json\/wp\/v2\/series?post=11563"}],"curies":[{"name":"wp","href":"https:\/\/api.w.org\/{rel}","templated":true}]}}