{"id":11789,"date":"2013-12-24T13:00:22","date_gmt":"2013-12-24T11:00:22","guid":{"rendered":"https:\/\/www.stepienybarno.es\/blog\/?p=11789"},"modified":"2013-12-23T22:34:13","modified_gmt":"2013-12-23T20:34:13","slug":"principia-architectonica-de-alberto-campo-baeza","status":"publish","type":"post","link":"https:\/\/stepienybarno.es\/blog\/2013\/12\/24\/principia-architectonica-de-alberto-campo-baeza\/","title":{"rendered":"PRINCIPIA ARCHITECTONICA DE ALBERTO CAMPO BAEZA."},"content":{"rendered":"<p align=\"left\">\n<p style=\"text-align: center;\"><a href=\"https:\/\/stepienybarno.es\/blog\/wp-content\/uploads\/2013\/12\/Principia-architectonica-Alberto-Campo-Baeza-stepienybarno-.jpg\"><img loading=\"lazy\" decoding=\"async\" class=\"alignnone size-full wp-image-11790\" title=\"Principia architectonica-Alberto Campo Baeza-stepienybarno\" src=\"https:\/\/stepienybarno.es\/blog\/wp-content\/uploads\/2013\/12\/Principia-architectonica-Alberto-Campo-Baeza-stepienybarno-.jpg\" alt=\"Principia architectonica-Alberto Campo Baeza-stepienybarno\" width=\"284\" height=\"400\" srcset=\"https:\/\/stepienybarno.es\/blog\/wp-content\/uploads\/2013\/12\/Principia-architectonica-Alberto-Campo-Baeza-stepienybarno-.jpg 284w, https:\/\/stepienybarno.es\/blog\/wp-content\/uploads\/2013\/12\/Principia-architectonica-Alberto-Campo-Baeza-stepienybarno--128x180.jpg 128w\" sizes=\"(max-width: 284px) 100vw, 284px\" \/><\/a><\/p>\n<p align=\"left\">Era Coderch quien dec\u00eda que \u00e9l siempre hac\u00eda la misma casa; pero que, l\u00f3gicamente, siempre le terminaba saliendo diferente. Curiosa forma de explicar su excelente arquitectura que seguramente tiene que ver con la manera en que Alberto Campo Baeza escribe sus textos. Sigue hablando de lo mismo, pero cada vez de una manera m\u00e1s precisa.<\/p>\n<p align=\"left\">Si quer\u00e9is saber un poco m\u00e1s sobre este estupendo librito os animamos a seguir leyendo.<\/p>\n<p align=\"left\"><!--more--><\/p>\n<p align=\"left\">\n<p align=\"left\">Vaya por delante que el libro nos enganch\u00f3 desde el principio; \u00a0pero es cierto que, solo es recomendable para muy <em>fans<\/em> del arquitecto o gente que, por lo que sea, llega a sus textos por primera vez.<\/p>\n<p align=\"left\">Son tiempos complicados en los que reflexionar sobre la arquitectura en su sentido m\u00e1s \u201cacad\u00e9mico\u201d parece un lujo inalcanzable. Por un lado, el d\u00eda a d\u00eda de nuestra profesi\u00f3n nos lleva a tener que enfrascarnos en temas mucho m\u00e1s de batalla y, por otro, tanto en la red como fuera de ella, la arquitectura que se difunde est\u00e1 rozando los l\u00edmites de la pornograf\u00eda arquitect\u00f3nica.<\/p>\n<p align=\"left\">As\u00ed, un libro como este parece un remanso de tranquilidad dentro del tormentoso panorama descrito anteriormente. Alberto, no sorprende, vuelve a hablar de la belleza, luz, de la escala, de la medida, de la arquitectura como arte-facto o de la gravedad. Eso s\u00ed, a todos los temas les da una vueltita de tuerca que hace que la lectura sea de gran intensidad.<\/p>\n<p align=\"left\">Parece como si el \u201c<em>menos es m\u00e1s<\/em>\u201d que tan bien ha sabido entender, Alberto en su obra, tambi\u00e9n se aplicara en sus reflexiones.<\/p>\n<p align=\"left\">\n<p align=\"left\">A su vez, el libro trae regalos inesperado como un CD, con varias piezas musicales a las que remite Campo Baeza en el texto, y un capitulo final basado en una conversaci\u00f3n del autor con Kenneth Frampton que no tiene desperdicio.<\/p>\n<p align=\"left\">En fin que, teniendo en cuenta las apreciaciones que os comentamos, y viendo que se nos acercamos a fechas muy se\u00f1aladas, el libro podr\u00eda ser un buen regalo navide\u00f1o.<\/p>\n<p style=\"text-align: center;\"><a href=\"https:\/\/stepienybarno.es\/blog\/wp-content\/uploads\/2013\/12\/Principia-architectonica-Alberto-Campo-Baeza-stepienybarno-2-.jpg\"><img loading=\"lazy\" decoding=\"async\" class=\"alignnone size-full wp-image-11791\" title=\"Principia architectonica-Alberto Campo Baeza-stepienybarno 2\" src=\"https:\/\/stepienybarno.es\/blog\/wp-content\/uploads\/2013\/12\/Principia-architectonica-Alberto-Campo-Baeza-stepienybarno-2-.jpg\" alt=\"Principia architectonica-Alberto Campo Baeza-stepienybarno 2\" width=\"255\" height=\"198\" srcset=\"https:\/\/stepienybarno.es\/blog\/wp-content\/uploads\/2013\/12\/Principia-architectonica-Alberto-Campo-Baeza-stepienybarno-2-.jpg 255w, https:\/\/stepienybarno.es\/blog\/wp-content\/uploads\/2013\/12\/Principia-architectonica-Alberto-Campo-Baeza-stepienybarno-2--180x140.jpg 180w\" sizes=\"(max-width: 255px) 100vw, 255px\" \/><\/a><\/p>\n<blockquote>\n<p style=\"text-align: center;\">M\u00e1s sobre el libro, <a href=\"http:\/\/arquitecturamashistoria.blogspot.com.es\/2012\/07\/principia-architectonica-alberto-campo.html\">aqu\u00ed<\/a> y <a href=\"http:\/\/www.plataformaarquitectura.cl\/2012\/12\/07\/principia-architectonica-alberto-campo-baeza\/\">aqu\u00ed.<\/a><\/p>\n<p style=\"text-align: center;\">Comprar el libro, <a href=\"http:\/\/www.casadellibro.com\/libro-principia-architectonica\/9788492641512\/2092922\">aqu\u00ed.<\/a><\/p>\n<\/blockquote>\n<p align=\"left\">\n<blockquote>\n<p align=\"left\"><strong>Post relacionados:<\/strong><\/p>\n<p align=\"left\">ENTREVISTA AL ARQUITECTO ALBERTO CAMPO BAEZA<\/p>\n<p align=\"left\"><a href=\"https:\/\/stepienybarno.es\/blog\/2013\/08\/22\/entrevista-al-arquitecto-alberto-campo-baeza\/\">https:\/\/stepienybarno.es\/blog\/2013\/08\/22\/entrevista-al-arquitecto-alberto-campo-baeza\/<\/a><\/p>\n<p align=\"left\">LA BELLEZA CALVA DE ALBERTO CAMPO BAEZA<\/p>\n<p align=\"left\"><a href=\"https:\/\/stepienybarno.es\/blog\/2013\/10\/21\/la-belleza-calva-de-alberto-campo-baeza\/\">https:\/\/stepienybarno.es\/blog\/2013\/10\/21\/la-belleza-calva-de-alberto-campo-baeza\/<\/a><\/p>\n<p align=\"left\">LA FARNSWORTH Y LA GLASS HOUSE SEG\u00daN ALBERTO CAMPO BAEZA<\/p>\n<p align=\"left\">\n<blockquote class=\"wp-embedded-content\" data-secret=\"drrE1HHt7Z\"><p><a href=\"https:\/\/stepienybarno.es\/blog\/2013\/05\/05\/la-farnsworth-y-la-glass-house-segun-alberto-campo-baeza\/\">LA FARNSWORTH Y LA GLASS HOUSE SEG\u00daN ALBERTO CAMPO BAEZA<\/a><\/p><\/blockquote>\n<p><iframe loading=\"lazy\" class=\"wp-embedded-content\" sandbox=\"allow-scripts\" security=\"restricted\" style=\"position: absolute; clip: rect(1px, 1px, 1px, 1px);\" title=\"\u00abLA FARNSWORTH Y LA GLASS HOUSE SEG\u00daN ALBERTO CAMPO BAEZA\u00bb \u2014 Blog de STEPIEN Y BARNO - publicaci\u00f3n digital sobre arquitectura\" src=\"https:\/\/stepienybarno.es\/blog\/2013\/05\/05\/la-farnsworth-y-la-glass-house-segun-alberto-campo-baeza\/embed\/#?secret=drrE1HHt7Z\" data-secret=\"drrE1HHt7Z\" width=\"600\" height=\"338\" frameborder=\"0\" marginwidth=\"0\" marginheight=\"0\" scrolling=\"no\"><\/iframe><\/p>\n<p align=\"left\">ALBERTO CAMPO BAEZA \u2013 LA CIUDAD MACHACADA<\/p>\n<p align=\"left\"><a href=\"https:\/\/stepienybarno.es\/blog\/2009\/06\/10\/alberto-campo-baeza-%E2%80%93-la-ciudad-machacada\/\">https:\/\/stepienybarno.es\/blog\/2009\/06\/10\/alberto-campo-baeza-%E2%80%93-la-ciudad-machacada\/<\/a><\/p>\n<p align=\"left\">LOS OFICIOS DE LA CULTURA \/ ALBERTO CAMPO BAEZA<\/p>\n<p align=\"left\">\n<blockquote class=\"wp-embedded-content\" data-secret=\"eElAzAIUWy\"><p><a href=\"https:\/\/stepienybarno.es\/blog\/2011\/03\/02\/los-oficios-de-la-cultura-alberto-campo-baeza\/\">LOS OFICIOS DE LA CULTURA \/ ALBERTO CAMPO BAEZA<\/a><\/p><\/blockquote>\n<p><iframe loading=\"lazy\" class=\"wp-embedded-content\" sandbox=\"allow-scripts\" security=\"restricted\" style=\"position: absolute; clip: rect(1px, 1px, 1px, 1px);\" title=\"\u00abLOS OFICIOS DE LA CULTURA \/ ALBERTO CAMPO BAEZA\u00bb \u2014 Blog de STEPIEN Y BARNO - publicaci\u00f3n digital sobre arquitectura\" src=\"https:\/\/stepienybarno.es\/blog\/2011\/03\/02\/los-oficios-de-la-cultura-alberto-campo-baeza\/embed\/#?secret=eElAzAIUWy\" data-secret=\"eElAzAIUWy\" width=\"600\" height=\"338\" frameborder=\"0\" marginwidth=\"0\" marginheight=\"0\" scrolling=\"no\"><\/iframe><\/p>\n<\/blockquote>\n<p align=\"left\">\n<blockquote>\n<p align=\"left\"><strong>Web del autor<\/strong>: http:\/\/www.campobaeza.com\/home\/<\/p>\n<p align=\"left\">M\u00e1s sobre Alberto Campo Baeza. <a href=\"http:\/\/es.wikipedia.org\/wiki\/Alberto_Campo_Baeza\">Aqu\u00ed.<\/a><\/p>\n<p align=\"left\">Y <a href=\"http:\/\/www.plataformaarquitectura.cl\/tag\/alberto-campo-baeza\/\">aqu\u00ed.<\/a><\/p>\n<\/blockquote>\n<p align=\"left\">\n<p align=\"left\">Autores de la entrada: <a href=\"http:\/\/www.facebook.com\/col.prudant#!\/StepienybarnoCANAL\">Stepienybarno<\/a> _ Agnieszka Stepien y Lorenzo Barn\u00f3<\/p>\n<p align=\"left\">\n<p align=\"left\">* Este art\u00edculo ha sido escrito con car\u00e1cter divulgativo y sin ning\u00fan tipo de \u00e1nimo de lucro. As\u00ed que, si te apetece <strong>compartirlo<\/strong> en cualquier otro medio, estaremos encantados de que lo hagas siempre y cuando cites el lugar donde lo has encontrado.<\/p>\n<p align=\"left\">\n<p align=\"left\"><a href=\"http:\/\/www.linkedin.com\/company\/stepienybarno\">STEPIENYBARNO EN LINKEDIN<\/a><\/p>\n<p align=\"left\"><a href=\"http:\/\/twitter.com\/stepienybarno\/stepienybarno\">STEPIENYBARNO EN TWITTER<\/a><\/p>\n<p align=\"left\"><a href=\"https:\/\/www.facebook.com\/pages\/BLOG-DE-STEPIENYBARNO\/78001079029\">STEPIENYBARNO EN FACEBOOK<\/a><\/p>\n<p align=\"left\">\n<p align=\"left\">* Stepienybarno est\u00e1 formado por Agnieszka Stepien y Lorenzo Barn\u00f3 y desde mayo del 2009 estamos en la red con\u00a0 la presente publicaci\u00f3n digital (Blog) de arquitectura.<\/p>\n<p align=\"left\">Nuestra actividad se sustenta en tres pilares b\u00e1sicos: la investigaci\u00f3n, la publicaci\u00f3n y la redacci\u00f3n de proyectos de arquitectura.<\/p>\n<p align=\"left\">A su vez, somos socios cofundadores de <a href=\"http:\/\/sinergiasostenible.org\/\">SINERGIA SOSTENIBLE<\/a> y redactores de <a href=\"http:\/\/www.laciudadviva.org\/blogs\/?author=45\">LA CIUDAD VIVA<\/a>.<\/p>\n<p align=\"left\">* Los editores de esta publicaci\u00f3n digital no nos hacemos cargo de de los comentarios y\u00a0 conceptos vertidos en los textos firmados por otras personas, siendo \u00e9stos de responsabilidad exclusiva de sus autores.<\/p>\n<p align=\"left\">* Tu comentario pudiera ser moderado, por lo tanto, aunque aparezca inmediatamente al ser publicado en la entrada, los editores de esta publicaci\u00f3n digital nos reservamos el derecho tanto de editarlo (si fuera necesario, para hacerlo m\u00e1s legible) como de eliminarlo en el caso de que se usen expresiones incorrectas (descalificaciones, palabras malsonantes\u2026). A su vez, si quieres comentar desde el anonimato puedes hacerlo, aunque, nosotros personalmente, agradecemos que tod@s nos podamos identificar.<\/p>\n<p align=\"left\">Principia architectonica-Alberto Campo Baeza-stepienybarno<\/p>\n","protected":false},"excerpt":{"rendered":"<p>Era Coderch quien dec\u00eda que \u00e9l siempre hac\u00eda la misma<\/p>\n","protected":false},"author":2,"featured_media":0,"comment_status":"open","ping_status":"closed","sticky":false,"template":"","format":"standard","meta":{"om_disable_all_campaigns":false,"_monsterinsights_skip_tracking":false,"_monsterinsights_sitenote_active":false,"_monsterinsights_sitenote_note":"","_monsterinsights_sitenote_category":0,"_uf_show_specific_survey":0,"_uf_disable_surveys":false,"episode_type":"","audio_file":"","cover_image":"","cover_image_id":"","duration":"","filesize":"","date_recorded":"","explicit":"","block":"","filesize_raw":"","footnotes":""},"categories":[34,4],"tags":[4274,650,9],"series":[],"class_list":["post-11789","post","type-post","status-publish","format-standard","hentry","category-actualidad","category-arquilectura","tag-actualidad","tag-alberto-campo-baeza","tag-arquitectura"],"aioseo_notices":[],"episode_featured_image":false,"episode_player_image":"https:\/\/stepienybarno.es\/blog\/wp-content\/uploads\/2020\/11\/stepienybarno-podcast-scaled.jpg","download_link":"","player_link":"","audio_player":false,"episode_data":{"playerMode":"dark","subscribeUrls":[],"rssFeedUrl":"https:\/\/stepienybarno.es\/blog\/feed\/podcast\/podcast-de-stepienybarno","embedCode":"<blockquote class=\"wp-embedded-content\" data-secret=\"SHyfMKcAYc\"><a href=\"https:\/\/stepienybarno.es\/blog\/2013\/12\/24\/principia-architectonica-de-alberto-campo-baeza\/\">PRINCIPIA ARCHITECTONICA DE ALBERTO CAMPO BAEZA.<\/a><\/blockquote><iframe sandbox=\"allow-scripts\" security=\"restricted\" src=\"https:\/\/stepienybarno.es\/blog\/2013\/12\/24\/principia-architectonica-de-alberto-campo-baeza\/embed\/#?secret=SHyfMKcAYc\" width=\"500\" height=\"350\" title=\"\u00abPRINCIPIA ARCHITECTONICA DE ALBERTO CAMPO BAEZA.\u00bb \u2014 Blog de STEPIEN Y BARNO - publicaci\u00f3n digital sobre arquitectura\" data-secret=\"SHyfMKcAYc\" frameborder=\"0\" marginwidth=\"0\" marginheight=\"0\" scrolling=\"no\" class=\"wp-embedded-content\"><\/iframe><script type=\"text\/javascript\">\n\/* <![CDATA[ *\/\n\/*! This file is auto-generated *\/\n!function(d,l){\"use strict\";l.querySelector&&d.addEventListener&&\"undefined\"!=typeof URL&&(d.wp=d.wp||{},d.wp.receiveEmbedMessage||(d.wp.receiveEmbedMessage=function(e){var t=e.data;if((t||t.secret||t.message||t.value)&&!\/[^a-zA-Z0-9]\/.test(t.secret)){for(var s,r,n,a=l.querySelectorAll('iframe[data-secret=\"'+t.secret+'\"]'),o=l.querySelectorAll('blockquote[data-secret=\"'+t.secret+'\"]'),c=new RegExp(\"^https?:$\",\"i\"),i=0;i<o.length;i++)o[i].style.display=\"none\";for(i=0;i<a.length;i++)s=a[i],e.source===s.contentWindow&&(s.removeAttribute(\"style\"),\"height\"===t.message?(1e3<(r=parseInt(t.value,10))?r=1e3:~~r<200&&(r=200),s.height=r):\"link\"===t.message&&(r=new URL(s.getAttribute(\"src\")),n=new URL(t.value),c.test(n.protocol))&&n.host===r.host&&l.activeElement===s&&(d.top.location.href=t.value))}},d.addEventListener(\"message\",d.wp.receiveEmbedMessage,!1),l.addEventListener(\"DOMContentLoaded\",function(){for(var e,t,s=l.querySelectorAll(\"iframe.wp-embedded-content\"),r=0;r<s.length;r++)(t=(e=s[r]).getAttribute(\"data-secret\"))||(t=Math.random().toString(36).substring(2,12),e.src+=\"#?secret=\"+t,e.setAttribute(\"data-secret\",t)),e.contentWindow.postMessage({message:\"ready\",secret:t},\"*\")},!1)))}(window,document);\n\/* ]]> *\/\n<\/script>\n"},"_links":{"self":[{"href":"https:\/\/stepienybarno.es\/blog\/wp-json\/wp\/v2\/posts\/11789"}],"collection":[{"href":"https:\/\/stepienybarno.es\/blog\/wp-json\/wp\/v2\/posts"}],"about":[{"href":"https:\/\/stepienybarno.es\/blog\/wp-json\/wp\/v2\/types\/post"}],"author":[{"embeddable":true,"href":"https:\/\/stepienybarno.es\/blog\/wp-json\/wp\/v2\/users\/2"}],"replies":[{"embeddable":true,"href":"https:\/\/stepienybarno.es\/blog\/wp-json\/wp\/v2\/comments?post=11789"}],"version-history":[{"count":1,"href":"https:\/\/stepienybarno.es\/blog\/wp-json\/wp\/v2\/posts\/11789\/revisions"}],"predecessor-version":[{"id":11792,"href":"https:\/\/stepienybarno.es\/blog\/wp-json\/wp\/v2\/posts\/11789\/revisions\/11792"}],"wp:attachment":[{"href":"https:\/\/stepienybarno.es\/blog\/wp-json\/wp\/v2\/media?parent=11789"}],"wp:term":[{"taxonomy":"category","embeddable":true,"href":"https:\/\/stepienybarno.es\/blog\/wp-json\/wp\/v2\/categories?post=11789"},{"taxonomy":"post_tag","embeddable":true,"href":"https:\/\/stepienybarno.es\/blog\/wp-json\/wp\/v2\/tags?post=11789"},{"taxonomy":"series","embeddable":true,"href":"https:\/\/stepienybarno.es\/blog\/wp-json\/wp\/v2\/series?post=11789"}],"curies":[{"name":"wp","href":"https:\/\/api.w.org\/{rel}","templated":true}]}}