{"id":11830,"date":"2013-12-28T10:06:28","date_gmt":"2013-12-28T08:06:28","guid":{"rendered":"https:\/\/www.stepienybarno.es\/blog\/?p=11830"},"modified":"2013-12-28T10:12:48","modified_gmt":"2013-12-28T08:12:48","slug":"frank-gehry-presenta-su-ultimo-diseno-para-bmv-guggen-car","status":"publish","type":"post","link":"https:\/\/stepienybarno.es\/blog\/2013\/12\/28\/frank-gehry-presenta-su-ultimo-diseno-para-bmv-guggen-car\/","title":{"rendered":"FRANK GEHRY PRESENTA SU \u00daLTIMO DISE\u00d1O PARA BMV: GUGGEN-CAR"},"content":{"rendered":"<p align=\"left\">\n<p style=\"text-align: center;\"><a href=\"https:\/\/stepienybarno.es\/blog\/wp-content\/uploads\/2013\/12\/coche-gehry-gerhy-bmv-lovos.-stepienybarno-.jpg\"><img loading=\"lazy\" decoding=\"async\" class=\"alignnone size-medium wp-image-11831\" title=\"coche-gehry-gerhy-bmv-lovos. stepienybarno\" src=\"https:\/\/stepienybarno.es\/blog\/wp-content\/uploads\/2013\/12\/coche-gehry-gerhy-bmv-lovos.-stepienybarno--350x140.jpg\" alt=\"coche-gehry-gerhy-bmv-lovos. stepienybarno\" width=\"350\" height=\"140\" \/><\/a><\/p>\n<p align=\"left\">Ya sab\u00e9is que est\u00e1 de moda que los arquitectos se metan de lleno en otras disciplinas y lo mismo que Zaha nos tortura con sus dise\u00f1os de zapatos, en este caso, Gehry, reciclando sus placas de titanio del Guggen de Bilbo, se pasa al dise\u00f1o de coches.<\/p>\n<p align=\"left\"><!--more--><\/p>\n<p align=\"left\">\n<p align=\"left\">\n<p align=\"left\">No es la primera vez que un arquitecto mete la cabeza en el mundo de la automoci\u00f3n; uno de los momentos \u00e9picos, en este sentido, fue el dise\u00f1o <a href=\"http:\/\/www.forocoches.com\/foro\/showthread.php?t=1582116\">Voiture Maximum de Le Corbusier.<\/a><\/p>\n<p align=\"left\">Otro ejemplo, a buen seguro menos afortunado que el anterior, fue el del popular Joaqu\u00edn Torres cuando se encarg\u00f3 en su d\u00eda de personalizar el Citro\u00ebn DS*.<\/p>\n<p align=\"left\">\n<p align=\"left\">Pero bueno, vamos al grano; el gran Gehry es quien protagoniza la noticia de hoy, pues ha tenido el m\u00e9rito de convencer a BMV para que le pague una pasta por el dise\u00f1o de su \u00faltima novedad. As\u00ed, en la\u00a0 XXII edici\u00f3n de la <em>Fiera dell<\/em> <em>automobile di Milano <\/em>tuvo lugar la presentaci\u00f3n del invento. Aunque, nos hubiera gustado estar por all\u00e1, nos tuvimos que conformar con seguir la rueda de prensa en streming, lo cual tampoco estuvo nada mal.<\/p>\n<p align=\"left\">\n<p align=\"left\">Ante la pregunta directa al arquitecto de nacionalidad estadounidense, aunque nacido en Canada, sobre si con este dise\u00f1o no <strong>se est\u00e1 repitiendo en su proceso creativo<\/strong>, Frank, con semblante muy serio, contest\u00f3 que \u201clas escamas del\u00a0 Guggenheim fueron una decisi\u00f3n precisa para un momento concreto; gracias a esa inspiraci\u00f3n el proyecto se pudo ejecutar. A d\u00eda de hoy, <strong>no tiene sentido repetir ese procedimiento, estas nuevas escamas no tienen nada que ver con aquellas; bueno\u2026 en forma s\u00ed, pero solo eso, no en fondo<\/strong>.\u201d<\/p>\n<p align=\"left\">Posteriormente pas\u00f3 a explicar las ventajas de su dise\u00f1o, incidiendo en que \u201cgracias que las escamas se mueven en funci\u00f3n de par\u00e1metros como temperatura o viento, el coche, al aumentar su aerodinamismo, reduce su consumo en un 50 %; se trata de un concepto revolucionario y que estuvimos dudando si patentarlo o no. Al final, y sabiendo que su lanzamiento se har\u00eda en Navidad, lo hemos dejado en copyleft, de forma que cualquiera puede copiarlo. <strong>Es nuestra manera de hacer un regalo a la sociedad\u201d.<\/strong><\/p>\n<p align=\"left\">\n<p align=\"left\">Igualmente, sorprendente result\u00f3 cuando coment\u00f3 que \u201cEl cliente tiene que <strong>vislumbrar beneficios emocionales<\/strong> antes de decidirse a comprar el modelo y sentir que estar\u00e1 satisfecho.\u201d<\/p>\n<p align=\"left\">\u00a1Qu\u00e9 tendr\u00e1 que ver una cosa con la otra! pero bueno, nosotros no somos expertos en coches y lo mismo tiene raz\u00f3n; para eso es un pritzker, \u00bfno?<\/p>\n<p align=\"left\">A su vez, apunt\u00f3 que \u201ceste coche combina la <strong>satisfacci\u00f3n plena del ego del cliente<\/strong>, que queda cubierta, con una reacci\u00f3n adecuada a la <strong>situaci\u00f3n medioambiental<\/strong> actual. Un tercer pilar importante para nosotros, en todos los casos, es que se muestre una <strong>faceta de diversi\u00f3n<\/strong> con el dise\u00f1o.\u201d<\/p>\n<p align=\"left\">As\u00ed que, ya sab\u00e9is, ego satisfecho, planeta fuera de peligro y diversi\u00f3n asegurada; alguien da m\u00e1s por menos! Bueno s\u00ed, Mies\u2026 pero \u00e9ste no dise\u00f1aba coches.<\/p>\n<p align=\"left\">\n<p align=\"left\">Por otro lado, no quiso hablar de sus nuevos proyectos, ni mucho menos de nuevas incursiones en el mundo del dise\u00f1o, \u201cesta ha sido una aventura, un escarceo, con un mundo que me llamaba la atenci\u00f3n desde que jugaba al hockey (recordamos que Gehry dise\u00f1o en el 2004 dise\u00f1\u00f3 el trofeo de la Liga Mundial de hockey) en mi \u00e9poca de estudiante. \u00a1Se puede decir que he cumplido un sue\u00f1o!\u201d concluy\u00f3.<\/p>\n<p align=\"left\">En fin, 260 escamas m\u00f3viles al servicio del dise\u00f1o y, sobre todo, del marketing para mayor gloria del Gehry y, por supuesto, de BMV.<\/p>\n<p align=\"left\">\n<p align=\"left\">\n<blockquote>\n<p align=\"left\">* http:\/\/www.motorpasion.com\/citroen\/el-arquitecto-joaquin-torres-personaliza-el-citroen-ds3<\/p>\n<\/blockquote>\n<p align=\"left\">\n<blockquote>\n<p align=\"left\">Autores de la entrada: <a href=\"http:\/\/www.facebook.com\/col.prudant#!\/StepienybarnoCANAL\">Stepienybarno<\/a> _ Agnieszka Stepien y Lorenzo Barn\u00f3<\/p>\n<\/blockquote>\n<p align=\"left\">\n<p align=\"left\">* Este art\u00edculo ha sido escrito con car\u00e1cter divulgativo y sin ning\u00fan tipo de \u00e1nimo de lucro. As\u00ed que, si te apetece <strong>compartirlo<\/strong> en cualquier otro medio, estaremos encantados de que lo hagas siempre y cuando cites el lugar donde lo has encontrado.<\/p>\n<p align=\"left\">\n<p align=\"left\"><a href=\"http:\/\/www.linkedin.com\/company\/stepienybarno\">STEPIENYBARNO EN LINKEDIN<\/a><\/p>\n<p align=\"left\"><a href=\"http:\/\/twitter.com\/stepienybarno\/stepienybarno\">STEPIENYBARNO EN TWITTER<\/a><\/p>\n<p><a href=\"https:\/\/www.facebook.com\/pages\/BLOG-DE-STEPIENYBARNO\/78001079029\">STEPIENYBARNO EN FACEBOOK<\/a><\/p>\n<p align=\"left\">* Stepienybarno est\u00e1 formado por Agnieszka Stepien y Lorenzo Barn\u00f3 y desde mayo del 2009 estamos en la red con\u00a0 la presente publicaci\u00f3n digital (Blog) de arquitectura.<\/p>\n<p align=\"left\">Nuestra actividad se sustenta en tres pilares b\u00e1sicos: la investigaci\u00f3n, la publicaci\u00f3n y la redacci\u00f3n de proyectos de arquitectura.<\/p>\n<p align=\"left\">A su vez, somos socios cofundadores de <a href=\"http:\/\/sinergiasostenible.org\/\">SINERGIA SOSTENIBLE<\/a> y redactores de <a href=\"http:\/\/www.laciudadviva.org\/blogs\/?author=45\">LA CIUDAD VIVA<\/a>.<\/p>\n<p align=\"left\">* Los editores de esta publicaci\u00f3n digital no nos hacemos cargo de de los comentarios y\u00a0 conceptos vertidos en los textos firmados por otras personas, siendo \u00e9stos de responsabilidad exclusiva de sus autores.<\/p>\n<p align=\"left\">* Tu comentario pudiera ser moderado, por lo tanto, aunque aparezca inmediatamente al ser publicado en la entrada, los editores de esta publicaci\u00f3n digital nos reservamos el derecho tanto de editarlo (si fuera necesario, para hacerlo m\u00e1s legible) como de eliminarlo en el caso de que se usen expresiones incorrectas (descalificaciones, palabras malsonantes\u2026). A su vez, si quieres comentar desde el anonimato puedes hacerlo, aunque, nosotros personalmente, agradecemos que tod@s nos podamos identificar.<\/p>\n","protected":false},"excerpt":{"rendered":"<p>Ya sab\u00e9is que est\u00e1 de moda que los arquitectos se metan de lleno en otras disciplinas y lo mismo que Zaha nos tortura con sus dise\u00f1os de zapatos, en este caso, Gehry, reciclando sus placas de titanio del Guggen de Bilbo, se pasa al dise\u00f1o de coches.<\/p>\n<p>(m\u00e1s&#8230;)<\/p>\n","protected":false},"author":2,"featured_media":0,"comment_status":"open","ping_status":"closed","sticky":false,"template":"","format":"standard","meta":{"om_disable_all_campaigns":false,"_monsterinsights_skip_tracking":false,"_monsterinsights_sitenote_active":false,"_monsterinsights_sitenote_note":"","_monsterinsights_sitenote_category":0,"_uf_show_specific_survey":0,"_uf_disable_surveys":false,"episode_type":"","audio_file":"","cover_image":"","cover_image_id":"","duration":"","filesize":"","date_recorded":"","explicit":"","block":"","filesize_raw":"","footnotes":""},"categories":[34,244],"tags":[4274,9,2747,503],"series":[],"class_list":["post-11830","post","type-post","status-publish","format-standard","hentry","category-actualidad","category-canal-de-arquitectura","tag-actualidad","tag-arquitectura","tag-gehry","tag-le-corbusier"],"aioseo_notices":[],"episode_featured_image":false,"episode_player_image":"https:\/\/stepienybarno.es\/blog\/wp-content\/uploads\/2020\/11\/stepienybarno-podcast-scaled.jpg","download_link":"","player_link":"","audio_player":false,"episode_data":{"playerMode":"dark","subscribeUrls":[],"rssFeedUrl":"https:\/\/stepienybarno.es\/blog\/feed\/podcast\/podcast-de-stepienybarno","embedCode":"<blockquote class=\"wp-embedded-content\" data-secret=\"IzpMXhH1XM\"><a href=\"https:\/\/stepienybarno.es\/blog\/2013\/12\/28\/frank-gehry-presenta-su-ultimo-diseno-para-bmv-guggen-car\/\">FRANK GEHRY PRESENTA SU \u00daLTIMO DISE\u00d1O PARA BMV: GUGGEN-CAR<\/a><\/blockquote><iframe sandbox=\"allow-scripts\" security=\"restricted\" src=\"https:\/\/stepienybarno.es\/blog\/2013\/12\/28\/frank-gehry-presenta-su-ultimo-diseno-para-bmv-guggen-car\/embed\/#?secret=IzpMXhH1XM\" width=\"500\" height=\"350\" title=\"\u00abFRANK GEHRY PRESENTA SU \u00daLTIMO DISE\u00d1O PARA BMV: GUGGEN-CAR\u00bb \u2014 Blog de STEPIEN Y BARNO - publicaci\u00f3n digital sobre arquitectura\" data-secret=\"IzpMXhH1XM\" frameborder=\"0\" marginwidth=\"0\" marginheight=\"0\" scrolling=\"no\" class=\"wp-embedded-content\"><\/iframe><script type=\"text\/javascript\">\n\/* <![CDATA[ *\/\n\/*! This file is auto-generated *\/\n!function(d,l){\"use strict\";l.querySelector&&d.addEventListener&&\"undefined\"!=typeof URL&&(d.wp=d.wp||{},d.wp.receiveEmbedMessage||(d.wp.receiveEmbedMessage=function(e){var t=e.data;if((t||t.secret||t.message||t.value)&&!\/[^a-zA-Z0-9]\/.test(t.secret)){for(var s,r,n,a=l.querySelectorAll('iframe[data-secret=\"'+t.secret+'\"]'),o=l.querySelectorAll('blockquote[data-secret=\"'+t.secret+'\"]'),c=new RegExp(\"^https?:$\",\"i\"),i=0;i<o.length;i++)o[i].style.display=\"none\";for(i=0;i<a.length;i++)s=a[i],e.source===s.contentWindow&&(s.removeAttribute(\"style\"),\"height\"===t.message?(1e3<(r=parseInt(t.value,10))?r=1e3:~~r<200&&(r=200),s.height=r):\"link\"===t.message&&(r=new URL(s.getAttribute(\"src\")),n=new URL(t.value),c.test(n.protocol))&&n.host===r.host&&l.activeElement===s&&(d.top.location.href=t.value))}},d.addEventListener(\"message\",d.wp.receiveEmbedMessage,!1),l.addEventListener(\"DOMContentLoaded\",function(){for(var e,t,s=l.querySelectorAll(\"iframe.wp-embedded-content\"),r=0;r<s.length;r++)(t=(e=s[r]).getAttribute(\"data-secret\"))||(t=Math.random().toString(36).substring(2,12),e.src+=\"#?secret=\"+t,e.setAttribute(\"data-secret\",t)),e.contentWindow.postMessage({message:\"ready\",secret:t},\"*\")},!1)))}(window,document);\n\/* ]]> *\/\n<\/script>\n"},"_links":{"self":[{"href":"https:\/\/stepienybarno.es\/blog\/wp-json\/wp\/v2\/posts\/11830"}],"collection":[{"href":"https:\/\/stepienybarno.es\/blog\/wp-json\/wp\/v2\/posts"}],"about":[{"href":"https:\/\/stepienybarno.es\/blog\/wp-json\/wp\/v2\/types\/post"}],"author":[{"embeddable":true,"href":"https:\/\/stepienybarno.es\/blog\/wp-json\/wp\/v2\/users\/2"}],"replies":[{"embeddable":true,"href":"https:\/\/stepienybarno.es\/blog\/wp-json\/wp\/v2\/comments?post=11830"}],"version-history":[{"count":4,"href":"https:\/\/stepienybarno.es\/blog\/wp-json\/wp\/v2\/posts\/11830\/revisions"}],"predecessor-version":[{"id":11833,"href":"https:\/\/stepienybarno.es\/blog\/wp-json\/wp\/v2\/posts\/11830\/revisions\/11833"}],"wp:attachment":[{"href":"https:\/\/stepienybarno.es\/blog\/wp-json\/wp\/v2\/media?parent=11830"}],"wp:term":[{"taxonomy":"category","embeddable":true,"href":"https:\/\/stepienybarno.es\/blog\/wp-json\/wp\/v2\/categories?post=11830"},{"taxonomy":"post_tag","embeddable":true,"href":"https:\/\/stepienybarno.es\/blog\/wp-json\/wp\/v2\/tags?post=11830"},{"taxonomy":"series","embeddable":true,"href":"https:\/\/stepienybarno.es\/blog\/wp-json\/wp\/v2\/series?post=11830"}],"curies":[{"name":"wp","href":"https:\/\/api.w.org\/{rel}","templated":true}]}}