{"id":11867,"date":"2013-12-31T10:17:17","date_gmt":"2013-12-31T08:17:17","guid":{"rendered":"https:\/\/www.stepienybarno.es\/blog\/?p=11867"},"modified":"2013-12-31T10:17:17","modified_gmt":"2013-12-31T08:17:17","slug":"5-arqui-deseos-para-el-2014","status":"publish","type":"post","link":"https:\/\/stepienybarno.es\/blog\/2013\/12\/31\/5-arqui-deseos-para-el-2014\/","title":{"rendered":"5 ARQUI-DESEOS PARA EL 2014"},"content":{"rendered":"<p align=\"left\">\n<p style=\"text-align: center;\"><a href=\"https:\/\/stepienybarno.es\/blog\/wp-content\/uploads\/2013\/12\/mafalda-ano-nuevo-350-.jpg\"><img loading=\"lazy\" decoding=\"async\" class=\"alignnone size-full wp-image-11868\" title=\"mafalda ano-nuevo 350\" src=\"https:\/\/stepienybarno.es\/blog\/wp-content\/uploads\/2013\/12\/mafalda-ano-nuevo-350-.jpg\" alt=\"mafalda ano-nuevo 350\" width=\"350\" height=\"180\" srcset=\"https:\/\/stepienybarno.es\/blog\/wp-content\/uploads\/2013\/12\/mafalda-ano-nuevo-350-.jpg 350w, https:\/\/stepienybarno.es\/blog\/wp-content\/uploads\/2013\/12\/mafalda-ano-nuevo-350--180x93.jpg 180w, https:\/\/stepienybarno.es\/blog\/wp-content\/uploads\/2013\/12\/mafalda-ano-nuevo-350--316x163.jpg 316w\" sizes=\"(max-width: 350px) 100vw, 350px\" \/><\/a><\/p>\n<p align=\"left\">Nuevo a\u00f1o a la vuelta de la esquina y no pod\u00edamos dejar pasar la oportunidad para lanzar a la esfera digital unos cuantos deseos para el 2014.<\/p>\n<p align=\"left\"><!--more--><\/p>\n<p align=\"left\">\n<p align=\"left\">1. La profesi\u00f3n sufre momentos muy complicados; as\u00ed que, pedimos un poco de justicia y que Luis de Guindos entre en raz\u00f3n y todo el tema de la <strong>LSP <\/strong>se disuelva en el aire, como si nunca hubiera pasado nada. \u00a1So\u00f1ar es gratis!<\/p>\n<p align=\"left\">2. Que nuestros representantes se olviden de sus tejemanejes particulares y que lo poco o mucho que hagan sea \u00fanicamente pensando en el bien de todos sus <strong>colegiados.<\/strong><\/p>\n<p align=\"left\">\n<p align=\"left\">3. Nuestras <strong><a href=\"https:\/\/stepienybarno.es\/blog\/2013\/05\/20\/carta-de-un-profesor-de-arquitectura\/\">Escuelas de Arquitectura<\/a><\/strong>, salvo excepciones, quedaron ancladas en los a\u00f1os ochenta del siglo pasado; as\u00ed que, pedimos:<\/p>\n<p align=\"left\">&#8211; \u00a0que cojan mayor conciencia de la <strong>crisis<\/strong> actual y, en consecuencia, el <a href=\"https:\/\/stepienybarno.es\/blog\/2013\/04\/06\/carta-de-un-estudiante-de-primero-de-arquitectura\/\">plan de estudios<\/a> cambie.<\/p>\n<p align=\"left\">&#8211; que, de una vez por todas, entiendan que el mundo a cambiado e <strong>Internet<\/strong> abre un sinf\u00edn de posibilidades.<\/p>\n<p align=\"left\">&#8211; que incorporen, \u00a0aunque sea como mar\u00edas, asignaturas que faciliten el desembarco profesional de sus alumnos en el <strong>mundo real.<\/strong><\/p>\n<p align=\"left\">\n<p align=\"left\">4. Aunque alguno diga que eso de los <strong><a href=\"http:\/\/nmas1.wordpress.com\/2013\/12\/19\/vivir-en-la-inopia\/\">falsos aut\u00f3nomos<\/a><\/strong> es pr\u00e1ctica de otro siglo; la realidad es que sigue siendo algo habitual; as\u00ed, mejor desear que desaparezca en estudios de arquitectura.<\/p>\n<p align=\"left\">\n<p align=\"left\">5. Pedimos un poco de <strong>mentalidad empresarial<\/strong> para el colectivo. Los estudios, en general, somos empresas y como tales conviene plantearnos nuestra actividad.<\/p>\n<p align=\"left\">\n<p align=\"left\">Y est\u00e1 claro que podr\u00edamos seguir pidiendo; pero \u00a1mejor os animamos a vosotros a completar nuestra lista!<\/p>\n<p align=\"left\">\n<blockquote>\n<p align=\"left\">Autores de la entrada: <a href=\"http:\/\/www.facebook.com\/col.prudant#!\/StepienybarnoCANAL\">Stepienybarno<\/a> _ Agnieszka Stepien y Lorenzo Barn\u00f3<\/p>\n<\/blockquote>\n<p align=\"left\">\n<blockquote>\n<p align=\"left\">Post relacionados:<\/p>\n<p align=\"left\">CARTA DE UN ARQUITECTO A LUIS DE GUINDOS<\/p>\n<p align=\"left\"><a href=\"https:\/\/stepienybarno.es\/blog\/2013\/06\/09\/carta-de-un-arquitecto-a-luis-de-guindos\/\">https:\/\/stepienybarno.es\/blog\/2013\/06\/09\/carta-de-un-arquitecto-a-luis-de-guindos\/<\/a><\/p>\n<p align=\"left\">CARTA DE UN ARQUITECTO CABREADO<\/p>\n<p align=\"left\"><a href=\"https:\/\/stepienybarno.es\/blog\/2013\/01\/17\/carta-de-un-arquitecto-cabreado\/\">https:\/\/stepienybarno.es\/blog\/2013\/01\/17\/carta-de-un-arquitecto-cabreado\/<\/a><\/p>\n<\/blockquote>\n<p align=\"left\">\n<p align=\"left\">* Este art\u00edculo ha sido escrito con car\u00e1cter divulgativo y sin ning\u00fan tipo de \u00e1nimo de lucro. As\u00ed que, si te apetece <strong>compartirlo<\/strong> en cualquier otro medio, estaremos encantados de que lo hagas siempre y cuando cites el lugar donde lo has encontrado.<\/p>\n<p align=\"left\">\n<p align=\"left\"><a href=\"http:\/\/www.linkedin.com\/company\/stepienybarno\">STEPIENYBARNO EN LINKEDIN<\/a><\/p>\n<p align=\"left\"><a href=\"http:\/\/twitter.com\/stepienybarno\/stepienybarno\">STEPIENYBARNO EN TWITTER<\/a><\/p>\n<p align=\"left\"><a href=\"https:\/\/www.facebook.com\/pages\/BLOG-DE-STEPIENYBARNO\/78001079029\">STEPIENYBARNO EN FACEBOOK<\/a><\/p>\n<p align=\"left\">\n<p align=\"left\">* Stepienybarno est\u00e1 formado por Agnieszka Stepien y Lorenzo Barn\u00f3 y desde mayo del 2009 estamos en la red con\u00a0 la presente publicaci\u00f3n digital (Blog) de arquitectura.<\/p>\n<p align=\"left\">Nuestra actividad se sustenta en tres pilares b\u00e1sicos: la investigaci\u00f3n, la publicaci\u00f3n y la redacci\u00f3n de proyectos de arquitectura.<\/p>\n<p align=\"left\">A su vez, somos socios cofundadores de <a href=\"http:\/\/sinergiasostenible.org\/\">SINERGIA SOSTENIBLE<\/a> y redactores de <a href=\"http:\/\/www.laciudadviva.org\/blogs\/?author=45\">LA CIUDAD VIVA<\/a>.<\/p>\n<p align=\"left\">* Los editores de esta publicaci\u00f3n digital no nos hacemos cargo de de los comentarios y\u00a0 conceptos vertidos en los textos firmados por otras personas, siendo \u00e9stos de responsabilidad exclusiva de sus autores.<\/p>\n<p align=\"left\">* Tu comentario pudiera ser moderado, por lo tanto, aunque aparezca inmediatamente al ser publicado en la entrada, los editores de esta publicaci\u00f3n digital nos reservamos el derecho tanto de editarlo (si fuera necesario, para hacerlo m\u00e1s legible) como de eliminarlo en el caso de que se usen expresiones incorrectas (descalificaciones, palabras malsonantes\u2026). A su vez, si quieres comentar desde el anonimato puedes hacerlo, aunque, nosotros personalmente, agradecemos que tod@s nos podamos identificar.<\/p>\n","protected":false},"excerpt":{"rendered":"<p>Nuevo a\u00f1o a la vuelta de la esquina y no pod\u00edamos dejar pasar la oportunidad para lanzar a la esfera digital unos cuantos deseos para el 2014.<\/p>\n<p>(m\u00e1s&#8230;)<\/p>\n","protected":false},"author":2,"featured_media":0,"comment_status":"open","ping_status":"closed","sticky":false,"template":"","format":"standard","meta":{"om_disable_all_campaigns":false,"_monsterinsights_skip_tracking":false,"_monsterinsights_sitenote_active":false,"_monsterinsights_sitenote_note":"","_monsterinsights_sitenote_category":0,"_uf_show_specific_survey":0,"_uf_disable_surveys":false,"episode_type":"","audio_file":"","cover_image":"","cover_image_id":"","duration":"","filesize":"","date_recorded":"","explicit":"","block":"","filesize_raw":"","footnotes":""},"categories":[34],"tags":[4274,9],"series":[],"class_list":["post-11867","post","type-post","status-publish","format-standard","hentry","category-actualidad","tag-actualidad","tag-arquitectura"],"aioseo_notices":[],"episode_featured_image":false,"episode_player_image":"https:\/\/stepienybarno.es\/blog\/wp-content\/uploads\/2020\/11\/stepienybarno-podcast-scaled.jpg","download_link":"","player_link":"","audio_player":false,"episode_data":{"playerMode":"dark","subscribeUrls":[],"rssFeedUrl":"https:\/\/stepienybarno.es\/blog\/feed\/podcast\/podcast-de-stepienybarno","embedCode":"<blockquote class=\"wp-embedded-content\" data-secret=\"yJSWyHLEQI\"><a href=\"https:\/\/stepienybarno.es\/blog\/2013\/12\/31\/5-arqui-deseos-para-el-2014\/\">5 ARQUI-DESEOS PARA EL 2014<\/a><\/blockquote><iframe sandbox=\"allow-scripts\" security=\"restricted\" src=\"https:\/\/stepienybarno.es\/blog\/2013\/12\/31\/5-arqui-deseos-para-el-2014\/embed\/#?secret=yJSWyHLEQI\" width=\"500\" height=\"350\" title=\"\u00ab5 ARQUI-DESEOS PARA EL 2014\u00bb \u2014 Blog de STEPIEN Y BARNO - publicaci\u00f3n digital sobre arquitectura\" data-secret=\"yJSWyHLEQI\" frameborder=\"0\" marginwidth=\"0\" marginheight=\"0\" scrolling=\"no\" class=\"wp-embedded-content\"><\/iframe><script type=\"text\/javascript\">\n\/* <![CDATA[ *\/\n\/*! This file is auto-generated *\/\n!function(d,l){\"use strict\";l.querySelector&&d.addEventListener&&\"undefined\"!=typeof URL&&(d.wp=d.wp||{},d.wp.receiveEmbedMessage||(d.wp.receiveEmbedMessage=function(e){var t=e.data;if((t||t.secret||t.message||t.value)&&!\/[^a-zA-Z0-9]\/.test(t.secret)){for(var s,r,n,a=l.querySelectorAll('iframe[data-secret=\"'+t.secret+'\"]'),o=l.querySelectorAll('blockquote[data-secret=\"'+t.secret+'\"]'),c=new RegExp(\"^https?:$\",\"i\"),i=0;i<o.length;i++)o[i].style.display=\"none\";for(i=0;i<a.length;i++)s=a[i],e.source===s.contentWindow&&(s.removeAttribute(\"style\"),\"height\"===t.message?(1e3<(r=parseInt(t.value,10))?r=1e3:~~r<200&&(r=200),s.height=r):\"link\"===t.message&&(r=new URL(s.getAttribute(\"src\")),n=new URL(t.value),c.test(n.protocol))&&n.host===r.host&&l.activeElement===s&&(d.top.location.href=t.value))}},d.addEventListener(\"message\",d.wp.receiveEmbedMessage,!1),l.addEventListener(\"DOMContentLoaded\",function(){for(var e,t,s=l.querySelectorAll(\"iframe.wp-embedded-content\"),r=0;r<s.length;r++)(t=(e=s[r]).getAttribute(\"data-secret\"))||(t=Math.random().toString(36).substring(2,12),e.src+=\"#?secret=\"+t,e.setAttribute(\"data-secret\",t)),e.contentWindow.postMessage({message:\"ready\",secret:t},\"*\")},!1)))}(window,document);\n\/* ]]> *\/\n<\/script>\n"},"_links":{"self":[{"href":"https:\/\/stepienybarno.es\/blog\/wp-json\/wp\/v2\/posts\/11867"}],"collection":[{"href":"https:\/\/stepienybarno.es\/blog\/wp-json\/wp\/v2\/posts"}],"about":[{"href":"https:\/\/stepienybarno.es\/blog\/wp-json\/wp\/v2\/types\/post"}],"author":[{"embeddable":true,"href":"https:\/\/stepienybarno.es\/blog\/wp-json\/wp\/v2\/users\/2"}],"replies":[{"embeddable":true,"href":"https:\/\/stepienybarno.es\/blog\/wp-json\/wp\/v2\/comments?post=11867"}],"version-history":[{"count":2,"href":"https:\/\/stepienybarno.es\/blog\/wp-json\/wp\/v2\/posts\/11867\/revisions"}],"predecessor-version":[{"id":11870,"href":"https:\/\/stepienybarno.es\/blog\/wp-json\/wp\/v2\/posts\/11867\/revisions\/11870"}],"wp:attachment":[{"href":"https:\/\/stepienybarno.es\/blog\/wp-json\/wp\/v2\/media?parent=11867"}],"wp:term":[{"taxonomy":"category","embeddable":true,"href":"https:\/\/stepienybarno.es\/blog\/wp-json\/wp\/v2\/categories?post=11867"},{"taxonomy":"post_tag","embeddable":true,"href":"https:\/\/stepienybarno.es\/blog\/wp-json\/wp\/v2\/tags?post=11867"},{"taxonomy":"series","embeddable":true,"href":"https:\/\/stepienybarno.es\/blog\/wp-json\/wp\/v2\/series?post=11867"}],"curies":[{"name":"wp","href":"https:\/\/api.w.org\/{rel}","templated":true}]}}