{"id":12052,"date":"2014-01-13T21:12:46","date_gmt":"2014-01-13T19:12:46","guid":{"rendered":"https:\/\/www.stepienybarno.es\/blog\/?p=12052"},"modified":"2014-01-14T08:58:50","modified_gmt":"2014-01-14T06:58:50","slug":"proyectos-encontrados","status":"publish","type":"post","link":"https:\/\/stepienybarno.es\/blog\/2014\/01\/13\/proyectos-encontrados\/","title":{"rendered":"PROYECTOS ENCONTRADOS"},"content":{"rendered":"<p style=\"text-align: center;\"><a href=\"https:\/\/stepienybarno.es\/blog\/wp-content\/uploads\/2014\/01\/PROYECTOS-ENCONTRADOS-Juan-Jos\u00e9-L\u00f3pez-de-la-Cruz_Recolectores-Urbanos-stepienybarno-0-.jpg\"><img loading=\"lazy\" decoding=\"async\" class=\"alignnone size-medium wp-image-12053\" title=\"PROYECTOS ENCONTRADOS- Juan Jos\u00e9 L\u00f3pez de la Cruz_Recolectores-Urbanos-stepienybarno 0\" src=\"https:\/\/stepienybarno.es\/blog\/wp-content\/uploads\/2014\/01\/PROYECTOS-ENCONTRADOS-Juan-Jos\u00e9-L\u00f3pez-de-la-Cruz_Recolectores-Urbanos-stepienybarno-0--350x350.jpg\" alt=\"PROYECTOS ENCONTRADOS- Juan Jos\u00e9 L\u00f3pez de la Cruz_Recolectores-Urbanos-stepienybarno 0\" width=\"350\" height=\"350\" \/><\/a><\/p>\n<p align=\"left\">\n<p align=\"left\">Hay libros que te enganchan y te llevan por caminos inesperados; este es el caso de <em>Proyectos encontrados<\/em>, una exquisita publicaci\u00f3n a cargo de <em>Juan Jos\u00e9 L\u00f3pez de la Cruz<\/em>, acompa\u00f1ado por su inseparable <em>\u00c1ngel Mart\u00ednez Garc\u00eda-Posada<\/em>. En ella, se pone de manifiesto su capacidad de atar cabos sueltos y nos regala una estupenda historia de encuentros proyectuales y vitales, publicada por la prometedora editorial sevillana de <a href=\"https:\/\/stepienybarno.es\/blog\/2013\/03\/27\/recolectores-urbanos\/\">Recolectores Urbanos<\/a>.<\/p>\n<p align=\"left\">Juanjo, a su vez, es socio junto a Mar\u00eda Gonz\u00e1lez del requetepremiado estudio Sol 89.<\/p>\n<p align=\"left\">Si quer\u00e9is saber un poco m\u00e1s sobre esta joyita, ya sab\u00e9is \u00a1a seguir leyendo!<\/p>\n<p align=\"left\"><!--more--><\/p>\n<p align=\"left\">\n<p align=\"left\">Las famosas <em>tres R, reducir, reutilizar y reciclar<\/em>, que se popularizaron a principios de este siglo, poco a poco, se han ido metiendo en la cabeza de los habitantes de gran parte del planeta. A su vez, este acto de <strong>aprovechar lo que se tiene a mano y hacer mucho con poco<\/strong>, ha sido constante a lo largo de la historia de la humanidad. Sin embargo, con la llegada de la modernidad y pensar que todo era posible, nos hemos visto enredados en una vor\u00e1gine de consumo y despilfarro que ha puesto en jaque a nuestra propia civilizaci\u00f3n.<\/p>\n<p align=\"left\">Por ello, creemos que este libro tiene la especial virtud de hilar fino en la b\u00fasqueda de momentos precisos en los que, volviendo a los or\u00edgenes, grandes artistas y arquitectos han hecho uso del <strong>sentido com\u00fan<\/strong> y han izado \u00a0la bandera de la<strong> sensatez<\/strong> en sus propuestas. As\u00ed, <em>Juan Jos\u00e9 L\u00f3pez de la Cruz<\/em> comenta que \u201cideas como empezar de cero o <em>tabula rasa<\/em> se antojan insuficientes; nuestro universo es una acumulaci\u00f3n, el descubrimiento desde la nada es irreal y el vac\u00edo una ficci\u00f3n, siempre habr\u00e1 algo por encontrar que podamos reinterpretar.\u201d Y sobre ello va el texto en su poderoso arranque, sobre la <strong>alteraci\u00f3n del significado<\/strong> de las cosas,\u00a0 sobre el <strong>recurso creativo en la reutilizaci\u00f3n<\/strong>, sobre la <strong><em>serendipia<\/em><\/strong> y sobre el reciclaje como oportunidad para <strong>repensar<\/strong> las cosas.<\/p>\n<p align=\"left\">\n<p align=\"left\">De esta forma, la mirada inquieta del autor nos hace navegar por varios proyectos y acciones sin aparente conexi\u00f3n, pero que terminan cobrando un sentido extra en la puesta en com\u00fan. Como bien dice <em>L\u00f3pez de la Cruz<\/em>, \u201cun arquitecto proyecta cuando piensa en sus proyectos propios y, sin duda, cuando relee los ajenos\u201d. En realidad, \u00a0eso es exactamente lo que hace el autor; un continuo proyectar m\u00e1s all\u00e1 de su actividad como responsable del estudio de arquitectura Sol 89. Su \u00a0<strong>mirada transversal y global<\/strong> va fluyendo armoniosamente por las p\u00e1ginas del libro.<\/p>\n<p align=\"left\">\n<p align=\"left\">En las mismas se van sucediendo muchas de las debilidades del autor, dando cabida, por ejemplo, a la<em> Fontaine<\/em> de <strong><em>Duchamp<\/em><\/strong> y meti\u00e9ndose de lleno en conceptos de <em>significado<\/em> y <em><a href=\"http:\/\/es.wikipedia.org\/wiki\/Significante\">significante<\/a>,<\/em> cercanos a las teor\u00edas <em>Lacanianas<\/em>. \u00a0Por supuesto, para tal cita no pod\u00edan faltar <strong><em>Gordon Matta-Clark<\/em><\/strong><em> <\/em>y sus <em>jardines rel\u00e1mpago<\/em> o los cada vez m\u00e1s actuales <strong><em><a href=\"http:\/\/www.greenguerillas.org\/\">Green Guerrilla<\/a>s<\/em><\/strong>.<\/p>\n<p style=\"text-align: center;\" align=\"left\"><a style=\"text-align: center;\" href=\"https:\/\/stepienybarno.es\/blog\/wp-content\/uploads\/2014\/01\/CABEZA-TORO-PICASSO.jpg\"><img loading=\"lazy\" decoding=\"async\" class=\"aligncenter\" title=\"CABEZA TORO PICASSO\" src=\"https:\/\/stepienybarno.es\/blog\/wp-content\/uploads\/2014\/01\/CABEZA-TORO-PICASSO-350x171.jpg\" alt=\"CABEZA TORO PICASSO\" width=\"350\" height=\"171\" \/><\/a><\/p>\n<p align=\"left\">Esta secuencia, se plantea con un ligamen muy especial: la <strong>memoria <\/strong>y su capacidad evocadora. As\u00ed,\u00a0 se afirma que\u00a0 \u201ccada objeto de nuestras visas es un relato de nosotros mismos\u201d; como si, de alguna manera, tuvieran un alma que se nos escapa y que, sin duda, \u00a0\u201cla reutilizaci\u00f3n de objetos pret\u00e9ritos puede ser tambi\u00e9n la oportunidad de transmitir la memoria que encierran\u201d.<\/p>\n<p align=\"left\">Propiciar una nueva coyuntura al propio material para que siga enriqueciendo su existencia y la de los dem\u00e1s, seguramente, est\u00e1 muy cercano a la\u00a0 idea oriental de la reencarnaci\u00f3n en la b\u00fasqueda del zenit espiritual.<\/p>\n<p align=\"left\">En este sentido, pero cambiando la escala del objeto por el de la arquitectura, Juanjo afirma que \u201c<strong>la arquitectura lleva siglos revelando otros tiempos<\/strong>, encontr\u00e1ndolos y superponi\u00e9ndolos, probablemente sea la disciplina que m\u00e1s lleve haci\u00e9ndolo, tal vez inconscientemente, cuando la acci\u00f3n preced\u00eda al discurso, antes de teorizar sobre la conveniencia de reutilizar lo usado o la oportunidad del descubrimiento como acci\u00f3n creativa.\u201d Ciertamente, la arquitectura \u201cobserva el tiempo como materia de reflexi\u00f3n\u201d y como bien dec\u00eda <em>Octavio Paz<\/em>, quedar\u00e1 como testigo mudo e insobornable de la historia. Arquitectura, tiempo y materia ir\u00e1n de la mano hasta el final de los tiempos.<\/p>\n<p align=\"left\">\n<p align=\"left\">Hace poco, coment\u00e1bamos <a href=\"https:\/\/stepienybarno.es\/blog\/2013\/12\/24\/principia-architectonica-de-alberto-campo-baeza\/\">en otro post<\/a> que <em>Coderch <\/em>siempre hac\u00eda la misma casa; mejor dicho, proyectaba la misma casa, pero le iban saliendo, por las exigencias del gui\u00f3n, casas diferentes. Algo parecido se puede leer en uno de los pasajes del libro, cuando <em>Juan Jos\u00e9 L\u00f3pez de la Cruz<\/em> comenta que, \u201cel arquitecto hace <strong>un \u00fanico proyecto a lo largo de la vida<\/strong>, sin saber muy bien cu\u00e1ndo empez\u00f3, y a medida que pasa el tiempo va acopiando intereses que corrigen el rumbo de ese \u00fanico proyecto.\u201d<\/p>\n<p align=\"left\">As\u00ed, ahondando en uno de los temas recurrentes del autor, las <strong>partidas simult\u00e1neas de ajedrez<\/strong> &#8211; en las que un gran maestro va dando frente a varios tableros a la vez- \u00a0tendr\u00edan que ver con el trabajo de arquitecto, quien da forma a sus proyectos como si de ese gran maestro, pero en este caso de la arquitectura, se tratase.<\/p>\n<p align=\"left\">Siguiendo este paralelismo, alguno de estos ajedrecistas son capaces de jugar estas <strong>simult\u00e1neas a ciegas<\/strong> &#8211; eso es, sin mirar el tablero -, incluso con temibles rivales. Ahora, la analog\u00eda nos llevar\u00eda a los maestros de entre los maestros de la arquitectura; <strong>aquellos que supieron leer su contexto m\u00e1s all\u00e1 del resto<\/strong> con una mirada profunda que siempre ha sido el germen de la Arquitectura con may\u00fasculas.<\/p>\n<p align=\"left\">\n<p align=\"left\">De esta forma, sumergidos en este apasionante y apasionado relato, las historias enlazadas se van sucediendo y, como si de una \u00fanica <strong>gran obra teatral<\/strong> se tratase, van sucedi\u00e9ndose los distintos actos y actores que no son otra cosa que \u00a0las narraciones de los proyectos elegidos. As\u00ed, por ejemplo, los residuos f\u00edsicos y de la memoria de la antigua construcci\u00f3n que se encontr\u00f3 <strong><em>Le Corbusier<\/em><\/strong> cuando lleg\u00f3 en helic\u00f3ptero por primera vez al emplazamiento de lo que, posteriormente, ser\u00eda el templo m\u00e1s hermoso jam\u00e1s so\u00f1ado por la arquitectura moderna, <strong><em>Ronchamp<\/em><\/strong>, pasan a ser protagonista principal. Posteriormente, esta escena queda hermanada con los residuos que los <strong><em>Smithson<\/em><\/strong> usaron para dar vida y relieve al espacio comunitario de su radical planteamiento en <strong><em>Robin Hood Gardens<\/em><\/strong>.<\/p>\n<p align=\"left\">Con todo ello, tal como afirma el autor, \u201cen el proceso de reciclaje del material queda algo de su vida anterior que establece relaciones temporales y espaciales que van m\u00e1s all\u00e1 de la simple reutilizaci\u00f3n \u00fatil y que, como <strong>campos de atracci\u00f3n<\/strong>, generan v\u00ednculos invisibles entre la nueva realidad y la pasada.\u201d<\/p>\n<p align=\"left\">\n<p align=\"left\">Esos <strong>v\u00ednculos invisibles<\/strong> son los que tambi\u00e9n unen a las personas y, en este caso, el libro queda rematado, a modo de homenaje, por las reflexiones de <em>\u00c1ngel Mart\u00ednez Garc\u00eda-Posada<\/em>, que m\u00e1s que actuar como compa\u00f1ero de batallas de <em>Juan Jos\u00e9 L\u00f3pez de la Cruz<\/em>, \u00a0lo hace desde el coraz\u00f3n hermanado que han ido forjando a lo largo de los a\u00f1os. En la recta final del libro apunta, \u201cen ocasiones, pese a lo improbable, ocurre el emocionante <strong>encuentro<\/strong> con otros que transitaban la misma senda\u201d. En este caso, la <strong>senda <\/strong>del <strong>amor por la arquitectura<\/strong>, la <strong>curiosidad <\/strong>cercana a la de un ni\u00f1o que todo lo quiere saber, y, sobre todo, el compromiso por la<strong> ense\u00f1anza,<\/strong> es lo que ha unido sus caminos, apostando por el compromiso profesional lejano a muchas \u00a0modas y modos del momento presente.<\/p>\n<p align=\"left\">Como pod\u00e9is ver, para nosotros <em>Proyectos encontrados<\/em> ha sido algo m\u00e1s que un libro; un paseo por los pensamientos y obsesiones de Juanjo y \u00c1ngel, pareja de intensos arquitectos que destacando como tales, lo hacen aun m\u00e1s como <strong>grandes personas<\/strong>.<\/p>\n<p align=\"left\">En fin, esperamos que esta humilde rese\u00f1a sirva para dar fe de las bondades de un libro que tanto nos ha hecho disfrutar y aprender. Por todo ello, os animamos a meteros de lleno con \u00e9l, ya que su lectura no os dejar\u00e1 indiferente!<\/p>\n<p align=\"left\">\n<blockquote>\n<p style=\"text-align: center;\">Autores de la entrada:<strong> <a href=\"http:\/\/www.facebook.com\/col.prudant#!\/StepienybarnoCANAL\">Stepienybarno<\/a> <\/strong>_ Agnieszka Stepien y Lorenzo Barn\u00f3<\/p>\n<\/blockquote>\n<blockquote>\n<p style=\"text-align: center;\"><a href=\"https:\/\/stepienybarno.es\/blog\/wp-content\/uploads\/2014\/01\/PROYECTOS-ENCONTRADOS-Juan-Jos\u00e9-L\u00f3pez-de-la-Cruz_Recolectores-Urbanos-stepienybarno-2-.jpg\"><img loading=\"lazy\" decoding=\"async\" class=\"alignnone size-full wp-image-12064\" title=\"PROYECTOS ENCONTRADOS- Juan Jos\u00e9 L\u00f3pez de la Cruz_Recolectores-Urbanos-stepienybarno 2\" src=\"https:\/\/stepienybarno.es\/blog\/wp-content\/uploads\/2014\/01\/PROYECTOS-ENCONTRADOS-Juan-Jos\u00e9-L\u00f3pez-de-la-Cruz_Recolectores-Urbanos-stepienybarno-2-.jpg\" alt=\"PROYECTOS ENCONTRADOS- Juan Jos\u00e9 L\u00f3pez de la Cruz_Recolectores-Urbanos-stepienybarno 2\" width=\"405\" height=\"124\" srcset=\"https:\/\/stepienybarno.es\/blog\/wp-content\/uploads\/2014\/01\/PROYECTOS-ENCONTRADOS-Juan-Jos\u00e9-L\u00f3pez-de-la-Cruz_Recolectores-Urbanos-stepienybarno-2-.jpg 405w, https:\/\/stepienybarno.es\/blog\/wp-content\/uploads\/2014\/01\/PROYECTOS-ENCONTRADOS-Juan-Jos\u00e9-L\u00f3pez-de-la-Cruz_Recolectores-Urbanos-stepienybarno-2--180x55.jpg 180w, https:\/\/stepienybarno.es\/blog\/wp-content\/uploads\/2014\/01\/PROYECTOS-ENCONTRADOS-Juan-Jos\u00e9-L\u00f3pez-de-la-Cruz_Recolectores-Urbanos-stepienybarno-2--316x97.jpg 316w\" sizes=\"(max-width: 405px) 100vw, 405px\" \/><\/a><\/p>\n<p style=\"text-align: center;\"><span style=\"font-style: italic;\"><span style=\"color: #888888;\">Mar\u00eda G\u00f3nzalez + Juan Jos\u00e9 L\u00f3pez de la Cruz<\/span><\/span><\/p>\n<p style=\"text-align: left;\">* A buen seguro, este libro no hubiera sido el mismo sin la presencia de <strong>Mar\u00eda Gonz\u00e1lez,<\/strong> socia de Juanjo en <strong>Sol 89<\/strong>. Conocemos a ambos y sabemos que muchas de las l\u00edneas de este libro ser\u00e1n tan del uno como del otro.<\/p>\n<p style=\"text-align: center;\">web del estudio: http:\/\/sol89.sol89.com\/<\/p>\n<h2 style=\"text-align: center;\"><strong><a href=\"https:\/\/stepienybarno.es\/blog\/2012\/11\/01\/resenas-de-libros-de-arquitectura\/\">Rese\u00f1a previa del libro:<\/a><\/strong><\/h2>\n<p style=\"text-align: center;\">\n<blockquote class=\"wp-embedded-content\" data-secret=\"TTIKnQV4bp\"><p><a href=\"https:\/\/stepienybarno.es\/blog\/2012\/11\/01\/resenas-de-libros-de-arquitectura\/\">RESE\u00d1AS DE LIBROS DE ARQUITECTURA<\/a><\/p><\/blockquote>\n<p><iframe loading=\"lazy\" class=\"wp-embedded-content\" sandbox=\"allow-scripts\" security=\"restricted\" style=\"position: absolute; clip: rect(1px, 1px, 1px, 1px);\" title=\"\u00abRESE\u00d1AS DE LIBROS DE ARQUITECTURA\u00bb \u2014 Blog de STEPIEN Y BARNO - publicaci\u00f3n digital sobre arquitectura\" src=\"https:\/\/stepienybarno.es\/blog\/2012\/11\/01\/resenas-de-libros-de-arquitectura\/embed\/#?secret=TTIKnQV4bp\" data-secret=\"TTIKnQV4bp\" width=\"600\" height=\"338\" frameborder=\"0\" marginwidth=\"0\" marginheight=\"0\" scrolling=\"no\"><\/iframe><\/p>\n<\/blockquote>\n<p align=\"left\">\n<blockquote>\n<h1><strong>Post relacionados en Stepienybarno:<\/strong><\/h1>\n<p><a href=\"https:\/\/stepienybarno.es\/blog\/2014\/01\/10\/11999\/\"><\/a><\/p>\n<p><a href=\"https:\/\/stepienybarno.es\/blog\/2014\/01\/10\/11999\/\"><\/a><\/p>\n<p><a href=\"https:\/\/stepienybarno.es\/blog\/2014\/01\/10\/11999\/\"><\/a><\/p>\n<p><a href=\"https:\/\/stepienybarno.es\/blog\/2014\/01\/10\/11999\/\"><\/a><\/p>\n<p><a href=\"https:\/\/stepienybarno.es\/blog\/2014\/01\/10\/11999\/\"><\/a><\/p>\n<p><a href=\"https:\/\/stepienybarno.es\/blog\/2014\/01\/10\/11999\/\"><\/a><\/p>\n<p><a href=\"https:\/\/stepienybarno.es\/blog\/2014\/01\/10\/11999\/\"><\/a><\/p>\n<p><a href=\"https:\/\/stepienybarno.es\/blog\/2014\/01\/10\/11999\/\"><\/a><\/p>\n<p><a href=\"https:\/\/stepienybarno.es\/blog\/2014\/01\/10\/11999\/\"><\/p>\n<p align=\"left\">GORDON MATTA-CLARK Y EL LADO M\u00c1S VERDE DE LA ARQUITECTURA<\/p>\n<p><\/a><a href=\"https:\/\/stepienybarno.es\/blog\/2014\/01\/10\/11999\/\"><\/a><a href=\"https:\/\/stepienybarno.es\/blog\/2014\/01\/10\/11999\/\"><\/a><a href=\"https:\/\/stepienybarno.es\/blog\/2014\/01\/10\/11999\/\"><\/a><a href=\"https:\/\/stepienybarno.es\/blog\/2014\/01\/10\/11999\/\"><\/a><a href=\"https:\/\/stepienybarno.es\/blog\/2014\/01\/10\/11999\/\"><\/a><a href=\"https:\/\/stepienybarno.es\/blog\/2014\/01\/10\/11999\/\"><\/a><a href=\"https:\/\/stepienybarno.es\/blog\/2014\/01\/10\/11999\/\"><\/a><a href=\"https:\/\/stepienybarno.es\/blog\/2014\/01\/10\/11999\/\"><\/a><\/p>\n<p align=\"left\"><a href=\"https:\/\/stepienybarno.es\/blog\/2014\/01\/10\/11999\/\">https:\/\/stepienybarno.es\/blog\/2014\/01\/10\/11999\/<\/a><\/p>\n<p align=\"left\">La palabra y el dibujo<\/p>\n<p align=\"left\"><a href=\"https:\/\/stepienybarno.es\/blog\/2014\/01\/04\/la-palabra-y-el-dibujo\/\">https:\/\/stepienybarno.es\/blog\/2014\/01\/04\/la-palabra-y-el-dibujo\/<\/a><\/p>\n<p align=\"left\">INSTITUTO ANDALUZ DE BIOTECNOLOG\u00cdA \/ SOL89<\/p>\n<p align=\"left\">\n<blockquote class=\"wp-embedded-content\" data-secret=\"QDPNsEdTpc\"><p><a href=\"https:\/\/stepienybarno.es\/blog\/2011\/03\/21\/instituto-andaluz-de-biotecnologia-sol89\/\">INSTITUTO ANDALUZ DE BIOTECNOLOG\u00cdA \/ SOL89<\/a><\/p><\/blockquote>\n<p><iframe loading=\"lazy\" class=\"wp-embedded-content\" sandbox=\"allow-scripts\" security=\"restricted\" style=\"position: absolute; clip: rect(1px, 1px, 1px, 1px);\" title=\"\u00abINSTITUTO ANDALUZ DE BIOTECNOLOG\u00cdA \/ SOL89\u00bb \u2014 Blog de STEPIEN Y BARNO - publicaci\u00f3n digital sobre arquitectura\" src=\"https:\/\/stepienybarno.es\/blog\/2011\/03\/21\/instituto-andaluz-de-biotecnologia-sol89\/embed\/#?secret=QDPNsEdTpc\" data-secret=\"QDPNsEdTpc\" width=\"600\" height=\"338\" frameborder=\"0\" marginwidth=\"0\" marginheight=\"0\" scrolling=\"no\"><\/iframe><\/p>\n<p align=\"left\">CENTRO DE EXPOSICIONES Y CONGRESOS DE AYAMONTE. EN CONSTRUCCI\u00d3N<\/p>\n<p align=\"left\">\n<blockquote class=\"wp-embedded-content\" data-secret=\"KSpYJOCNuw\"><p><a href=\"https:\/\/stepienybarno.es\/blog\/2011\/01\/09\/centro-de-exposiciones-y-congresos-de-ayamonte-en-construccion\/\">CENTRO DE EXPOSICIONES Y CONGRESOS DE AYAMONTE. EN CONSTRUCCI\u00d3N<\/a><\/p><\/blockquote>\n<p><iframe loading=\"lazy\" class=\"wp-embedded-content\" sandbox=\"allow-scripts\" security=\"restricted\" style=\"position: absolute; clip: rect(1px, 1px, 1px, 1px);\" title=\"\u00abCENTRO DE EXPOSICIONES Y CONGRESOS DE AYAMONTE. EN CONSTRUCCI\u00d3N\u00bb \u2014 Blog de STEPIEN Y BARNO - publicaci\u00f3n digital sobre arquitectura\" src=\"https:\/\/stepienybarno.es\/blog\/2011\/01\/09\/centro-de-exposiciones-y-congresos-de-ayamonte-en-construccion\/embed\/#?secret=KSpYJOCNuw\" data-secret=\"KSpYJOCNuw\" width=\"600\" height=\"338\" frameborder=\"0\" marginwidth=\"0\" marginheight=\"0\" scrolling=\"no\"><\/iframe><\/p>\n<\/blockquote>\n<p align=\"left\"><strong> <\/strong><\/p>\n<blockquote>\n<h1><strong>Post relacionados:<\/strong><\/h1>\n<h2><span style=\"font-weight: normal;\">&#8211; Arquitectura Joven Andaluza. Sol89<\/span><\/h2>\n<p align=\"left\"><a href=\"http:\/\/arquitextonica.net\/2013\/02\/21\/arquitectura-joven-andaluza-sol89\/\">http:\/\/arquitextonica.net\/2013\/02\/21\/arquitectura-joven-andaluza-sol89\/<\/a><\/p>\n<h2><span style=\"font-weight: normal;\">&#8211; Proyectos encontrados<\/span><\/h2>\n<p><a href=\"http:\/\/editorial.recolectoresurbanos.com\/tienda\/proyectos-encontrados\/\">http:\/\/editorial.recolectoresurbanos.com\/tienda\/proyectos-encontrados\/<\/a><\/p>\n<p align=\"left\">\n<\/blockquote>\n<p align=\"left\">\n<p align=\"left\">* Este art\u00edculo ha sido escrito con car\u00e1cter divulgativo y sin ning\u00fan tipo de \u00e1nimo de lucro. As\u00ed que, si te apetece <strong>compartirlo<\/strong> en cualquier otro medio, estaremos encantados de que lo hagas siempre y cuando cites el lugar donde lo has encontrado.<\/p>\n<p align=\"left\">\n<p align=\"left\"><a href=\"http:\/\/www.linkedin.com\/company\/stepienybarno\">STEPIENYBARNO EN LINKEDIN<\/a><\/p>\n<p align=\"left\"><a href=\"http:\/\/twitter.com\/stepienybarno\/stepienybarno\">STEPIENYBARNO EN TWITTER<\/a><\/p>\n<p align=\"left\"><a href=\"https:\/\/www.facebook.com\/pages\/BLOG-DE-STEPIENYBARNO\/78001079029\">STEPIENYBARNO EN FACEBOOK<\/a><\/p>\n<p align=\"left\">\n<p align=\"left\">* Stepienybarno est\u00e1 formado por Agnieszka Stepien y Lorenzo Barn\u00f3 y desde mayo del 2009 estamos en la red con\u00a0 la presente publicaci\u00f3n digital (Blog) de arquitectura.<\/p>\n<p align=\"left\">Nuestra actividad se sustenta en tres pilares b\u00e1sicos: la investigaci\u00f3n, la publicaci\u00f3n y la redacci\u00f3n de proyectos de arquitectura.<\/p>\n<p align=\"left\">A su vez, somos socios cofundadores de <a href=\"http:\/\/sinergiasostenible.org\/\">SINERGIA SOSTENIBLE<\/a> y redactores de <a href=\"http:\/\/www.laciudadviva.org\/blogs\/?author=45\">LA CIUDAD VIVA<\/a>.<\/p>\n<p align=\"left\">* Los editores de esta publicaci\u00f3n digital no nos hacemos cargo de de los comentarios y\u00a0 conceptos vertidos en los textos firmados por otras personas, siendo \u00e9stos de responsabilidad exclusiva de sus autores.<\/p>\n<p align=\"left\">* Tu comentario pudiera ser moderado, por lo tanto, aunque aparezca inmediatamente al ser publicado en la entrada, los editores de esta publicaci\u00f3n digital nos reservamos el derecho tanto de editarlo (si fuera necesario, para hacerlo m\u00e1s legible) como de eliminarlo en el caso de que se usen expresiones incorrectas (descalificaciones, palabras malsonantes\u2026). A su vez, si quieres comentar desde el anonimato puedes hacerlo, aunque, nosotros personalmente, agradecemos que tod@s nos podamos identificar.<\/p>\n","protected":false},"excerpt":{"rendered":"<p>Hay libros que te enganchan y te llevan por caminos inesperados; este es el caso de Proyectos encontrados, una exquisita publicaci\u00f3n a cargo de Juan Jos\u00e9 L\u00f3pez de la Cruz, comandado por su inseparable \u00c1ngel Mart\u00ednez Garc\u00eda-Posada. En ella, se pone de manifiesto su capacidad de atar cabos sueltos y nos regala una estupenda historia de encuentros proy\u00e9ctuales y vitales, publicada por la prometedora editorial sevillana de Recolectores Urbanos.<\/p>\n<p>Juanjo, a su vez, es socio junto a Mar\u00eda Gonz\u00e1lez del requetepremiado estudio Sol 89.<br \/>\nSi quer\u00e9is saber un poco m\u00e1s sobre esta joyita, ya sab\u00e9is \u00a1a seguir leyendo!<\/p>\n<p>(m\u00e1s&#8230;)<\/p>\n","protected":false},"author":2,"featured_media":0,"comment_status":"open","ping_status":"closed","sticky":false,"template":"","format":"standard","meta":{"om_disable_all_campaigns":false,"_monsterinsights_skip_tracking":false,"_monsterinsights_sitenote_active":false,"_monsterinsights_sitenote_note":"","_monsterinsights_sitenote_category":0,"_uf_show_specific_survey":0,"_uf_disable_surveys":false,"episode_type":"","audio_file":"","cover_image":"","cover_image_id":"","duration":"","filesize":"","date_recorded":"","explicit":"","block":"","filesize_raw":"","footnotes":""},"categories":[34,4],"tags":[4274,2609,9,2037,2036,1899],"series":[],"class_list":["post-12052","post","type-post","status-publish","format-standard","hentry","category-actualidad","category-arquilectura","tag-actualidad","tag-angel-martinez-garcia-posada","tag-arquitectura","tag-juan-jose-lopez-de-la-cruz","tag-proyectos-encontrados","tag-recolectores-urbanos"],"aioseo_notices":[],"episode_featured_image":false,"episode_player_image":"https:\/\/stepienybarno.es\/blog\/wp-content\/uploads\/2020\/11\/stepienybarno-podcast-scaled.jpg","download_link":"","player_link":"","audio_player":false,"episode_data":{"playerMode":"dark","subscribeUrls":[],"rssFeedUrl":"https:\/\/stepienybarno.es\/blog\/feed\/podcast\/podcast-de-stepienybarno","embedCode":"<blockquote class=\"wp-embedded-content\" data-secret=\"bns19o6bgC\"><a href=\"https:\/\/stepienybarno.es\/blog\/2014\/01\/13\/proyectos-encontrados\/\">PROYECTOS ENCONTRADOS<\/a><\/blockquote><iframe sandbox=\"allow-scripts\" security=\"restricted\" src=\"https:\/\/stepienybarno.es\/blog\/2014\/01\/13\/proyectos-encontrados\/embed\/#?secret=bns19o6bgC\" width=\"500\" height=\"350\" title=\"\u00abPROYECTOS ENCONTRADOS\u00bb \u2014 Blog de STEPIEN Y BARNO - publicaci\u00f3n digital sobre arquitectura\" data-secret=\"bns19o6bgC\" frameborder=\"0\" marginwidth=\"0\" marginheight=\"0\" scrolling=\"no\" class=\"wp-embedded-content\"><\/iframe><script type=\"text\/javascript\">\n\/* <![CDATA[ *\/\n\/*! This file is auto-generated *\/\n!function(d,l){\"use strict\";l.querySelector&&d.addEventListener&&\"undefined\"!=typeof URL&&(d.wp=d.wp||{},d.wp.receiveEmbedMessage||(d.wp.receiveEmbedMessage=function(e){var t=e.data;if((t||t.secret||t.message||t.value)&&!\/[^a-zA-Z0-9]\/.test(t.secret)){for(var s,r,n,a=l.querySelectorAll('iframe[data-secret=\"'+t.secret+'\"]'),o=l.querySelectorAll('blockquote[data-secret=\"'+t.secret+'\"]'),c=new RegExp(\"^https?:$\",\"i\"),i=0;i<o.length;i++)o[i].style.display=\"none\";for(i=0;i<a.length;i++)s=a[i],e.source===s.contentWindow&&(s.removeAttribute(\"style\"),\"height\"===t.message?(1e3<(r=parseInt(t.value,10))?r=1e3:~~r<200&&(r=200),s.height=r):\"link\"===t.message&&(r=new URL(s.getAttribute(\"src\")),n=new URL(t.value),c.test(n.protocol))&&n.host===r.host&&l.activeElement===s&&(d.top.location.href=t.value))}},d.addEventListener(\"message\",d.wp.receiveEmbedMessage,!1),l.addEventListener(\"DOMContentLoaded\",function(){for(var e,t,s=l.querySelectorAll(\"iframe.wp-embedded-content\"),r=0;r<s.length;r++)(t=(e=s[r]).getAttribute(\"data-secret\"))||(t=Math.random().toString(36).substring(2,12),e.src+=\"#?secret=\"+t,e.setAttribute(\"data-secret\",t)),e.contentWindow.postMessage({message:\"ready\",secret:t},\"*\")},!1)))}(window,document);\n\/* ]]> *\/\n<\/script>\n"},"_links":{"self":[{"href":"https:\/\/stepienybarno.es\/blog\/wp-json\/wp\/v2\/posts\/12052"}],"collection":[{"href":"https:\/\/stepienybarno.es\/blog\/wp-json\/wp\/v2\/posts"}],"about":[{"href":"https:\/\/stepienybarno.es\/blog\/wp-json\/wp\/v2\/types\/post"}],"author":[{"embeddable":true,"href":"https:\/\/stepienybarno.es\/blog\/wp-json\/wp\/v2\/users\/2"}],"replies":[{"embeddable":true,"href":"https:\/\/stepienybarno.es\/blog\/wp-json\/wp\/v2\/comments?post=12052"}],"version-history":[{"count":16,"href":"https:\/\/stepienybarno.es\/blog\/wp-json\/wp\/v2\/posts\/12052\/revisions"}],"predecessor-version":[{"id":12058,"href":"https:\/\/stepienybarno.es\/blog\/wp-json\/wp\/v2\/posts\/12052\/revisions\/12058"}],"wp:attachment":[{"href":"https:\/\/stepienybarno.es\/blog\/wp-json\/wp\/v2\/media?parent=12052"}],"wp:term":[{"taxonomy":"category","embeddable":true,"href":"https:\/\/stepienybarno.es\/blog\/wp-json\/wp\/v2\/categories?post=12052"},{"taxonomy":"post_tag","embeddable":true,"href":"https:\/\/stepienybarno.es\/blog\/wp-json\/wp\/v2\/tags?post=12052"},{"taxonomy":"series","embeddable":true,"href":"https:\/\/stepienybarno.es\/blog\/wp-json\/wp\/v2\/series?post=12052"}],"curies":[{"name":"wp","href":"https:\/\/api.w.org\/{rel}","templated":true}]}}