{"id":1221,"date":"2009-10-07T18:18:19","date_gmt":"2009-10-07T16:18:19","guid":{"rendered":"https:\/\/www.stepienybarno.es\/blog\/?p=1221"},"modified":"2014-05-15T20:53:46","modified_gmt":"2014-05-15T18:53:46","slug":"%c2%bfque-es-arquitectura-22","status":"publish","type":"post","link":"https:\/\/stepienybarno.es\/blog\/2009\/10\/07\/%c2%bfque-es-arquitectura-22\/","title":{"rendered":"\u00bfQUE ES ARQUITECTURA? 2\/2"},"content":{"rendered":"<p align=\"left\">\u00a0<\/p>\n<p align=\"center\"><img loading=\"lazy\" decoding=\"async\" class=\"alignnone size-full wp-image-1222\" title=\"PANTEON  - ISABEL MU\u00d1OZ\" src=\"https:\/\/stepienybarno.es\/blog\/wp-content\/uploads\/2009\/10\/PANTEON-ISABEL-MU\u00d1OZ.jpg\" alt=\"PANTEON  - ISABEL MU\u00d1OZ\" width=\"350\" height=\"357\" srcset=\"https:\/\/stepienybarno.es\/blog\/wp-content\/uploads\/2009\/10\/PANTEON-ISABEL-MU\u00d1OZ.jpg 350w, https:\/\/stepienybarno.es\/blog\/wp-content\/uploads\/2009\/10\/PANTEON-ISABEL-MU\u00d1OZ-176x180.jpg 176w, https:\/\/stepienybarno.es\/blog\/wp-content\/uploads\/2009\/10\/PANTEON-ISABEL-MU\u00d1OZ-316x322.jpg 316w\" sizes=\"(max-width: 350px) 100vw, 350px\" \/><\/p>\n<p align=\"center\"><span style=\"color: #888888;\">Fotograf\u00eda de Isabel Mu\u00f1oz<\/span><\/p>\n<p align=\"left\">\u00a0<\/p>\n<p align=\"left\">Despu\u00e9s del repaso m\u00e1s o menos hist\u00f3rico que hicimos en entrada de ayer, sobre lo que puede ser arquitectura y lo que quiz\u00e1s no lo sea tanto. Hoy nos gustar\u00eda centrar la reflexi\u00f3n desde una visi\u00f3n m\u00e1s cercana y actual de la cuesti\u00f3n. Quiz\u00e1s seamos demasiado pretenciosos pensando poder abarcar tan peliaguda cuesti\u00f3n pero estamos decididos a correr el riesgo.<\/p>\n<p align=\"left\">\u00a0<\/p>\n<p align=\"left\"><!--more--><\/p>\n<p align=\"left\">\u00a0<\/p>\n<p align=\"left\">Mucho se habla hoy de que la aut\u00e9ntica arquitectura es solamente\u00a0 la que propone un peque\u00f1o y selecto grupo de arquitectos que vienen acaparando la atenci\u00f3n de la cr\u00edtica especializada. Algunos los identifican como \u201c<em>los de negro<\/em>\u201d, \u00a0acus\u00e1ndoles de no ser m\u00e1s que la parte medi\u00e1tica del circo de la arquitectura. En consecuencia se entiende que el \u00a0resto de arquitectos no plantean m\u00e1s que una digna construcci\u00f3n en el mejor de los casos.<\/p>\n<p align=\"left\">\u00a0<\/p>\n<p align=\"left\">Nosotros \u00a0pensamos \u00a0que de la misma forma que \u00a0ese peque\u00f1o porcentaje de arquitectos \u00a0tiene algo de fuegos de artificio, \u00a0tambi\u00e9n entendemos que hay gente valid\u00edsima dentro de \u00a0\u00e9l, proponiendo \u00a0(incluso a veces construyendo) cosas interesant\u00edsimas. Por otra parte, much\u00edsimos buenos arquitectos que no est\u00e1n entre \u201c<em>los de negro<\/em>\u201d\u00a0 construyen magn\u00edfica \u00a0arquitectura (aunque no tenga tanta carga conceptual), a pesar de ser m\u00ednimamente conocidos.<\/p>\n<p align=\"left\">\u00a0<\/p>\n<p align=\"left\">En cualquier modo, toda esta disertaci\u00f3n entre \u201c<em>buenos y malos<\/em>\u201d no justifica que nuestras ciudades hayan sido macizadas sin piedad por aquellos arquitectos de uno de los dos bandos, a los que la arquitectura poco o nada importa. En su descargo apuntar \u00a0que culpa no es s\u00f3lo de los t\u00e9cnicos. De hecho es el agente menos influyente en esta din\u00e1mica de horror en que se han convertido gran parte de nuestras ciudades. Como bien apuntaba\u00a0 <em>Pio Baroja<\/em> \u00abEl cemento armado es una musa honesta y \u00fatil, y quiz\u00e1 en manos de un arquitecto genial ser\u00eda admirable; pero cuando se desmanda y se siente atrevida, como una cocinera lanzada a cupletista, hace tales horrores, que habr\u00eda que sujetarla y llevarla a la c\u00e1rcel.\u00bb<\/p>\n<p align=\"left\">\u00a0<\/p>\n<p align=\"left\">No se trata tanto de saber cual es el peque\u00f1o porcentaje de arquitectos hoy est\u00e1 planteando arquitectura con may\u00fasculas, sino cuales son las medidas que debemos tomar para que la mayor parte de los arquitectos puedan hacer una arquitectura digna (con un marcado car\u00e1cter de servicio) para que nuestras ciudades puedan disfrutar de una m\u00ednima calidad de vida. Por lo \u00a0atemporal \u00a0del texto parece que fue ayer cuando Coderch escribi\u00f3 \u201c<em><a href=\"http:\/\/lst40708.wordpress.com\/10-textos\/102-no-son-genios-lo-que-necesitamos-ahora-jose-antonio-coderch\/\">no son genios lo que necesitamos ahora<\/a><\/em>\u201d, que con el paso de los a\u00f1os no pierde ni un \u00e1pice de su vigencia<\/p>\n<p align=\"left\">\u00a0<\/p>\n<p align=\"left\">Por otro lado ser\u00eda conveniente ver la manera en que la arquitectura cada vez debe acoger m\u00e1s la opini\u00f3n del ciudadano. Hoy no se puede entender nuestras propuestas a nivel de ciudad sin dar un protagonismo claro a la participaci\u00f3n ciudadana. La clave est\u00e1 en encontrar el equilibrio entre los t\u00e9cnicos, la ciudadan\u00eda y la administraci\u00f3n. La arquitectura cada vez es m\u00e1s un asunto de sinergia que de supuesta genialidad.\u00a0\u00a0El gran <em>Alvar Aalto<\/em>, all\u00e1 por el a\u00f1o 1957 nos deleitaba con estas palabras; \u201cel nivel de discusi\u00f3n conviene que sea lo mas amplio posible. Deber\u00edamos poner todas las cartas encima de la mesa y hablar juntos, planear conjuntamente y hablar abiertamente de nuestras debilidades.\u201d<\/p>\n<p align=\"left\">\u00a0<\/p>\n<p align=\"left\">Para terminar de posicionarnos dentro de este marem\u00e1gnum de ideas que hemos intentado hilvanar durante estas dos \u00faltimas entradas, creemos que nosotros no podemos afirmar lo que es arquitectura. Como mucho, nos atrever\u00edamos \u00a0a afirmar lo que no es arquitectura y en la mayor\u00eda de los casos con grandes reservas. As\u00ed que pudiera ser que\u00a0\u00a0Saenz de O\u00edza \u00a0todav\u00eda nos tendr\u00eda atrapados en la escuela! En realidad estar\u00edamos bastante de acuerdo con <em>Antonio Jim\u00e9nez Torrecillas<\/em> cuando viene a decir que \u201cla arquitectura es m\u00e1s importante por lo que evoca que por lo que es en s\u00ed\u201d y si tuvi\u00e9ramos que mojarnos un poco m\u00e1s, como mucho creemos que intuimos lo que nos interesa y lo que no nos interesa de la arquitectura. \u00a0A esta conclusi\u00f3n habr\u00eda que a\u00f1adir que \u00a0lo que \u00a0hoy consideramos interesante puede no serlo ma\u00f1ana, en igual medida que muchas de las cosas que hoy nos interesan hace cuatro d\u00edas no llamaban nuestra atenci\u00f3n para nada.<\/p>\n<p align=\"left\">\u00a0<\/p>\n<p align=\"left\">Lo que cada vez tenemos m\u00e1s claro es que la esencia del arte o de la arquitectura, no la abarcaremos nunca de manera racional, y las palabras vienen de intentar explicar esta racionalizaci\u00f3n, que a\u00fan siendo extremadamente necesaria, nunca llega a \u00a0atrapar lo que con tanto ah\u00ednco hemos intentado verbalizar.<\/p>\n<p align=\"left\">\u00a0<\/p>\n<p align=\"left\">Quiz\u00e1s est\u00e9 ah\u00ed el quid de la cuesti\u00f3n, si nosotros con todas nuestras limitaciones e imperfecciones somos capaces de definir completamente aquello a lo que estamos llamando arquitectura, es porque posiblemente no lo sea, y si en el intento se nos escapa esa esencia buscada, seguramente es porque lo que est\u00e1bamos llamando arquitectura lo era sin lugar a dudas.<\/p>\n<p align=\"left\">Cuanto m\u00e1s se nos escape a nuestros razonamientos m\u00e1s arquitectura ser\u00e1, hasta llegar a encontrarnos con las obras cumbres de la arquitectura, esa arquitectura con may\u00fasculas donde s\u00f3lo cabe disfrutar desde los sentidos, y donde todos los sentidos son presa de la m\u00e1s absoluta grandeza, que hace que todo nuestro ser quede embargado por la emoci\u00f3n.<\/p>\n<p align=\"left\">\u00bfDe verdad alguien puede poner palabras a lo que se siente estando el 21 de Junio en el Pante\u00f3n de Roma?<\/p>\n<p align=\"left\">\u00a0<\/p>\n","protected":false},"excerpt":{"rendered":"<p>Despu\u00e9s del repaso m\u00e1s o menos hist\u00f3rico que hicimos en entrada de ayer, sobre lo que puede ser arquitectura y lo que quiz\u00e1s no lo sea tanto. Hoy nos gustar\u00eda centrar la reflexi\u00f3n desde una visi\u00f3n m\u00e1s cercana y actual de la cuesti\u00f3n. Quiz\u00e1s seamos demasiado pretenciosos pensando poder abarcar tan peliaguda cuesti\u00f3n pero estamos decididos a correr el riesgo.<\/p>\n","protected":false},"author":2,"featured_media":0,"comment_status":"open","ping_status":"closed","sticky":false,"template":"","format":"standard","meta":{"om_disable_all_campaigns":false,"_monsterinsights_skip_tracking":false,"_monsterinsights_sitenote_active":false,"_monsterinsights_sitenote_note":"","_monsterinsights_sitenote_category":0,"_uf_show_specific_survey":0,"_uf_disable_surveys":false,"episode_type":"","audio_file":"","cover_image":"","cover_image_id":"","duration":"","filesize":"","date_recorded":"","explicit":"","block":"","filesize_raw":"","footnotes":""},"categories":[34,4,2976],"tags":[4274,9],"series":[],"class_list":["post-1221","post","type-post","status-publish","format-standard","hentry","category-actualidad","category-arquilectura","category-profesion-arquitecto","tag-actualidad","tag-arquitectura"],"aioseo_notices":[],"episode_featured_image":false,"episode_player_image":"https:\/\/stepienybarno.es\/blog\/wp-content\/uploads\/2020\/11\/stepienybarno-podcast-scaled.jpg","download_link":"","player_link":"","audio_player":false,"episode_data":{"playerMode":"dark","subscribeUrls":[],"rssFeedUrl":"https:\/\/stepienybarno.es\/blog\/feed\/podcast\/podcast-de-stepienybarno","embedCode":"<blockquote class=\"wp-embedded-content\" data-secret=\"C9NzwdbrcA\"><a href=\"https:\/\/stepienybarno.es\/blog\/2009\/10\/07\/%c2%bfque-es-arquitectura-22\/\">\u00bfQUE ES ARQUITECTURA? 2\/2<\/a><\/blockquote><iframe sandbox=\"allow-scripts\" security=\"restricted\" src=\"https:\/\/stepienybarno.es\/blog\/2009\/10\/07\/%c2%bfque-es-arquitectura-22\/embed\/#?secret=C9NzwdbrcA\" width=\"500\" height=\"350\" title=\"\u00ab\u00bfQUE ES ARQUITECTURA? 2\/2\u00bb \u2014 Blog de STEPIEN Y BARNO - publicaci\u00f3n digital sobre arquitectura\" data-secret=\"C9NzwdbrcA\" frameborder=\"0\" marginwidth=\"0\" marginheight=\"0\" scrolling=\"no\" class=\"wp-embedded-content\"><\/iframe><script type=\"text\/javascript\">\n\/* <![CDATA[ *\/\n\/*! This file is auto-generated *\/\n!function(d,l){\"use strict\";l.querySelector&&d.addEventListener&&\"undefined\"!=typeof URL&&(d.wp=d.wp||{},d.wp.receiveEmbedMessage||(d.wp.receiveEmbedMessage=function(e){var t=e.data;if((t||t.secret||t.message||t.value)&&!\/[^a-zA-Z0-9]\/.test(t.secret)){for(var s,r,n,a=l.querySelectorAll('iframe[data-secret=\"'+t.secret+'\"]'),o=l.querySelectorAll('blockquote[data-secret=\"'+t.secret+'\"]'),c=new RegExp(\"^https?:$\",\"i\"),i=0;i<o.length;i++)o[i].style.display=\"none\";for(i=0;i<a.length;i++)s=a[i],e.source===s.contentWindow&&(s.removeAttribute(\"style\"),\"height\"===t.message?(1e3<(r=parseInt(t.value,10))?r=1e3:~~r<200&&(r=200),s.height=r):\"link\"===t.message&&(r=new URL(s.getAttribute(\"src\")),n=new URL(t.value),c.test(n.protocol))&&n.host===r.host&&l.activeElement===s&&(d.top.location.href=t.value))}},d.addEventListener(\"message\",d.wp.receiveEmbedMessage,!1),l.addEventListener(\"DOMContentLoaded\",function(){for(var e,t,s=l.querySelectorAll(\"iframe.wp-embedded-content\"),r=0;r<s.length;r++)(t=(e=s[r]).getAttribute(\"data-secret\"))||(t=Math.random().toString(36).substring(2,12),e.src+=\"#?secret=\"+t,e.setAttribute(\"data-secret\",t)),e.contentWindow.postMessage({message:\"ready\",secret:t},\"*\")},!1)))}(window,document);\n\/* ]]> *\/\n<\/script>\n"},"_links":{"self":[{"href":"https:\/\/stepienybarno.es\/blog\/wp-json\/wp\/v2\/posts\/1221"}],"collection":[{"href":"https:\/\/stepienybarno.es\/blog\/wp-json\/wp\/v2\/posts"}],"about":[{"href":"https:\/\/stepienybarno.es\/blog\/wp-json\/wp\/v2\/types\/post"}],"author":[{"embeddable":true,"href":"https:\/\/stepienybarno.es\/blog\/wp-json\/wp\/v2\/users\/2"}],"replies":[{"embeddable":true,"href":"https:\/\/stepienybarno.es\/blog\/wp-json\/wp\/v2\/comments?post=1221"}],"version-history":[{"count":8,"href":"https:\/\/stepienybarno.es\/blog\/wp-json\/wp\/v2\/posts\/1221\/revisions"}],"predecessor-version":[{"id":1224,"href":"https:\/\/stepienybarno.es\/blog\/wp-json\/wp\/v2\/posts\/1221\/revisions\/1224"}],"wp:attachment":[{"href":"https:\/\/stepienybarno.es\/blog\/wp-json\/wp\/v2\/media?parent=1221"}],"wp:term":[{"taxonomy":"category","embeddable":true,"href":"https:\/\/stepienybarno.es\/blog\/wp-json\/wp\/v2\/categories?post=1221"},{"taxonomy":"post_tag","embeddable":true,"href":"https:\/\/stepienybarno.es\/blog\/wp-json\/wp\/v2\/tags?post=1221"},{"taxonomy":"series","embeddable":true,"href":"https:\/\/stepienybarno.es\/blog\/wp-json\/wp\/v2\/series?post=1221"}],"curies":[{"name":"wp","href":"https:\/\/api.w.org\/{rel}","templated":true}]}}