{"id":12468,"date":"2014-03-04T09:43:10","date_gmt":"2014-03-04T07:43:10","guid":{"rendered":"https:\/\/www.stepienybarno.es\/blog\/?p=12468"},"modified":"2014-03-06T09:02:04","modified_gmt":"2014-03-06T07:02:04","slug":"goetheanum","status":"publish","type":"post","link":"https:\/\/stepienybarno.es\/blog\/2014\/03\/04\/goetheanum\/","title":{"rendered":"GOETHEANUM"},"content":{"rendered":"<p align=\"center\">\n<p style=\"text-align: center;\"><a href=\"https:\/\/stepienybarno.es\/blog\/\" target=\"_blank\"><img loading=\"lazy\" decoding=\"async\" class=\"alignnone size-large wp-image-12469\" title=\"GOETHEANUM-Steiner-STEPIENYBARNO\" src=\"https:\/\/stepienybarno.es\/blog\/wp-content\/uploads\/2014\/03\/GOETHEANUM-Steiner-STEPIENYBARNO--466x700.jpg\" alt=\"GOETHEANUM-Steiner-STEPIENYBARNO\" width=\"466\" height=\"700\" \/><\/a><\/p>\n<p align=\"left\">\n<p align=\"left\">Por el polifacetico Steiner<\/p>\n<p align=\"left\">Foto Eugeni Bach.<\/p>\n<p align=\"left\"><!--more--><\/p>\n<p align=\"left\">\n<blockquote>\n<p align=\"left\">\u201cUn edificio con esquinas, no un edificio circular. As\u00ed planteaba Steiner el dise\u00f1o del Goetheanum, en la primavera de 1924. Entonces estaba dise\u00f1ando el segundo Goetheanum, ya que el primero ardi\u00f3 la noche de fin de a\u00f1o de 1922. La escala del primer edificio era muy grande en relaci\u00f3n al segundo. El segundo pretend\u00eda ser un dise\u00f1o m\u00e1s modesto y no en madera, ya que la cat\u00e1strofe provocada por el incendio del primero era a\u00fan reciente.\u201d<\/p>\n<\/blockquote>\n<p align=\"left\">\n<blockquote>\n<p align=\"left\">\u201c(\u2026) La permanencia del recuerdo del primer Goetheanum, provocaba controvertidas opiniones sobre c\u00f3mo habr\u00edan de ser los acabados del segundo, ya que se dec\u00eda que nunca se lograr\u00eda la imagen et\u00e9rea y perfecta del primero. Para ello Steiner desarrolla una larga serie de bocetos, \u00e9stos siguen el principio de la metamorfosis, y simulan m\u00e1s un esquema escult\u00f3rico que un dibujo arquitect\u00f3nico.\u201d<\/p>\n<\/blockquote>\n<p align=\"left\">\n<p align=\"left\">\n<blockquote>\n<p align=\"left\">Acceder a la informaci\u00f3n, <a href=\"http:\/\/tectonicablog.com\/?p=75592\">aqu\u00ed<\/a><\/p>\n<\/blockquote>\n<blockquote><p><strong>Post relacionados:<\/strong><\/p>\n<p>LOS GOETHEANUM DE RUDOLF STEINER<\/p>\n<p><a href=\"https:\/\/stepienybarno.es\/blog\/2012\/01\/16\/los-goetheanum-de-rudolf-steiner\/\">https:\/\/stepienybarno.es\/blog\/2012\/01\/16\/los-goetheanum-de-rudolf-steiner\/<\/a><\/p><\/blockquote>\n<p>Noticia seleccionada por el Canal de arquitectura STEPIENYBARNO.<\/p>\n<p><a href=\"http:\/\/www.linkedin.com\/company\/stepienybarno\">STEPIENYBARNO EN LINKEDIN<\/a><\/p>\n<p><a href=\"http:\/\/twitter.com\/stepienybarno\/stepienybarno\">STEPIENYBARNO EN TWITTER<\/a><\/p>\n<p><a href=\"https:\/\/www.facebook.com\/pages\/BLOG-DE-STEPIENYBARNO\/78001079029\">STEPIENYBARNO EN FACEBOOK<\/a><\/p>\n<p>*Stepienybarno est\u00e1 formado por Agnieszka Stepien y Lorenzo Barn\u00f3 y desde mayo del 2009 estamos en la red con\u00a0 la presente publicaci\u00f3n digital (Blog) de arquitectura.<\/p>\n<p>Nuestra actividad se sustenta en tres pilares b\u00e1sicos: la investigaci\u00f3n, la publicaci\u00f3n (comunicaci\u00f3n y difusi\u00f3n) y la redacci\u00f3n de proyectos de arquitectura.<\/p>\n<p>A su vez, somos socios cofundadores de <a href=\"http:\/\/sinergiasostenible.org\/\">SINERGIA SOSTENIBLE<\/a> y redactores de <a href=\"http:\/\/www.laciudadviva.org\/blogs\/?author=45\">LA CIUDAD VIVA<\/a>.<\/p>\n<p>* Los editores de esta publicaci\u00f3n digital no nos hacemos cargo de de los comentarios y\u00a0 conceptos vertidos en los textos firmados por otras personas, siendo \u00e9stos de responsabilidad exclusiva de sus autores.<\/p>\n<p>* Tu comentario podr\u00e1 ser moderado, por lo tanto, aunque aparezca inmediatamente al ser publicado en la entrada, los editores de esta publicaci\u00f3n digital nos reservamos el derecho tanto de editarlo (si fuera necesario, para hacerlo m\u00e1s legible) como de eliminarlo en el caso de que se usen expresiones incorrectas (descalificaciones, palabras malsonantes\u2026). A su vez, si quieres comentar desde el anonimato puedes hacerlo, aunque, nosotros personalmente, agradecemos que tod@s nos podamos identificar.<\/p>\n","protected":false},"excerpt":{"rendered":"<p>Por el polifacetico Steiner<br \/>\nFoto Eugeni Bach.<\/p>\n<p>(m\u00e1s&#8230;)<\/p>\n","protected":false},"author":2,"featured_media":0,"comment_status":"open","ping_status":"closed","sticky":false,"template":"","format":"standard","meta":{"om_disable_all_campaigns":false,"_monsterinsights_skip_tracking":false,"_monsterinsights_sitenote_active":false,"_monsterinsights_sitenote_note":"","_monsterinsights_sitenote_category":0,"_uf_show_specific_survey":0,"_uf_disable_surveys":false,"episode_type":"","audio_file":"","cover_image":"","cover_image_id":"","duration":"","filesize":"","date_recorded":"","explicit":"","block":"","filesize_raw":"","footnotes":""},"categories":[34,244],"tags":[4274,9,2822,2823],"series":[],"class_list":["post-12468","post","type-post","status-publish","format-standard","hentry","category-actualidad","category-canal-de-arquitectura","tag-actualidad","tag-arquitectura","tag-goetheanum","tag-steiner"],"aioseo_notices":[],"episode_featured_image":false,"episode_player_image":"https:\/\/stepienybarno.es\/blog\/wp-content\/uploads\/2020\/11\/stepienybarno-podcast-scaled.jpg","download_link":"","player_link":"","audio_player":false,"episode_data":{"playerMode":"dark","subscribeUrls":[],"rssFeedUrl":"https:\/\/stepienybarno.es\/blog\/feed\/podcast\/podcast-de-stepienybarno","embedCode":"<blockquote class=\"wp-embedded-content\" data-secret=\"cLimH9WRmZ\"><a href=\"https:\/\/stepienybarno.es\/blog\/2014\/03\/04\/goetheanum\/\">GOETHEANUM<\/a><\/blockquote><iframe sandbox=\"allow-scripts\" security=\"restricted\" src=\"https:\/\/stepienybarno.es\/blog\/2014\/03\/04\/goetheanum\/embed\/#?secret=cLimH9WRmZ\" width=\"500\" height=\"350\" title=\"\u00abGOETHEANUM\u00bb \u2014 Blog de STEPIEN Y BARNO - publicaci\u00f3n digital sobre arquitectura\" data-secret=\"cLimH9WRmZ\" frameborder=\"0\" marginwidth=\"0\" marginheight=\"0\" scrolling=\"no\" class=\"wp-embedded-content\"><\/iframe><script type=\"text\/javascript\">\n\/* <![CDATA[ *\/\n\/*! This file is auto-generated *\/\n!function(d,l){\"use strict\";l.querySelector&&d.addEventListener&&\"undefined\"!=typeof URL&&(d.wp=d.wp||{},d.wp.receiveEmbedMessage||(d.wp.receiveEmbedMessage=function(e){var t=e.data;if((t||t.secret||t.message||t.value)&&!\/[^a-zA-Z0-9]\/.test(t.secret)){for(var s,r,n,a=l.querySelectorAll('iframe[data-secret=\"'+t.secret+'\"]'),o=l.querySelectorAll('blockquote[data-secret=\"'+t.secret+'\"]'),c=new RegExp(\"^https?:$\",\"i\"),i=0;i<o.length;i++)o[i].style.display=\"none\";for(i=0;i<a.length;i++)s=a[i],e.source===s.contentWindow&&(s.removeAttribute(\"style\"),\"height\"===t.message?(1e3<(r=parseInt(t.value,10))?r=1e3:~~r<200&&(r=200),s.height=r):\"link\"===t.message&&(r=new URL(s.getAttribute(\"src\")),n=new URL(t.value),c.test(n.protocol))&&n.host===r.host&&l.activeElement===s&&(d.top.location.href=t.value))}},d.addEventListener(\"message\",d.wp.receiveEmbedMessage,!1),l.addEventListener(\"DOMContentLoaded\",function(){for(var e,t,s=l.querySelectorAll(\"iframe.wp-embedded-content\"),r=0;r<s.length;r++)(t=(e=s[r]).getAttribute(\"data-secret\"))||(t=Math.random().toString(36).substring(2,12),e.src+=\"#?secret=\"+t,e.setAttribute(\"data-secret\",t)),e.contentWindow.postMessage({message:\"ready\",secret:t},\"*\")},!1)))}(window,document);\n\/* ]]> *\/\n<\/script>\n"},"_links":{"self":[{"href":"https:\/\/stepienybarno.es\/blog\/wp-json\/wp\/v2\/posts\/12468"}],"collection":[{"href":"https:\/\/stepienybarno.es\/blog\/wp-json\/wp\/v2\/posts"}],"about":[{"href":"https:\/\/stepienybarno.es\/blog\/wp-json\/wp\/v2\/types\/post"}],"author":[{"embeddable":true,"href":"https:\/\/stepienybarno.es\/blog\/wp-json\/wp\/v2\/users\/2"}],"replies":[{"embeddable":true,"href":"https:\/\/stepienybarno.es\/blog\/wp-json\/wp\/v2\/comments?post=12468"}],"version-history":[{"count":5,"href":"https:\/\/stepienybarno.es\/blog\/wp-json\/wp\/v2\/posts\/12468\/revisions"}],"predecessor-version":[{"id":12471,"href":"https:\/\/stepienybarno.es\/blog\/wp-json\/wp\/v2\/posts\/12468\/revisions\/12471"}],"wp:attachment":[{"href":"https:\/\/stepienybarno.es\/blog\/wp-json\/wp\/v2\/media?parent=12468"}],"wp:term":[{"taxonomy":"category","embeddable":true,"href":"https:\/\/stepienybarno.es\/blog\/wp-json\/wp\/v2\/categories?post=12468"},{"taxonomy":"post_tag","embeddable":true,"href":"https:\/\/stepienybarno.es\/blog\/wp-json\/wp\/v2\/tags?post=12468"},{"taxonomy":"series","embeddable":true,"href":"https:\/\/stepienybarno.es\/blog\/wp-json\/wp\/v2\/series?post=12468"}],"curies":[{"name":"wp","href":"https:\/\/api.w.org\/{rel}","templated":true}]}}