{"id":12569,"date":"2014-03-17T15:04:01","date_gmt":"2014-03-17T13:04:01","guid":{"rendered":"https:\/\/www.stepienybarno.es\/blog\/?p=12569"},"modified":"2014-03-17T15:07:32","modified_gmt":"2014-03-17T13:07:32","slug":"accion-vs-representacion-el-15-m-y-su-repercusion-en-la-ciudad","status":"publish","type":"post","link":"https:\/\/stepienybarno.es\/blog\/2014\/03\/17\/accion-vs-representacion-el-15-m-y-su-repercusion-en-la-ciudad\/","title":{"rendered":"ACCI\u00d3N VS REPRESENTACI\u00d3N: EL 15-M Y SU REPERCUSI\u00d3N EN LA CIUDAD"},"content":{"rendered":"<p align=\"left\">\n<p style=\"text-align: center;\"><a><img loading=\"lazy\" decoding=\"async\" class=\"alignnone size-medium wp-image-12570\" title=\"15-M-ciudad -Mayka Garc\u00eda-H\u00edpola  Mar\u00eda Beltr\u00e1n Rodr\u00edguez _ stepienybarno\" src=\"https:\/\/stepienybarno.es\/blog\/wp-content\/uploads\/2014\/03\/15-M-ciudad-Mayka-Garc\u00eda-H\u00edpola-Mar\u00eda-Beltr\u00e1n-Rodr\u00edguez-_-stepienybarno--350x217.jpg\" alt=\"15-M-ciudad -Mayka Garc\u00eda-H\u00edpola  Mar\u00eda Beltr\u00e1n Rodr\u00edguez _ stepienybarno\" width=\"350\" height=\"217\" \/><\/a><\/p>\n<p align=\"left\">Por Mayka Garc\u00eda-H\u00edpola y Mar\u00eda Beltr\u00e1n Rodr\u00edguez<\/p>\n<p align=\"left\"><!--more--><\/p>\n<p align=\"left\">\u201dEste art\u00edculo analiza la relaci\u00f3n entre el espacio p\u00fablico \u2013lo\u00a0<em>f\u00edsico<\/em>\u2013 y la acci\u00f3n ciudadana \u2013lo\u00a0<em>social<\/em>\u2013. Se utiliza como caso de estudio el\u00a0<em>Movimiento 15-M,<\/em> encuadrado dentro del movimiento global de ocupaci\u00f3n del espacio p\u00fablico. Se examinan la auto-organizaci\u00f3n de los ciudadanos gracias al uso de nuevas tecnolog\u00edas y su capacidad de acci\u00f3n y transformaci\u00f3n del espacio p\u00fablico, as\u00ed como el fen\u00f3meno de ocupaci\u00f3n y de poder. \u00bfC\u00f3mo de p\u00fablico es verdaderamente el espacio p\u00fablico? La investigaci\u00f3n se realiza desde las dos vertientes opuestas que intervienen en \u00e9l: lo regulado y legal (sistema de planeamiento actual) y lo espont\u00e1neo y con frecuencia ilegal (movimientos sociales). Como conclusiones se plantean posibles v\u00edas de dise\u00f1o para lograr un equilibrio entre el espacio p\u00fablico como lugar de\u00a0<em>representaci\u00f3n<\/em> y de\u00a0<em>acci\u00f3n,<\/em> como espacio\u00a0<em>institucional<\/em> e\u00a0<em>insurgente,<\/em> a medio camino entre un dise\u00f1o r\u00edgido o regulado y uno flexible y espont\u00e1neo.\u201d<\/p>\n<p align=\"left\">\u201c(\u2026) En el conglomerado de debates, iniciativas y protestas englobadas bajo la denominaci\u00f3n 15-M ha habido reivindicaciones razonables. [&#8230;] tiene en su haber un triunfo indudable y meritorio, haber llamado la atenci\u00f3n de los grandes partidos y a que se apunten cambios de la legislaci\u00f3n injusta [sobre los desahucios]: una prueba de que con objetivos y decisi\u00f3n cr\u00edtica la transformaci\u00f3n social no es una mera utop\u00eda. (Savater 2012)<\/p>\n<p align=\"left\">El escenario en el que ha hecho su aparici\u00f3n la crisis y, con ella, movimientos ciudadanos como el 15-M es un panorama urbano y social desolador, \u00edntimamente relacionado con un modelo de ciudad y unas decisiones socio-econ\u00f3micas, financieras y pol\u00edticas llevadas a cabo en la \u00faltima d\u00e9cada. Tres factores principales han de tenerse en cuenta. El primero, la falta de espacios p\u00fablicos de reuni\u00f3n, foro y debate, en \u00e1reas planificadas modernistas<a href=\"http:\/\/pendientedemigracion.ucm.es\/info\/angulo\/volumen\/Volumen05-1\/articulos01.htm#_ftn32\">[32]<\/a>, donde las personas no se sienten representadas<a href=\"http:\/\/pendientedemigracion.ucm.es\/info\/angulo\/volumen\/Volumen05-1\/articulos01.htm#_ftn33\">[33]<\/a>. El segundo, la actual Ley del Suelo y los Planes Generales madrile\u00f1os, utilizados como herramientas econ\u00f3micas<a href=\"http:\/\/pendientedemigracion.ucm.es\/info\/angulo\/volumen\/Volumen05-1\/articulos01.htm#_ftn34\">[34]<\/a>, en lugar de actuar como garant\u00eda social que beneficiase a la totalidad de los ciudadanos. Esta colonizaci\u00f3n del territorio madrile\u00f1o (principalmente para el uso de vivienda) no ha venido sola. El tercer y \u00faltimo factor para la situaci\u00f3n de crisis urbana y social madrile\u00f1a ha sido el desarrollo y financiaci\u00f3n de grandes infraestructuras de comunicaci\u00f3n.\u201d<\/p>\n<p align=\"left\">\n<blockquote>\n<p align=\"left\"><a href=\"http:\/\/revistas.ucm.es\/index.php\/ANRE\/article\/view\/42065\"><strong><span style=\"color: #ff6600;\">Acceder a la informaci\u00f3n<\/span><\/strong><\/a><\/p>\n<\/blockquote>\n<p align=\"left\">\n<p align=\"left\">\n<p align=\"left\">Noticia seleccionada por el Canal de arquitectura STEPIENYBARNO.<\/p>\n<p align=\"left\"><a href=\"http:\/\/www.linkedin.com\/company\/stepienybarno\">STEPIENYBARNO EN LINKEDIN<\/a><\/p>\n<p align=\"left\"><a href=\"http:\/\/twitter.com\/stepienybarno\/stepienybarno\">STEPIENYBARNO EN TWITTER<\/a><\/p>\n<p align=\"left\"><a href=\"https:\/\/www.facebook.com\/pages\/BLOG-DE-STEPIENYBARNO\/78001079029\">STEPIENYBARNO EN FACEBOOK<\/a><\/p>\n<p align=\"left\">\n<p align=\"left\">*Stepienybarno est\u00e1 formado por Agnieszka Stepien y Lorenzo Barn\u00f3 y desde mayo del 2009 estamos en la red con\u00a0 la presente publicaci\u00f3n digital (Blog) de arquitectura.<\/p>\n<p align=\"left\">Nuestra actividad se sustenta en tres pilares b\u00e1sicos: la investigaci\u00f3n, la publicaci\u00f3n (comunicaci\u00f3n y difusi\u00f3n) y la redacci\u00f3n de proyectos de arquitectura.<\/p>\n<p align=\"left\">A su vez, somos socios cofundadores de <a href=\"http:\/\/sinergiasostenible.org\/\">SINERGIA SOSTENIBLE<\/a> y redactores de <a href=\"http:\/\/www.laciudadviva.org\/blogs\/?author=45\">LA CIUDAD VIVA<\/a>.<\/p>\n<p align=\"left\">\n<p align=\"left\">* Los editores de esta publicaci\u00f3n digital no nos hacemos cargo de de los comentarios y\u00a0 conceptos vertidos en los textos firmados por otras personas, siendo \u00e9stos de responsabilidad exclusiva de sus autores.<\/p>\n<p align=\"left\">\n<p align=\"left\">* Tu comentario podr\u00e1 ser moderado, por lo tanto, aunque aparezca inmediatamente al ser publicado en la entrada, los editores de esta publicaci\u00f3n digital nos reservamos el derecho tanto de editarlo (si fuera necesario, para hacerlo m\u00e1s legible) como de eliminarlo en el caso de que se usen expresiones incorrectas (descalificaciones, palabras malsonantes\u2026). A su vez, si quieres comentar desde el anonimato puedes hacerlo, aunque, nosotros personalmente, agradecemos que tod@s nos podamos identificar.<\/p>\n","protected":false},"excerpt":{"rendered":"<p>Por Mayka Garc\u00eda-H\u00edpola y Mar\u00eda Beltr\u00e1n Rodr\u00edguez<\/p>\n","protected":false},"author":2,"featured_media":0,"comment_status":"open","ping_status":"closed","sticky":false,"template":"","format":"standard","meta":{"om_disable_all_campaigns":false,"_monsterinsights_skip_tracking":false,"_monsterinsights_sitenote_active":false,"_monsterinsights_sitenote_note":"","_monsterinsights_sitenote_category":0,"_uf_show_specific_survey":0,"_uf_disable_surveys":false,"episode_type":"","audio_file":"","cover_image":"","cover_image_id":"","duration":"","filesize":"","date_recorded":"","explicit":"","block":"","filesize_raw":"","footnotes":""},"categories":[1010,34,244],"tags":[4274,2850,2849,54],"series":[],"class_list":["post-12569","post","type-post","status-publish","format-standard","hentry","category-urbanismorealya-urbanismo","category-actualidad","category-canal-de-arquitectura","tag-actualidad","tag-maria-beltran-rodriguez","tag-mayka-garcia-hipola","tag-urbanismo-sostenible"],"aioseo_notices":[],"episode_featured_image":false,"episode_player_image":"https:\/\/stepienybarno.es\/blog\/wp-content\/uploads\/2020\/11\/stepienybarno-podcast-scaled.jpg","download_link":"","player_link":"","audio_player":false,"episode_data":{"playerMode":"dark","subscribeUrls":[],"rssFeedUrl":"https:\/\/stepienybarno.es\/blog\/feed\/podcast\/podcast-de-stepienybarno","embedCode":"<blockquote class=\"wp-embedded-content\" data-secret=\"WuaT4XFB3z\"><a href=\"https:\/\/stepienybarno.es\/blog\/2014\/03\/17\/accion-vs-representacion-el-15-m-y-su-repercusion-en-la-ciudad\/\">ACCI\u00d3N VS REPRESENTACI\u00d3N: EL 15-M Y SU REPERCUSI\u00d3N EN LA CIUDAD<\/a><\/blockquote><iframe sandbox=\"allow-scripts\" security=\"restricted\" src=\"https:\/\/stepienybarno.es\/blog\/2014\/03\/17\/accion-vs-representacion-el-15-m-y-su-repercusion-en-la-ciudad\/embed\/#?secret=WuaT4XFB3z\" width=\"500\" height=\"350\" title=\"\u00abACCI\u00d3N VS REPRESENTACI\u00d3N: EL 15-M Y SU REPERCUSI\u00d3N EN LA CIUDAD\u00bb \u2014 Blog de STEPIEN Y BARNO - publicaci\u00f3n digital sobre arquitectura\" data-secret=\"WuaT4XFB3z\" frameborder=\"0\" marginwidth=\"0\" marginheight=\"0\" scrolling=\"no\" class=\"wp-embedded-content\"><\/iframe><script type=\"text\/javascript\">\n\/* <![CDATA[ *\/\n\/*! This file is auto-generated *\/\n!function(d,l){\"use strict\";l.querySelector&&d.addEventListener&&\"undefined\"!=typeof URL&&(d.wp=d.wp||{},d.wp.receiveEmbedMessage||(d.wp.receiveEmbedMessage=function(e){var t=e.data;if((t||t.secret||t.message||t.value)&&!\/[^a-zA-Z0-9]\/.test(t.secret)){for(var s,r,n,a=l.querySelectorAll('iframe[data-secret=\"'+t.secret+'\"]'),o=l.querySelectorAll('blockquote[data-secret=\"'+t.secret+'\"]'),c=new RegExp(\"^https?:$\",\"i\"),i=0;i<o.length;i++)o[i].style.display=\"none\";for(i=0;i<a.length;i++)s=a[i],e.source===s.contentWindow&&(s.removeAttribute(\"style\"),\"height\"===t.message?(1e3<(r=parseInt(t.value,10))?r=1e3:~~r<200&&(r=200),s.height=r):\"link\"===t.message&&(r=new URL(s.getAttribute(\"src\")),n=new URL(t.value),c.test(n.protocol))&&n.host===r.host&&l.activeElement===s&&(d.top.location.href=t.value))}},d.addEventListener(\"message\",d.wp.receiveEmbedMessage,!1),l.addEventListener(\"DOMContentLoaded\",function(){for(var e,t,s=l.querySelectorAll(\"iframe.wp-embedded-content\"),r=0;r<s.length;r++)(t=(e=s[r]).getAttribute(\"data-secret\"))||(t=Math.random().toString(36).substring(2,12),e.src+=\"#?secret=\"+t,e.setAttribute(\"data-secret\",t)),e.contentWindow.postMessage({message:\"ready\",secret:t},\"*\")},!1)))}(window,document);\n\/* ]]> *\/\n<\/script>\n"},"_links":{"self":[{"href":"https:\/\/stepienybarno.es\/blog\/wp-json\/wp\/v2\/posts\/12569"}],"collection":[{"href":"https:\/\/stepienybarno.es\/blog\/wp-json\/wp\/v2\/posts"}],"about":[{"href":"https:\/\/stepienybarno.es\/blog\/wp-json\/wp\/v2\/types\/post"}],"author":[{"embeddable":true,"href":"https:\/\/stepienybarno.es\/blog\/wp-json\/wp\/v2\/users\/2"}],"replies":[{"embeddable":true,"href":"https:\/\/stepienybarno.es\/blog\/wp-json\/wp\/v2\/comments?post=12569"}],"version-history":[{"count":3,"href":"https:\/\/stepienybarno.es\/blog\/wp-json\/wp\/v2\/posts\/12569\/revisions"}],"predecessor-version":[{"id":12572,"href":"https:\/\/stepienybarno.es\/blog\/wp-json\/wp\/v2\/posts\/12569\/revisions\/12572"}],"wp:attachment":[{"href":"https:\/\/stepienybarno.es\/blog\/wp-json\/wp\/v2\/media?parent=12569"}],"wp:term":[{"taxonomy":"category","embeddable":true,"href":"https:\/\/stepienybarno.es\/blog\/wp-json\/wp\/v2\/categories?post=12569"},{"taxonomy":"post_tag","embeddable":true,"href":"https:\/\/stepienybarno.es\/blog\/wp-json\/wp\/v2\/tags?post=12569"},{"taxonomy":"series","embeddable":true,"href":"https:\/\/stepienybarno.es\/blog\/wp-json\/wp\/v2\/series?post=12569"}],"curies":[{"name":"wp","href":"https:\/\/api.w.org\/{rel}","templated":true}]}}