{"id":12778,"date":"2014-04-01T08:17:49","date_gmt":"2014-04-01T06:17:49","guid":{"rendered":"https:\/\/www.stepienybarno.es\/blog\/?p=12778"},"modified":"2014-05-15T20:00:12","modified_gmt":"2014-05-15T18:00:12","slug":"cuando-eramos-arquitectos","status":"publish","type":"post","link":"https:\/\/stepienybarno.es\/blog\/2014\/04\/01\/cuando-eramos-arquitectos\/","title":{"rendered":"CUANDO \u00c9RAMOS ARQUITECTOS"},"content":{"rendered":"<p align=\"left\">\n<p style=\"text-align: center;\"><a><img loading=\"lazy\" decoding=\"async\" class=\"alignnone size-full wp-image-12779\" title=\"Arquiparados-Victor Garc\u00eda Gil-Salvador G. Panadero en Levante de Castell\u00f3.\" src=\"https:\/\/stepienybarno.es\/blog\/wp-content\/uploads\/2014\/04\/Arquiparados-Victor-Garc\u00eda-Gil-Salvador-G.-Panadero-en-Levante-de-Castell\u00f3.-.jpg\" alt=\"Arquiparados-Victor Garc\u00eda Gil-Salvador G. Panadero en Levante de Castell\u00f3.\" width=\"320\" height=\"162\" srcset=\"https:\/\/stepienybarno.es\/blog\/wp-content\/uploads\/2014\/04\/Arquiparados-Victor-Garc\u00eda-Gil-Salvador-G.-Panadero-en-Levante-de-Castell\u00f3.-.jpg 320w, https:\/\/stepienybarno.es\/blog\/wp-content\/uploads\/2014\/04\/Arquiparados-Victor-Garc\u00eda-Gil-Salvador-G.-Panadero-en-Levante-de-Castell\u00f3.--180x91.jpg 180w, https:\/\/stepienybarno.es\/blog\/wp-content\/uploads\/2014\/04\/Arquiparados-Victor-Garc\u00eda-Gil-Salvador-G.-Panadero-en-Levante-de-Castell\u00f3.--316x160.jpg 316w\" sizes=\"(max-width: 320px) 100vw, 320px\" \/><\/a><\/p>\n<p align=\"left\">Desde arquiparados.com<\/p>\n<p align=\"left\">Por Victor Garc\u00eda Gil y Salvador G. Panadero en Levante de Castell\u00f3.<\/p>\n<p align=\"left\"><!--more--><\/p>\n<p align=\"left\">\n<blockquote>\n<p align=\"left\">\u201c(\u2026) Podr\u00edamos buscar alguna \u201ccabeza de turco\u201d sobre la que descargar nuestra frustraci\u00f3n por las consecuencias de este dram\u00e1tico escenario, pero la soluci\u00f3n debe pasar necesariamente por nosotros mismos. Se\u00f1alar sistem\u00e1ticamente a la banca o a la administraci\u00f3n y sus funcionarios como \u00fanicos responsables del problema ser\u00eda injusto, cuando eran otros quienes inundaban los registros administrativos de las administraciones con unos expedientes que con la perspectiva del tiempo, producen sonrojo por la desidia y la falta de rigor con la que fueron concebidos. El mercado bonificaba la\u00a0<strong>cantidad en detrimento de la calidad,<\/strong> lo que trasladaba a los funcionarios la imposible y peligrosa responsabilidad de dotar de seguridad jur\u00eddica a unos procedimientos conformados con tan exiguas herramientas.\u201d<\/p>\n<p align=\"left\">\n<p align=\"left\"><a href=\"http:\/\/www.arquiparados.com\/t452-cuando-eramos-arquitectos\">Acceder al post.<\/a><\/p>\n<\/blockquote>\n<p align=\"left\">\n<p align=\"left\">Noticia seleccionada por el Canal de arquitectura STEPIENYBARNO.<\/p>\n<p align=\"left\"><a href=\"https:\/\/twitter.com\/stepienybarno\">STEPIENYBARNO EN TWITTER _ @stepienybarno<\/a><\/p>\n<p align=\"left\"><a href=\"http:\/\/www.linkedin.com\/company\/stepienybarno\">STEPIENYBARNO EN LINKEDIN<\/a><\/p>\n<p align=\"left\"><a href=\"https:\/\/www.facebook.com\/pages\/BLOG-DE-STEPIENYBARNO\/78001079029\">STEPIENYBARNO EN FACEBOOK<\/a><\/p>\n<p align=\"left\">\n<p align=\"left\">*Stepienybarno est\u00e1 formado por Agnieszka Stepien y Lorenzo Barn\u00f3 y desde mayo del 2009 estamos en la red con\u00a0 la presente publicaci\u00f3n digital (Blog) de arquitectura.<\/p>\n<p align=\"left\">Nuestra actividad se sustenta en tres pilares b\u00e1sicos: la investigaci\u00f3n, la publicaci\u00f3n (comunicaci\u00f3n y difusi\u00f3n) y la redacci\u00f3n de proyectos de arquitectura.<\/p>\n<p align=\"left\">A su vez, somos socios cofundadores de <a href=\"http:\/\/sinergiasostenible.org\/\">SINERGIA SOSTENIBLE<\/a> y redactores de <a href=\"http:\/\/www.laciudadviva.org\/blogs\/?author=45\">LA CIUDAD VIVA<\/a>.<\/p>\n<p align=\"left\">\n<p align=\"left\">* Los editores de esta publicaci\u00f3n digital no nos hacemos cargo de de los comentarios y\u00a0 conceptos vertidos en los textos firmados por otras personas, siendo \u00e9stos de responsabilidad exclusiva de sus autores.<\/p>\n<p align=\"left\">\n<p align=\"left\">* Tu comentario podr\u00e1 ser moderado, por lo tanto, aunque aparezca inmediatamente al ser publicado en la entrada, los editores de esta publicaci\u00f3n digital nos reservamos el derecho tanto de editarlo (si fuera necesario, para hacerlo m\u00e1s legible) como de eliminarlo en el caso de que se usen expresiones incorrectas (descalificaciones, palabras malsonantes\u2026). A su vez, si quieres comentar desde el anonimato puedes hacerlo, aunque, nosotros personalmente, agradecemos que tod@s nos podamos identificar.<\/p>\n","protected":false},"excerpt":{"rendered":"<p>Desde arquiparados.com Por Victor Garc\u00eda Gil y Salvador G. Panadero<\/p>\n","protected":false},"author":2,"featured_media":0,"comment_status":"open","ping_status":"closed","sticky":false,"template":"","format":"standard","meta":{"om_disable_all_campaigns":false,"_monsterinsights_skip_tracking":false,"_monsterinsights_sitenote_active":false,"_monsterinsights_sitenote_note":"","_monsterinsights_sitenote_category":0,"_uf_show_specific_survey":0,"_uf_disable_surveys":false,"episode_type":"","audio_file":"","cover_image":"","cover_image_id":"","duration":"","filesize":"","date_recorded":"","explicit":"","block":"","filesize_raw":"","footnotes":""},"categories":[34,244,2976],"tags":[4274,9,1367],"series":[],"class_list":["post-12778","post","type-post","status-publish","format-standard","hentry","category-actualidad","category-canal-de-arquitectura","category-profesion-arquitecto","tag-actualidad","tag-arquitectura","tag-el-estado-de-la-profesion"],"aioseo_notices":[],"episode_featured_image":false,"episode_player_image":"https:\/\/stepienybarno.es\/blog\/wp-content\/uploads\/2020\/11\/stepienybarno-podcast-scaled.jpg","download_link":"","player_link":"","audio_player":false,"episode_data":{"playerMode":"dark","subscribeUrls":[],"rssFeedUrl":"https:\/\/stepienybarno.es\/blog\/feed\/podcast\/podcast-de-stepienybarno","embedCode":"<blockquote class=\"wp-embedded-content\" data-secret=\"XTgs6K5m2s\"><a href=\"https:\/\/stepienybarno.es\/blog\/2014\/04\/01\/cuando-eramos-arquitectos\/\">CUANDO \u00c9RAMOS ARQUITECTOS<\/a><\/blockquote><iframe sandbox=\"allow-scripts\" security=\"restricted\" src=\"https:\/\/stepienybarno.es\/blog\/2014\/04\/01\/cuando-eramos-arquitectos\/embed\/#?secret=XTgs6K5m2s\" width=\"500\" height=\"350\" title=\"\u00abCUANDO \u00c9RAMOS ARQUITECTOS\u00bb \u2014 Blog de STEPIEN Y BARNO - publicaci\u00f3n digital sobre arquitectura\" data-secret=\"XTgs6K5m2s\" frameborder=\"0\" marginwidth=\"0\" marginheight=\"0\" scrolling=\"no\" class=\"wp-embedded-content\"><\/iframe><script type=\"text\/javascript\">\n\/* <![CDATA[ *\/\n\/*! This file is auto-generated *\/\n!function(d,l){\"use strict\";l.querySelector&&d.addEventListener&&\"undefined\"!=typeof URL&&(d.wp=d.wp||{},d.wp.receiveEmbedMessage||(d.wp.receiveEmbedMessage=function(e){var t=e.data;if((t||t.secret||t.message||t.value)&&!\/[^a-zA-Z0-9]\/.test(t.secret)){for(var s,r,n,a=l.querySelectorAll('iframe[data-secret=\"'+t.secret+'\"]'),o=l.querySelectorAll('blockquote[data-secret=\"'+t.secret+'\"]'),c=new RegExp(\"^https?:$\",\"i\"),i=0;i<o.length;i++)o[i].style.display=\"none\";for(i=0;i<a.length;i++)s=a[i],e.source===s.contentWindow&&(s.removeAttribute(\"style\"),\"height\"===t.message?(1e3<(r=parseInt(t.value,10))?r=1e3:~~r<200&&(r=200),s.height=r):\"link\"===t.message&&(r=new URL(s.getAttribute(\"src\")),n=new URL(t.value),c.test(n.protocol))&&n.host===r.host&&l.activeElement===s&&(d.top.location.href=t.value))}},d.addEventListener(\"message\",d.wp.receiveEmbedMessage,!1),l.addEventListener(\"DOMContentLoaded\",function(){for(var e,t,s=l.querySelectorAll(\"iframe.wp-embedded-content\"),r=0;r<s.length;r++)(t=(e=s[r]).getAttribute(\"data-secret\"))||(t=Math.random().toString(36).substring(2,12),e.src+=\"#?secret=\"+t,e.setAttribute(\"data-secret\",t)),e.contentWindow.postMessage({message:\"ready\",secret:t},\"*\")},!1)))}(window,document);\n\/* ]]> *\/\n<\/script>\n"},"_links":{"self":[{"href":"https:\/\/stepienybarno.es\/blog\/wp-json\/wp\/v2\/posts\/12778"}],"collection":[{"href":"https:\/\/stepienybarno.es\/blog\/wp-json\/wp\/v2\/posts"}],"about":[{"href":"https:\/\/stepienybarno.es\/blog\/wp-json\/wp\/v2\/types\/post"}],"author":[{"embeddable":true,"href":"https:\/\/stepienybarno.es\/blog\/wp-json\/wp\/v2\/users\/2"}],"replies":[{"embeddable":true,"href":"https:\/\/stepienybarno.es\/blog\/wp-json\/wp\/v2\/comments?post=12778"}],"version-history":[{"count":3,"href":"https:\/\/stepienybarno.es\/blog\/wp-json\/wp\/v2\/posts\/12778\/revisions"}],"predecessor-version":[{"id":12781,"href":"https:\/\/stepienybarno.es\/blog\/wp-json\/wp\/v2\/posts\/12778\/revisions\/12781"}],"wp:attachment":[{"href":"https:\/\/stepienybarno.es\/blog\/wp-json\/wp\/v2\/media?parent=12778"}],"wp:term":[{"taxonomy":"category","embeddable":true,"href":"https:\/\/stepienybarno.es\/blog\/wp-json\/wp\/v2\/categories?post=12778"},{"taxonomy":"post_tag","embeddable":true,"href":"https:\/\/stepienybarno.es\/blog\/wp-json\/wp\/v2\/tags?post=12778"},{"taxonomy":"series","embeddable":true,"href":"https:\/\/stepienybarno.es\/blog\/wp-json\/wp\/v2\/series?post=12778"}],"curies":[{"name":"wp","href":"https:\/\/api.w.org\/{rel}","templated":true}]}}