{"id":12783,"date":"2014-04-02T09:19:11","date_gmt":"2014-04-02T07:19:11","guid":{"rendered":"https:\/\/www.stepienybarno.es\/blog\/?p=12783"},"modified":"2014-04-07T20:44:53","modified_gmt":"2014-04-07T18:44:53","slug":"obra-del-ano-2014","status":"publish","type":"post","link":"https:\/\/stepienybarno.es\/blog\/2014\/04\/02\/obra-del-ano-2014\/","title":{"rendered":"OBRA DEL A\u00d1O 2014"},"content":{"rendered":"<p align=\"left\">\n<p style=\"text-align: center;\" align=\"left\"><a style=\"text-align: center;\" href=\"https:\/\/stepienybarno.es\/blog\/wp-content\/uploads\/2014\/04\/51662e6ab3fc4b644d0000ff_centro-cultural-elena-garro-fernanda-canales-arquitectura-911sc_cceg_img_5761-528x356.jpg\"><img loading=\"lazy\" decoding=\"async\" class=\"aligncenter\" title=\"51662e6ab3fc4b644d0000ff_centro-cultural-elena-garro-fernanda-canales-arquitectura-911sc_cceg_img_5761-528x356\" src=\"https:\/\/stepienybarno.es\/blog\/wp-content\/uploads\/2014\/04\/51662e6ab3fc4b644d0000ff_centro-cultural-elena-garro-fernanda-canales-arquitectura-911sc_cceg_img_5761-528x356.jpg\" alt=\"51662e6ab3fc4b644d0000ff_centro-cultural-elena-garro-fernanda-canales-arquitectura-911sc_cceg_img_5761-528x356\" width=\"528\" height=\"356\" \/><\/a><\/p>\n<p align=\"left\">\n<p align=\"left\">1. <a href=\"http:\/\/www.plataformaarquitectura.cl\/2013\/04\/18\/centro-cultural-elena-garro-fernanda-canales-arquitectura-911sc\/\">Centro Cultural Elena Garro \/ Fernanda Canales + arquitectura 911sc<\/a><\/p>\n<p align=\"left\">2. <a href=\"http:\/\/www.plataformaarquitectura.cl\/2013\/12\/06\/viviendas-ruca-undurraga-deves-arquitectos\/\">Viviendas Ruca \/ Undurraga Dev\u00e9s Arquitectos<\/a><\/p>\n<p align=\"left\">3. <a href=\"http:\/\/www.plataformaarquitectura.cl\/2013\/01\/23\/casa-mirador-matias-zegers\/\">Casa Mirador \/ Matias Zegers<\/a><\/p>\n<p align=\"left\">Desde Plataforma de arquitectura<\/p>\n<p align=\"left\"><!--more--><\/p>\n<p style=\"text-align: center;\">\n<p style=\"text-align: center;\">\n<blockquote>\n<p style=\"text-align: center;\"><a href=\"http:\/\/www.plataformaarquitectura.cl\/building-of-the-year\/cl\/2014\"><strong>Acceder a la noticia<\/strong><\/a><\/p>\n<\/blockquote>\n<p align=\"left\">\n<blockquote>\n<p align=\"left\">Noticia seleccionada por el Canal de arquitectura STEPIENYBARNO.<\/p>\n<p><a href=\"https:\/\/twitter.com\/stepienybarno\">STEPIENYBARNO EN TWITTER _ @stepienybarno<\/a><\/p>\n<p align=\"left\"><a href=\"http:\/\/www.linkedin.com\/company\/stepienybarno\">STEPIENYBARNO EN LINKEDIN<\/a><\/p>\n<p align=\"left\"><a href=\"https:\/\/www.facebook.com\/pages\/BLOG-DE-STEPIENYBARNO\/78001079029\">STEPIENYBARNO EN FACEBOOK<\/a><\/p>\n<p align=\"left\">\n<p align=\"left\">*Stepienybarno est\u00e1 formado por Agnieszka Stepien y Lorenzo Barn\u00f3 y desde mayo del 2009 estamos en la red con\u00a0 la presente publicaci\u00f3n digital (Blog) de arquitectura.<\/p>\n<p align=\"left\">Nuestra actividad se sustenta en tres pilares b\u00e1sicos: la investigaci\u00f3n, la publicaci\u00f3n (comunicaci\u00f3n y difusi\u00f3n) y la redacci\u00f3n de proyectos de arquitectura.<\/p>\n<p align=\"left\">A su vez, somos socios cofundadores de <a href=\"http:\/\/sinergiasostenible.org\/\">SINERGIA SOSTENIBLE<\/a> y redactores de <a href=\"http:\/\/www.laciudadviva.org\/blogs\/?author=45\">LA CIUDAD VIVA<\/a>.<\/p>\n<p align=\"left\">\n<p align=\"left\">* Los editores de esta publicaci\u00f3n digital no nos hacemos cargo de de los comentarios y\u00a0 conceptos vertidos en los textos firmados por otras personas, siendo \u00e9stos de responsabilidad exclusiva de sus autores.<\/p>\n<p align=\"left\">\n<p align=\"left\">* Tu comentario podr\u00e1 ser moderado, por lo tanto, aunque aparezca inmediatamente al ser publicado en la entrada, los editores de esta publicaci\u00f3n digital nos reservamos el derecho tanto de editarlo (si fuera necesario, para hacerlo m\u00e1s legible) como de eliminarlo en el caso de que se usen expresiones incorrectas (descalificaciones, palabras malsonantes\u2026). A su vez, si quieres comentar desde el anonimato puedes hacerlo, aunque, nosotros personalmente, agradecemos que tod@s nos podamos identificar.<\/p>\n<\/blockquote>\n","protected":false},"excerpt":{"rendered":"<p>1. Centro Cultural Elena Garro \/ Fernanda Canales + arquitectura 911sc<\/p>\n<p>2. Viviendas Ruca \/ Undurraga Dev\u00e9s Arquitectos<\/p>\n<p>3. Casa Mirador \/ Matias Zegers<\/p>\n<p>Desde Plataforma de arquitectura<\/p>\n<p>(m\u00e1s&#8230;)<\/p>\n","protected":false},"author":2,"featured_media":0,"comment_status":"open","ping_status":"closed","sticky":false,"template":"","format":"standard","meta":{"om_disable_all_campaigns":false,"_monsterinsights_skip_tracking":false,"_monsterinsights_sitenote_active":false,"_monsterinsights_sitenote_note":"","_monsterinsights_sitenote_category":0,"_uf_show_specific_survey":0,"_uf_disable_surveys":false,"episode_type":"","audio_file":"","cover_image":"","cover_image_id":"","duration":"","filesize":"","date_recorded":"","explicit":"","block":"","filesize_raw":"","footnotes":""},"categories":[34,244],"tags":[4274,9,2880,2879,2159,2881],"series":[],"class_list":["post-12783","post","type-post","status-publish","format-standard","hentry","category-actualidad","category-canal-de-arquitectura","tag-actualidad","tag-arquitectura","tag-arquitectura-911sc","tag-fernanda-canales","tag-matias-zegers","tag-undurraga-deves-arquitectos"],"aioseo_notices":[],"episode_featured_image":false,"episode_player_image":"https:\/\/stepienybarno.es\/blog\/wp-content\/uploads\/2020\/11\/stepienybarno-podcast-scaled.jpg","download_link":"","player_link":"","audio_player":false,"episode_data":{"playerMode":"dark","subscribeUrls":[],"rssFeedUrl":"https:\/\/stepienybarno.es\/blog\/feed\/podcast\/podcast-de-stepienybarno","embedCode":"<blockquote class=\"wp-embedded-content\" data-secret=\"sB2Nw4tYtZ\"><a href=\"https:\/\/stepienybarno.es\/blog\/2014\/04\/02\/obra-del-ano-2014\/\">OBRA DEL A\u00d1O 2014<\/a><\/blockquote><iframe sandbox=\"allow-scripts\" security=\"restricted\" src=\"https:\/\/stepienybarno.es\/blog\/2014\/04\/02\/obra-del-ano-2014\/embed\/#?secret=sB2Nw4tYtZ\" width=\"500\" height=\"350\" title=\"\u00abOBRA DEL A\u00d1O 2014\u00bb \u2014 Blog de STEPIEN Y BARNO - publicaci\u00f3n digital sobre arquitectura\" data-secret=\"sB2Nw4tYtZ\" frameborder=\"0\" marginwidth=\"0\" marginheight=\"0\" scrolling=\"no\" class=\"wp-embedded-content\"><\/iframe><script type=\"text\/javascript\">\n\/* <![CDATA[ *\/\n\/*! This file is auto-generated *\/\n!function(d,l){\"use strict\";l.querySelector&&d.addEventListener&&\"undefined\"!=typeof URL&&(d.wp=d.wp||{},d.wp.receiveEmbedMessage||(d.wp.receiveEmbedMessage=function(e){var t=e.data;if((t||t.secret||t.message||t.value)&&!\/[^a-zA-Z0-9]\/.test(t.secret)){for(var s,r,n,a=l.querySelectorAll('iframe[data-secret=\"'+t.secret+'\"]'),o=l.querySelectorAll('blockquote[data-secret=\"'+t.secret+'\"]'),c=new RegExp(\"^https?:$\",\"i\"),i=0;i<o.length;i++)o[i].style.display=\"none\";for(i=0;i<a.length;i++)s=a[i],e.source===s.contentWindow&&(s.removeAttribute(\"style\"),\"height\"===t.message?(1e3<(r=parseInt(t.value,10))?r=1e3:~~r<200&&(r=200),s.height=r):\"link\"===t.message&&(r=new URL(s.getAttribute(\"src\")),n=new URL(t.value),c.test(n.protocol))&&n.host===r.host&&l.activeElement===s&&(d.top.location.href=t.value))}},d.addEventListener(\"message\",d.wp.receiveEmbedMessage,!1),l.addEventListener(\"DOMContentLoaded\",function(){for(var e,t,s=l.querySelectorAll(\"iframe.wp-embedded-content\"),r=0;r<s.length;r++)(t=(e=s[r]).getAttribute(\"data-secret\"))||(t=Math.random().toString(36).substring(2,12),e.src+=\"#?secret=\"+t,e.setAttribute(\"data-secret\",t)),e.contentWindow.postMessage({message:\"ready\",secret:t},\"*\")},!1)))}(window,document);\n\/* ]]> *\/\n<\/script>\n"},"_links":{"self":[{"href":"https:\/\/stepienybarno.es\/blog\/wp-json\/wp\/v2\/posts\/12783"}],"collection":[{"href":"https:\/\/stepienybarno.es\/blog\/wp-json\/wp\/v2\/posts"}],"about":[{"href":"https:\/\/stepienybarno.es\/blog\/wp-json\/wp\/v2\/types\/post"}],"author":[{"embeddable":true,"href":"https:\/\/stepienybarno.es\/blog\/wp-json\/wp\/v2\/users\/2"}],"replies":[{"embeddable":true,"href":"https:\/\/stepienybarno.es\/blog\/wp-json\/wp\/v2\/comments?post=12783"}],"version-history":[{"count":4,"href":"https:\/\/stepienybarno.es\/blog\/wp-json\/wp\/v2\/posts\/12783\/revisions"}],"predecessor-version":[{"id":12787,"href":"https:\/\/stepienybarno.es\/blog\/wp-json\/wp\/v2\/posts\/12783\/revisions\/12787"}],"wp:attachment":[{"href":"https:\/\/stepienybarno.es\/blog\/wp-json\/wp\/v2\/media?parent=12783"}],"wp:term":[{"taxonomy":"category","embeddable":true,"href":"https:\/\/stepienybarno.es\/blog\/wp-json\/wp\/v2\/categories?post=12783"},{"taxonomy":"post_tag","embeddable":true,"href":"https:\/\/stepienybarno.es\/blog\/wp-json\/wp\/v2\/tags?post=12783"},{"taxonomy":"series","embeddable":true,"href":"https:\/\/stepienybarno.es\/blog\/wp-json\/wp\/v2\/series?post=12783"}],"curies":[{"name":"wp","href":"https:\/\/api.w.org\/{rel}","templated":true}]}}