{"id":12831,"date":"2014-04-03T09:00:23","date_gmt":"2014-04-03T07:00:23","guid":{"rendered":"https:\/\/www.stepienybarno.es\/blog\/?p=12831"},"modified":"2014-04-03T09:03:14","modified_gmt":"2014-04-03T07:03:14","slug":"entrevista-a-stepienybarno-en-navarra-tv","status":"publish","type":"post","link":"https:\/\/stepienybarno.es\/blog\/2014\/04\/03\/entrevista-a-stepienybarno-en-navarra-tv\/","title":{"rendered":"ENTREVISTA A STEPIENYBARNO EN NAVARRA TV"},"content":{"rendered":"<p style=\"text-align: center;\" align=\"left\"><a style=\"text-align: center;\" href=\"https:\/\/stepienybarno.es\/blog\/wp-content\/uploads\/2014\/04\/0.-STEPIENYBARNO-ME-IMPORTAS-TU-STEPIEN-BARNO-NAVARRA-TV-NAVARRATV-350-.jpg\"><img loading=\"lazy\" decoding=\"async\" class=\"aligncenter\" title=\"0.  STEPIENYBARNO-ME-IMPORTAS-TU-STEPIEN-BARNO-NAVARRA-TV-NAVARRATV 350\" src=\"https:\/\/stepienybarno.es\/blog\/wp-content\/uploads\/2014\/04\/0.-STEPIENYBARNO-ME-IMPORTAS-TU-STEPIEN-BARNO-NAVARRA-TV-NAVARRATV-350-.jpg\" alt=\"0.  STEPIENYBARNO-ME-IMPORTAS-TU-STEPIEN-BARNO-NAVARRA-TV-NAVARRATV 350\" width=\"350\" height=\"263\" \/><\/a><\/p>\n<p style=\"text-align: center;\">\n<p align=\"left\">Ayer tuvimos la suerte de que, gracias a la mediaci\u00f3n de la delegaci\u00f3n navarra del COAVN (nuestro agradecimiento para Maite S\u00e1nchez y Maier V\u00e9lez!!), pudimos pisar por primera vez un plat\u00f3 de televisi\u00f3n como Stepienybarno.<\/p>\n<p align=\"left\">La entrevista que nos hicieron vers\u00f3, en gran medida, sobre nuestro propio blog de Stepienybarno.<\/p>\n<p align=\"left\">Si os apetece echarle uno ojo, no ten\u00e9is m\u00e1s que seguir leyendo.<\/p>\n<p align=\"left\"><!--more--><\/p>\n<p align=\"left\">\n<p style=\"text-align: center;\">Fotograf\u00eda de portada: Maite S\u00e1nchez<\/p>\n<p align=\"left\">\n<blockquote>\n<p style=\"text-align: center;\">\n<p style=\"text-align: center;\">\n<p style=\"text-align: center;\"><a style=\"text-align: center;\" href=\"https:\/\/www.youtube.com\/watch?v=ME3X9vrjjnA\" target=\"_blank\"><img loading=\"lazy\" decoding=\"async\" title=\"STEPIENYBARNO-ME-IMPORTAS-TU-STEPIEN-BARNO-NAVARRA-TV-NAVARRATV 500\" src=\"https:\/\/stepienybarno.es\/blog\/wp-content\/uploads\/2014\/04\/STEPIENYBARNO-ME-IMPORTAS-TU-STEPIEN-BARNO-NAVARRA-TV-NAVARRATV-500-.jpg\" alt=\"STEPIENYBARNO-ME-IMPORTAS-TU-STEPIEN-BARNO-NAVARRA-TV-NAVARRATV 500\" width=\"500\" height=\"253\" \/><\/a><\/p>\n<p style=\"text-align: center;\">\n<p style=\"text-align: center;\">Acceder a la entrevista, <a href=\"https:\/\/www.youtube.com\/watch?v=ME3X9vrjjnA\"><span style=\"color: #0000ff;\"><strong>aqu\u00ed.<\/strong><\/span><\/a><\/p>\n<p style=\"text-align: center;\"><span style=\"color: #808080;\">A partir del minuto: 23.30<\/span><\/p>\n<\/blockquote>\n<p align=\"left\">\n<p align=\"left\">\n<p align=\"left\">* Este art\u00edculo ha sido escrito con car\u00e1cter divulgativo y sin ning\u00fan tipo de \u00e1nimo de lucro. As\u00ed que, si te apetece <strong>compartirlo<\/strong> en cualquier otro medio, estaremos encantados de que lo hagas siempre y cuando cites el lugar donde lo has encontrado.<\/p>\n<p align=\"left\">\n<p><a href=\"https:\/\/twitter.com\/stepienybarno\">STEPIENYBARNO EN TWITTER _ @stepienybarno<\/a><\/p>\n<p align=\"left\"><a href=\"http:\/\/www.linkedin.com\/company\/stepienybarno\">STEPIENYBARNO EN LINKEDIN<\/a><\/p>\n<p align=\"left\"><a href=\"https:\/\/www.facebook.com\/pages\/BLOG-DE-STEPIENYBARNO\/78001079029\">STEPIENYBARNO EN FACEBOOK<\/a><\/p>\n<p align=\"left\">\n<p align=\"left\">* Stepienybarno est\u00e1 formado por Agnieszka Stepien y Lorenzo Barn\u00f3 y desde mayo del 2009 estamos en la red con\u00a0 la presente publicaci\u00f3n digital (Blog) de arquitectura.<\/p>\n<p align=\"left\">Nuestra actividad se sustenta en tres pilares b\u00e1sicos: la investigaci\u00f3n, la publicaci\u00f3n y la redacci\u00f3n de proyectos de arquitectura.<\/p>\n<p align=\"left\">A su vez, somos socios cofundadores de <a href=\"http:\/\/sinergiasostenible.org\/\">SINERGIA SOSTENIBLE<\/a> y redactores de <a href=\"http:\/\/www.laciudadviva.org\/blogs\/?author=45\">LA CIUDAD VIVA<\/a>.<\/p>\n<p align=\"left\">* Los editores de esta publicaci\u00f3n digital no nos hacemos cargo de de los comentarios y\u00a0 conceptos vertidos en los textos firmados por otras personas, siendo \u00e9stos de responsabilidad exclusiva de sus autores.<\/p>\n<p align=\"left\">* Tu comentario pudiera ser moderado, por lo tanto, aunque aparezca inmediatamente al ser publicado en la entrada, los editores de esta publicaci\u00f3n digital nos reservamos el derecho tanto de editarlo (si fuera necesario, para hacerlo m\u00e1s legible) como de eliminarlo en el caso de que se usen expresiones incorrectas (descalificaciones, palabras malsonantes\u2026). A su vez, si quieres comentar desde el anonimato puedes hacerlo, aunque, nosotros personalmente, agradecemos que tod@s nos podamos identificar.<\/p>\n","protected":false},"excerpt":{"rendered":"<p>Ayer tuvimos la suerte de que, gracias a la mediaci\u00f3n<\/p>\n","protected":false},"author":2,"featured_media":0,"comment_status":"open","ping_status":"closed","sticky":false,"template":"","format":"standard","meta":{"om_disable_all_campaigns":false,"_monsterinsights_skip_tracking":false,"_monsterinsights_sitenote_active":false,"_monsterinsights_sitenote_note":"","_monsterinsights_sitenote_category":0,"_uf_show_specific_survey":0,"_uf_disable_surveys":false,"episode_type":"","audio_file":"","cover_image":"","cover_image_id":"","duration":"","filesize":"","date_recorded":"","explicit":"","block":"","filesize_raw":"","footnotes":""},"categories":[34,22],"tags":[4274,9,2232,2846,2882,2883],"series":[],"class_list":["post-12831","post","type-post","status-publish","format-standard","hentry","category-actualidad","category-identidad-digital-syb","tag-actualidad","tag-arquitectura","tag-coavn","tag-maier-velez","tag-maite-sanchez","tag-navarra-tv"],"aioseo_notices":[],"episode_featured_image":false,"episode_player_image":"https:\/\/stepienybarno.es\/blog\/wp-content\/uploads\/2020\/11\/stepienybarno-podcast-scaled.jpg","download_link":"","player_link":"","audio_player":false,"episode_data":{"playerMode":"dark","subscribeUrls":[],"rssFeedUrl":"https:\/\/stepienybarno.es\/blog\/feed\/podcast\/podcast-de-stepienybarno","embedCode":"<blockquote class=\"wp-embedded-content\" data-secret=\"NIlanp6Kg1\"><a href=\"https:\/\/stepienybarno.es\/blog\/2014\/04\/03\/entrevista-a-stepienybarno-en-navarra-tv\/\">ENTREVISTA A STEPIENYBARNO EN NAVARRA TV<\/a><\/blockquote><iframe sandbox=\"allow-scripts\" security=\"restricted\" src=\"https:\/\/stepienybarno.es\/blog\/2014\/04\/03\/entrevista-a-stepienybarno-en-navarra-tv\/embed\/#?secret=NIlanp6Kg1\" width=\"500\" height=\"350\" title=\"\u00abENTREVISTA A STEPIENYBARNO EN NAVARRA TV\u00bb \u2014 Blog de STEPIEN Y BARNO - publicaci\u00f3n digital sobre arquitectura\" data-secret=\"NIlanp6Kg1\" frameborder=\"0\" marginwidth=\"0\" marginheight=\"0\" scrolling=\"no\" class=\"wp-embedded-content\"><\/iframe><script type=\"text\/javascript\">\n\/* <![CDATA[ *\/\n\/*! This file is auto-generated *\/\n!function(d,l){\"use strict\";l.querySelector&&d.addEventListener&&\"undefined\"!=typeof URL&&(d.wp=d.wp||{},d.wp.receiveEmbedMessage||(d.wp.receiveEmbedMessage=function(e){var t=e.data;if((t||t.secret||t.message||t.value)&&!\/[^a-zA-Z0-9]\/.test(t.secret)){for(var s,r,n,a=l.querySelectorAll('iframe[data-secret=\"'+t.secret+'\"]'),o=l.querySelectorAll('blockquote[data-secret=\"'+t.secret+'\"]'),c=new RegExp(\"^https?:$\",\"i\"),i=0;i<o.length;i++)o[i].style.display=\"none\";for(i=0;i<a.length;i++)s=a[i],e.source===s.contentWindow&&(s.removeAttribute(\"style\"),\"height\"===t.message?(1e3<(r=parseInt(t.value,10))?r=1e3:~~r<200&&(r=200),s.height=r):\"link\"===t.message&&(r=new URL(s.getAttribute(\"src\")),n=new URL(t.value),c.test(n.protocol))&&n.host===r.host&&l.activeElement===s&&(d.top.location.href=t.value))}},d.addEventListener(\"message\",d.wp.receiveEmbedMessage,!1),l.addEventListener(\"DOMContentLoaded\",function(){for(var e,t,s=l.querySelectorAll(\"iframe.wp-embedded-content\"),r=0;r<s.length;r++)(t=(e=s[r]).getAttribute(\"data-secret\"))||(t=Math.random().toString(36).substring(2,12),e.src+=\"#?secret=\"+t,e.setAttribute(\"data-secret\",t)),e.contentWindow.postMessage({message:\"ready\",secret:t},\"*\")},!1)))}(window,document);\n\/* ]]> *\/\n<\/script>\n"},"_links":{"self":[{"href":"https:\/\/stepienybarno.es\/blog\/wp-json\/wp\/v2\/posts\/12831"}],"collection":[{"href":"https:\/\/stepienybarno.es\/blog\/wp-json\/wp\/v2\/posts"}],"about":[{"href":"https:\/\/stepienybarno.es\/blog\/wp-json\/wp\/v2\/types\/post"}],"author":[{"embeddable":true,"href":"https:\/\/stepienybarno.es\/blog\/wp-json\/wp\/v2\/users\/2"}],"replies":[{"embeddable":true,"href":"https:\/\/stepienybarno.es\/blog\/wp-json\/wp\/v2\/comments?post=12831"}],"version-history":[{"count":4,"href":"https:\/\/stepienybarno.es\/blog\/wp-json\/wp\/v2\/posts\/12831\/revisions"}],"predecessor-version":[{"id":12834,"href":"https:\/\/stepienybarno.es\/blog\/wp-json\/wp\/v2\/posts\/12831\/revisions\/12834"}],"wp:attachment":[{"href":"https:\/\/stepienybarno.es\/blog\/wp-json\/wp\/v2\/media?parent=12831"}],"wp:term":[{"taxonomy":"category","embeddable":true,"href":"https:\/\/stepienybarno.es\/blog\/wp-json\/wp\/v2\/categories?post=12831"},{"taxonomy":"post_tag","embeddable":true,"href":"https:\/\/stepienybarno.es\/blog\/wp-json\/wp\/v2\/tags?post=12831"},{"taxonomy":"series","embeddable":true,"href":"https:\/\/stepienybarno.es\/blog\/wp-json\/wp\/v2\/series?post=12831"}],"curies":[{"name":"wp","href":"https:\/\/api.w.org\/{rel}","templated":true}]}}