{"id":12920,"date":"2014-04-07T09:27:32","date_gmt":"2014-04-07T07:27:32","guid":{"rendered":"https:\/\/www.stepienybarno.es\/blog\/?p=12920"},"modified":"2014-04-07T12:25:27","modified_gmt":"2014-04-07T10:25:27","slug":"arquitectura-y-educacion-110-_-con-blanca-espigares","status":"publish","type":"post","link":"https:\/\/stepienybarno.es\/blog\/2014\/04\/07\/arquitectura-y-educacion-110-_-con-blanca-espigares\/","title":{"rendered":"ARQUITECTURA Y EDUCACI\u00d3N 1\/10 _ con Blanca Espigares"},"content":{"rendered":"<p style=\"text-align: center;\"><a href=\"https:\/\/stepienybarno.es\/blog\/wp-content\/uploads\/2014\/04\/arquitectura-educaci\u00f3n-stepienybarno-eduarq10-Blanca-Espigares-.jpg\"><img loading=\"lazy\" decoding=\"async\" class=\"alignnone size-full wp-image-12919\" title=\"arquitectura-educaci\u00f3n-stepienybarno-eduarq10-Blanca Espigares\" src=\"https:\/\/stepienybarno.es\/blog\/wp-content\/uploads\/2014\/04\/arquitectura-educaci\u00f3n-stepienybarno-eduarq10-Blanca-Espigares-.jpg\" alt=\"arquitectura-educaci\u00f3n-stepienybarno-eduarq10-Blanca Espigares\" width=\"350\" height=\"234\" srcset=\"https:\/\/stepienybarno.es\/blog\/wp-content\/uploads\/2014\/04\/arquitectura-educaci\u00f3n-stepienybarno-eduarq10-Blanca-Espigares-.jpg 350w, https:\/\/stepienybarno.es\/blog\/wp-content\/uploads\/2014\/04\/arquitectura-educaci\u00f3n-stepienybarno-eduarq10-Blanca-Espigares--180x120.jpg 180w, https:\/\/stepienybarno.es\/blog\/wp-content\/uploads\/2014\/04\/arquitectura-educaci\u00f3n-stepienybarno-eduarq10-Blanca-Espigares--316x211.jpg 316w\" sizes=\"(max-width: 350px) 100vw, 350px\" \/><\/a><\/p>\n<p align=\"left\">\n<p align=\"left\">\n<p align=\"left\">Bajo el hashtag #Eduarq10 comenzamos esta <a href=\"https:\/\/stepienybarno.es\/blog\/2014\/04\/05\/eduarq10-is-coming\/\">nueva serie de la que os habl\u00e1bamos el s\u00e1bado<\/a>. Esperando que sea de vuestro inter\u00e9s y no sin antes dar las gracias a Blanca Espigares* por animarse a abrir fuego, os dejamos con este\u00a0 primer y prometedor post.<\/p>\n<p align=\"left\"><!--more--><\/p>\n<p align=\"left\">\n<p align=\"left\">TALLER: RIP<\/p>\n<p align=\"left\">Las Escuelas de Arquitectura se han caracterizado por impartir docencia en \u201ctaller\u201d, <strong>un\u00a0 sistema de ense\u00f1anza heredado de las antiguas formas de aprendizaje con maestro.<\/strong> Es un espacio donde no existe estrado ni clases magistrales, donde se integra la teor\u00eda y la pr\u00e1ctica y el profesor comparte mesa con los estudiantes; la ense\u00f1anza se fundamenta en la investigaci\u00f3n, se enfatiza en la b\u00fasqueda de soluciones al problema planteado y se construye con la interacci\u00f3n de los asistentes.\u00a0 La duraci\u00f3n del proyecto propuesto es de unos meses, as\u00ed que los estudiantes muestran sus avances cada semana mientras son comentados por parte de todos en un coloquio en el que el <strong>profesor act\u00faa m\u00e1s de catalizador<\/strong> que de docente de clases magistrales. El estudiante aprende mediante la comparaci\u00f3n de procesos de trabajo, del suyo propio y de sus compa\u00f1eros, con los comentarios, ejemplos y gu\u00eda del profesor. El taller es un m\u00e9todo adoptado por las nuevas corrientes pedag\u00f3gicas que buscan responder de esta forma a la era de la informaci\u00f3n y nuevas tecnolog\u00edas.<\/p>\n<p align=\"left\">\u201cEn 1968 el 75% de los conocimientos necesarios para trabajar los ten\u00edamos en nuestra cabeza. Hoy ni siquiera llegamos al 10%\u201d <span style=\"color: #0000ff;\">1<\/span>.<\/p>\n<p align=\"left\">Hasta hace relativamente poco las personas, a lo largo de sus a\u00f1os de formaci\u00f3n, adquir\u00edan las competencias necesarias para ejercer la misma profesi\u00f3n durante el resto de su vida. En la actualidad, las posibilidades de permanecer en el mismo puesto de trabajo hasta la jubilaci\u00f3n se ha reducido dr\u00e1sticamente.<strong> No se buscan profesionales que apliquen formulas aprendidas, sino que trabajen de forma colaborativa<\/strong>: comprendiendo que el conocimiento yace en la diversidad de opiniones, en el proceso de conectar nodos y fuentes de informaci\u00f3n y en la construcci\u00f3n de comunidades <span style=\"color: #0000ff;\">2<\/span>. Los tiempos han cambiado, incluida la forma de aprendizaje. Se aboga por conformar en las clases, grupos que interact\u00faen de forma que se incite al estudiante a generar sus propias experiencias de conocimiento, y, as\u00ed, compartir sus reflexiones y proceso de trabajo. No es un aula en el que se imparta un listado de hechos o f\u00f3rmulas que hay que memorizar.<\/p>\n<p align=\"left\">Realmente, los talleres de las Escuelas de Arquitectura aplican el concepto \u201ctaller\u201d que la nueva pedagog\u00eda defiende. Por tanto, se podr\u00eda decir que partimos de una plataforma docente que funciona y ha funcionado muy bien, y a la que solamente le faltar\u00eda integrar nuevas tecnolog\u00edas y superar y avanzar en el m\u00e9todo para ampliar los talleres al <strong>espacio digital.<\/strong> Sin embargo, las escuelas en vez de potenciar el sistema basado en taller, est\u00e1n progresivamente abogando a favor de aulas y calendarios normalizados propios de disciplinas ajenas a la arquitectura. <strong>Los planes de las distintas escuelas est\u00e1n confeccionados por bur\u00f3cratas<\/strong> m\u00e1s preocupados por la regulaci\u00f3n y estandarizaci\u00f3n de sus propias materias que por la docencia en s\u00ed o por la esencia de la profesi\u00f3n. La exactitud exigida por el Plan Bolonia est\u00e1 mal entendida y se ha manifestado en general en Espa\u00f1a en una reducci\u00f3n de las horas de taller muy significativas. Las asignaturas normalizadas han tomado fuerza y han permanecido inalteradas en los cambios de plan, y, sin embargo, <strong>las horas de taller han menguado de forma dr\u00e1stica, provocando una congelaci\u00f3n en el m\u00e9todo docente<\/strong>. A esto hay que a\u00f1adir la consecuencia que conlleva reglar las horas de docencia de los talleres, en detrimento de la improvisaci\u00f3n y la espontaneidad. De esto se deriva la dificultad de adaptar los contenidos del curso al proceso que va marcando con su trabajo el grupo de estudiantes. Es decir: el trasfondo y la raz\u00f3n de ser del taller, la construcci\u00f3n por parte de los asistentes al abrigo de la gu\u00eda del profesor, desaparecen inevitablemente. Por eso, resulta sorprendente que el concepto de taller tan estudiado y adoptado por diferentes disciplinas en los \u00faltimos a\u00f1os<span style=\"color: #0000ff;\"> 3<\/span> se haya visto desplazado en el \u00e1rea de conocimiento que durante tantos lustros lo ha tenido como baluarte de su aprendizaje: proyectos arquitect\u00f3nicos.\u00a0 Descansen pues en paz aquellos prebostes de la pedagog\u00eda que han enterrado la esencia de la profesi\u00f3n.<\/p>\n<p align=\"left\">\n<p align=\"left\"><span style=\"color: #999999;\">1. J. Cross, J. Hart, <em>Working smarter in Terra Nova Circa 2015,<\/em> 2010.<\/span><\/p>\n<p align=\"left\"><span style=\"color: #999999;\">2. Repetimos las tres claves del Conectivismo. G. Siemens, <em><em>Connectivism<\/em>: A Learning Theory for the Digital Age<\/em>, 2004.<\/span><\/p>\n<p align=\"left\"><span style=\"color: #999999;\">3. K. T. McPeek, <em>Collaborative Design Pedagogy: A Naturalistic Inquiry of Architectural Education<\/em>. Ph.D., Texas A&amp;M University, 2009.<\/span><\/p>\n<p align=\"left\">\n<blockquote>\n<p style=\"text-align: left;\"><strong><span style=\"color: #333333;\">Texto: Blanca Espigares Rooney<\/span><\/strong><\/p>\n<p align=\"left\">http:\/\/blancaespigaresrooney.wordpress.com\/<\/p>\n<p>@B_Espigares<\/p>\n<p align=\"left\"><strong>*<\/strong> \u201cArquitecta, ha desarrollado proyectos en patrimonio, paisaje y ciudad hist\u00f3rica. Terminando su tesis titulada: \u00abCartograf\u00edas superpuestas. Secciones urbanas de Granada\u00bb, ha impartido clase de proyectos arquitect\u00f3nicos en la Universidad de Granada, adem\u00e1s de jornadas de PLEs y Web 2.0 para arquitecto.<\/p>\n<p align=\"left\">Curiosa compulsiva, la investigaci\u00f3n es una de sus grandes pasiones.\u201d<\/p>\n<\/blockquote>\n<p align=\"left\">\n<blockquote>\n<p align=\"left\"><strong>Post Relacionados:<\/strong><\/p>\n<p align=\"left\"><span style=\"color: #333333;\">#EDUARQ10 IS COMING<\/span><\/p>\n<p align=\"left\"><span style=\"color: #333333;\"><a href=\"https:\/\/stepienybarno.es\/blog\/2014\/04\/05\/eduarq10-is-coming\/\">https:\/\/stepienybarno.es\/blog\/2014\/04\/05\/eduarq10-is-coming\/<\/a><\/span><\/p>\n<p align=\"left\"><span style=\"color: #333333;\"> <\/span><\/p>\n<p align=\"left\"><span style=\"color: #333333;\">ESPECTACTORES Y FACILITADORES 1\/2<\/span><\/p>\n<p align=\"left\"><span style=\"color: #333333;\"><a href=\"http:\/\/www2.ual.es\/RedURBS\/BlogURBS\/espectactores-y-facilitadores-12\/\">http:\/\/www2.ual.es\/RedURBS\/BlogURBS\/espectactores-y-facilitadores-12\/<\/a><\/span><\/p>\n<p align=\"left\"><span style=\"color: #333333;\"> <\/span><\/p>\n<p align=\"left\"><span style=\"color: #333333;\">ESPECTACTORES Y FACILITADORES 2\/2<\/span><\/p>\n<p align=\"left\"><span style=\"color: #333333;\"><a href=\"http:\/\/www.laciudadviva.org\/blogs\/?p=22418\"><span style=\"color: #333333;\">http:\/\/www.laciudadviva.org\/blogs\/?p=22418<\/span><\/a><\/span><\/p>\n<\/blockquote>\n<p align=\"left\">\n<blockquote>\n<p align=\"left\">* Este art\u00edculo ha sido escrito con car\u00e1cter divulgativo y sin ning\u00fan tipo de \u00e1nimo de lucro. As\u00ed que, si te apetece <strong>compartirlo<\/strong> en cualquier otro medio, estaremos encantados de que lo hagas siempre y cuando cites el lugar donde lo has encontrado.<\/p>\n<\/blockquote>\n<p align=\"left\">\n<p><a href=\"https:\/\/twitter.com\/stepienybarno\">STEPIENYBARNO EN TWITTER _ @stepienybarno<\/a><\/p>\n<p align=\"left\"><a href=\"http:\/\/www.linkedin.com\/company\/stepienybarno\">STEPIENYBARNO EN LINKEDIN<\/a><\/p>\n<p align=\"left\"><a href=\"https:\/\/www.facebook.com\/pages\/BLOG-DE-STEPIENYBARNO\/78001079029\">STEPIENYBARNO EN FACEBOOK<\/a><\/p>\n<p align=\"left\">\n<p align=\"left\">* Stepienybarno est\u00e1 formado por Agnieszka Stepien y Lorenzo Barn\u00f3 y desde mayo del 2009 estamos en la red con\u00a0 la presente publicaci\u00f3n digital (Blog) de arquitectura.<\/p>\n<p align=\"left\">Nuestra actividad se sustenta en tres pilares b\u00e1sicos: la investigaci\u00f3n, la publicaci\u00f3n y la redacci\u00f3n de proyectos de arquitectura.<\/p>\n<p align=\"left\">A su vez, somos socios cofundadores de <a href=\"http:\/\/sinergiasostenible.org\/\">SINERGIA SOSTENIBLE<\/a> y redactores de <a href=\"http:\/\/www.laciudadviva.org\/blogs\/?author=45\">LA CIUDAD VIVA<\/a>.<\/p>\n<p align=\"left\">* Los editores de esta publicaci\u00f3n digital no nos hacemos cargo de de los comentarios y\u00a0 conceptos vertidos en los textos firmados por otras personas, siendo \u00e9stos de responsabilidad exclusiva de sus autores.<\/p>\n<p align=\"left\">* Tu comentario pudiera ser moderado, por lo tanto, aunque aparezca inmediatamente al ser publicado en la entrada, los editores de esta publicaci\u00f3n digital nos reservamos el derecho tanto de editarlo (si fuera necesario, para hacerlo m\u00e1s legible) como de eliminarlo en el caso de que se usen expresiones incorrectas (descalificaciones, palabras malsonantes\u2026). A su vez, si quieres comentar desde el anonimato puedes hacerlo, aunque, nosotros personalmente, agradecemos que tod@s nos podamos identificar.<\/p>\n","protected":false},"excerpt":{"rendered":"<p>Bajo el hashtag #Eduarq10 comenzamos esta nueva serie de la que os habl\u00e1bamos el s\u00e1bado. Esperando que sea de vuestro inter\u00e9s y no sin antes dar las gracias a Blanca Espigares* por animarse a abrir fuego, os dejamos con este  primer y prometedor post.<\/p>\n<p>(m\u00e1s&#8230;)<\/p>\n","protected":false},"author":2,"featured_media":0,"comment_status":"open","ping_status":"closed","sticky":false,"template":"","format":"standard","meta":{"om_disable_all_campaigns":false,"_monsterinsights_skip_tracking":false,"_monsterinsights_sitenote_active":false,"_monsterinsights_sitenote_note":"","_monsterinsights_sitenote_category":0,"_uf_show_specific_survey":0,"_uf_disable_surveys":false,"episode_type":"","audio_file":"","cover_image":"","cover_image_id":"","duration":"","filesize":"","date_recorded":"","explicit":"","block":"","filesize_raw":"","footnotes":""},"categories":[2899,4],"tags":[4275,4274,9,2902,2898],"series":[],"class_list":["post-12920","post","type-post","status-publish","format-standard","hentry","category-eduarq10","category-arquilectura","tag-eduarq10","tag-actualidad","tag-arquitectura","tag-arquitectura-y-educacion","tag-blanca-espigares"],"aioseo_notices":[],"episode_featured_image":false,"episode_player_image":"https:\/\/stepienybarno.es\/blog\/wp-content\/uploads\/2020\/11\/stepienybarno-podcast-scaled.jpg","download_link":"","player_link":"","audio_player":false,"episode_data":{"playerMode":"dark","subscribeUrls":[],"rssFeedUrl":"https:\/\/stepienybarno.es\/blog\/feed\/podcast\/podcast-de-stepienybarno","embedCode":"<blockquote class=\"wp-embedded-content\" data-secret=\"g0ABhFrKUx\"><a href=\"https:\/\/stepienybarno.es\/blog\/2014\/04\/07\/arquitectura-y-educacion-110-_-con-blanca-espigares\/\">ARQUITECTURA Y EDUCACI\u00d3N 1\/10 _ con Blanca Espigares<\/a><\/blockquote><iframe sandbox=\"allow-scripts\" security=\"restricted\" src=\"https:\/\/stepienybarno.es\/blog\/2014\/04\/07\/arquitectura-y-educacion-110-_-con-blanca-espigares\/embed\/#?secret=g0ABhFrKUx\" width=\"500\" height=\"350\" title=\"\u00abARQUITECTURA Y EDUCACI\u00d3N 1\/10 _ con Blanca Espigares\u00bb \u2014 Blog de STEPIEN Y BARNO - publicaci\u00f3n digital sobre arquitectura\" data-secret=\"g0ABhFrKUx\" frameborder=\"0\" marginwidth=\"0\" marginheight=\"0\" scrolling=\"no\" class=\"wp-embedded-content\"><\/iframe><script type=\"text\/javascript\">\n\/* <![CDATA[ *\/\n\/*! This file is auto-generated *\/\n!function(d,l){\"use strict\";l.querySelector&&d.addEventListener&&\"undefined\"!=typeof URL&&(d.wp=d.wp||{},d.wp.receiveEmbedMessage||(d.wp.receiveEmbedMessage=function(e){var t=e.data;if((t||t.secret||t.message||t.value)&&!\/[^a-zA-Z0-9]\/.test(t.secret)){for(var s,r,n,a=l.querySelectorAll('iframe[data-secret=\"'+t.secret+'\"]'),o=l.querySelectorAll('blockquote[data-secret=\"'+t.secret+'\"]'),c=new RegExp(\"^https?:$\",\"i\"),i=0;i<o.length;i++)o[i].style.display=\"none\";for(i=0;i<a.length;i++)s=a[i],e.source===s.contentWindow&&(s.removeAttribute(\"style\"),\"height\"===t.message?(1e3<(r=parseInt(t.value,10))?r=1e3:~~r<200&&(r=200),s.height=r):\"link\"===t.message&&(r=new URL(s.getAttribute(\"src\")),n=new URL(t.value),c.test(n.protocol))&&n.host===r.host&&l.activeElement===s&&(d.top.location.href=t.value))}},d.addEventListener(\"message\",d.wp.receiveEmbedMessage,!1),l.addEventListener(\"DOMContentLoaded\",function(){for(var e,t,s=l.querySelectorAll(\"iframe.wp-embedded-content\"),r=0;r<s.length;r++)(t=(e=s[r]).getAttribute(\"data-secret\"))||(t=Math.random().toString(36).substring(2,12),e.src+=\"#?secret=\"+t,e.setAttribute(\"data-secret\",t)),e.contentWindow.postMessage({message:\"ready\",secret:t},\"*\")},!1)))}(window,document);\n\/* ]]> *\/\n<\/script>\n"},"_links":{"self":[{"href":"https:\/\/stepienybarno.es\/blog\/wp-json\/wp\/v2\/posts\/12920"}],"collection":[{"href":"https:\/\/stepienybarno.es\/blog\/wp-json\/wp\/v2\/posts"}],"about":[{"href":"https:\/\/stepienybarno.es\/blog\/wp-json\/wp\/v2\/types\/post"}],"author":[{"embeddable":true,"href":"https:\/\/stepienybarno.es\/blog\/wp-json\/wp\/v2\/users\/2"}],"replies":[{"embeddable":true,"href":"https:\/\/stepienybarno.es\/blog\/wp-json\/wp\/v2\/comments?post=12920"}],"version-history":[{"count":9,"href":"https:\/\/stepienybarno.es\/blog\/wp-json\/wp\/v2\/posts\/12920\/revisions"}],"predecessor-version":[{"id":12927,"href":"https:\/\/stepienybarno.es\/blog\/wp-json\/wp\/v2\/posts\/12920\/revisions\/12927"}],"wp:attachment":[{"href":"https:\/\/stepienybarno.es\/blog\/wp-json\/wp\/v2\/media?parent=12920"}],"wp:term":[{"taxonomy":"category","embeddable":true,"href":"https:\/\/stepienybarno.es\/blog\/wp-json\/wp\/v2\/categories?post=12920"},{"taxonomy":"post_tag","embeddable":true,"href":"https:\/\/stepienybarno.es\/blog\/wp-json\/wp\/v2\/tags?post=12920"},{"taxonomy":"series","embeddable":true,"href":"https:\/\/stepienybarno.es\/blog\/wp-json\/wp\/v2\/series?post=12920"}],"curies":[{"name":"wp","href":"https:\/\/api.w.org\/{rel}","templated":true}]}}