{"id":13078,"date":"2014-04-18T17:30:58","date_gmt":"2014-04-18T15:30:58","guid":{"rendered":"https:\/\/www.stepienybarno.es\/blog\/?p=13078"},"modified":"2014-05-15T19:59:14","modified_gmt":"2014-05-15T17:59:14","slug":"no-digas-a-tu-madre-que-soy-arquitecto","status":"publish","type":"post","link":"https:\/\/stepienybarno.es\/blog\/2014\/04\/18\/no-digas-a-tu-madre-que-soy-arquitecto\/","title":{"rendered":"NO DIGAS A TU MADRE QUE SOY ARQUITECTO."},"content":{"rendered":"<p align=\"left\">\n<p style=\"text-align: center;\"><a href=\"https:\/\/stepienybarno.es\/blog\/wp-content\/uploads\/2014\/04\/arquitectura-arquitectos-stepienybarno-.jpg\"><img loading=\"lazy\" decoding=\"async\" class=\"alignnone size-medium wp-image-13080\" title=\"arquitectura-arquitectos-stepienybarno\" src=\"https:\/\/stepienybarno.es\/blog\/wp-content\/uploads\/2014\/04\/arquitectura-arquitectos-stepienybarno--350x72.jpg\" alt=\"arquitectura-arquitectos-stepienybarno\" width=\"350\" height=\"72\" \/><\/a><\/p>\n<p align=\"left\">Por Pablo J. L\u00f3pez Hern\u00e1ndez<\/p>\n<p align=\"left\"><!--more--><\/p>\n<p align=\"left\">\n<p align=\"left\">\u201c(\u2026) Pero todo ha ido cambiando a peor. Ahora estamos probando el hierro del paro, de la precariedad econ\u00f3mica, y de una creciente y descalificante cr\u00edtica social, crisis incluida. Desde hace, al menos una d\u00e9cada, y descarnadamente en los \u00faltimos a\u00f1os, nos hemos ca\u00eddo (mejor dicho nos han tirado) del egregio pedestal de anta\u00f1o. Y parece que no quedar\u00e1n muchos ni para recoger los trozos rotos.<\/p>\n<p align=\"left\">\u201c(\u2026) <strong>Sexto error<\/strong>: El creernos estar por encima del bien y del mal cuando a la crisis actual ya se le ve\u00edan las orejas. Hemos cerrado los ojos ante la realidad que llegaba. Al que le iba bien porque le iba bien, y pens\u00f3 que de esta se salvaba. Al que le iba mal porque ni se hab\u00eda enterado de que alguna vez las cosas fueron mejores. Encerrados en nuestro caparazoncito, ingenuamente, nos cre\u00edamos intocables. As\u00ed nos va.<\/p>\n<p align=\"left\">\n<blockquote>\n<p style=\"text-align: center;\"><a href=\"http:\/\/www.ctavadebat.com\/?deeplink_referrer=socialB_facebook&amp;deeplink_referrer=socialB_twitter#!No-digas-a-tu-madre-que-soy-arquitecto-Arquitectos-al-menudeo-Pablo-J-Lpez-Hernndez\/c19ab\/2782EEB5-5E06-497C-AC7B-60BB55EF40BC\"><strong>Acceder al post.<\/strong><\/a><\/p>\n<\/blockquote>\n<p align=\"left\">\n<p align=\"left\">\n<p align=\"left\">Noticia seleccionada por el Canal de arquitectura STEPIENYBARNO.<\/p>\n<p align=\"left\"><a href=\"https:\/\/twitter.com\/stepienybarno\">STEPIENYBARNO EN TWITTER _ @stepienybarno<\/a><\/p>\n<p align=\"left\"><a href=\"http:\/\/www.linkedin.com\/company\/stepienybarno\">STEPIENYBARNO EN LINKEDIN<\/a><\/p>\n<p align=\"left\"><a href=\"https:\/\/www.facebook.com\/pages\/BLOG-DE-STEPIENYBARNO\/78001079029\">STEPIENYBARNO EN FACEBOOK<\/a><\/p>\n<p align=\"left\">\n<p align=\"left\">*Stepienybarno est\u00e1 formado por Agnieszka Stepien y Lorenzo Barn\u00f3 y desde mayo del 2009 estamos en la red con\u00a0 la presente publicaci\u00f3n digital (Blog) de arquitectura.<\/p>\n<p align=\"left\">Nuestra actividad se sustenta en tres pilares b\u00e1sicos: la investigaci\u00f3n, la publicaci\u00f3n (comunicaci\u00f3n y difusi\u00f3n) y la redacci\u00f3n de proyectos de arquitectura.<\/p>\n<p align=\"left\">A su vez, somos socios cofundadores de <a href=\"http:\/\/sinergiasostenible.org\/\">SINERGIA SOSTENIBLE<\/a> y redactores de <a href=\"http:\/\/www.laciudadviva.org\/blogs\/?author=45\">LA CIUDAD VIVA<\/a>.<\/p>\n<p align=\"left\">\n<p align=\"left\">* Los editores de esta publicaci\u00f3n digital no nos hacemos cargo de de los comentarios y\u00a0 conceptos vertidos en los textos firmados por otras personas, siendo \u00e9stos de responsabilidad exclusiva de sus autores.<\/p>\n<p align=\"left\">\n<p align=\"left\">* Tu comentario podr\u00e1 ser moderado, por lo tanto, aunque aparezca inmediatamente al ser publicado en la entrada, los editores de esta publicaci\u00f3n digital nos reservamos el derecho tanto de editarlo (si fuera necesario, para hacerlo m\u00e1s legible) como de eliminarlo en el caso de que se usen expresiones incorrectas (descalificaciones, palabras malsonantes\u2026). A su vez, si quieres comentar desde el anonimato puedes hacerlo, aunque, nosotros personalmente, agradecemos que tod@s nos podamos identificar.<\/p>\n","protected":false},"excerpt":{"rendered":"<p>Por Pablo J. L\u00f3pez Hern\u00e1ndez<\/p>\n","protected":false},"author":2,"featured_media":0,"comment_status":"open","ping_status":"closed","sticky":false,"template":"","format":"standard","meta":{"om_disable_all_campaigns":false,"_monsterinsights_skip_tracking":false,"_monsterinsights_sitenote_active":false,"_monsterinsights_sitenote_note":"","_monsterinsights_sitenote_category":0,"_uf_show_specific_survey":0,"_uf_disable_surveys":false,"episode_type":"","audio_file":"","cover_image":"","cover_image_id":"","duration":"","filesize":"","date_recorded":"","explicit":"","block":"","filesize_raw":"","footnotes":""},"categories":[34,244,2976],"tags":[4274,9,2933],"series":[],"class_list":["post-13078","post","type-post","status-publish","format-standard","hentry","category-actualidad","category-canal-de-arquitectura","category-profesion-arquitecto","tag-actualidad","tag-arquitectura","tag-pablo-j-lopez-hernandez"],"aioseo_notices":[],"episode_featured_image":false,"episode_player_image":"https:\/\/stepienybarno.es\/blog\/wp-content\/uploads\/2020\/11\/stepienybarno-podcast-scaled.jpg","download_link":"","player_link":"","audio_player":false,"episode_data":{"playerMode":"dark","subscribeUrls":[],"rssFeedUrl":"https:\/\/stepienybarno.es\/blog\/feed\/podcast\/podcast-de-stepienybarno","embedCode":"<blockquote class=\"wp-embedded-content\" data-secret=\"ryzkKiklP1\"><a href=\"https:\/\/stepienybarno.es\/blog\/2014\/04\/18\/no-digas-a-tu-madre-que-soy-arquitecto\/\">NO DIGAS A TU MADRE QUE SOY ARQUITECTO.<\/a><\/blockquote><iframe sandbox=\"allow-scripts\" security=\"restricted\" src=\"https:\/\/stepienybarno.es\/blog\/2014\/04\/18\/no-digas-a-tu-madre-que-soy-arquitecto\/embed\/#?secret=ryzkKiklP1\" width=\"500\" height=\"350\" title=\"\u00abNO DIGAS A TU MADRE QUE SOY ARQUITECTO.\u00bb \u2014 Blog de STEPIEN Y BARNO - publicaci\u00f3n digital sobre arquitectura\" data-secret=\"ryzkKiklP1\" frameborder=\"0\" marginwidth=\"0\" marginheight=\"0\" scrolling=\"no\" class=\"wp-embedded-content\"><\/iframe><script type=\"text\/javascript\">\n\/* <![CDATA[ *\/\n\/*! This file is auto-generated *\/\n!function(d,l){\"use strict\";l.querySelector&&d.addEventListener&&\"undefined\"!=typeof URL&&(d.wp=d.wp||{},d.wp.receiveEmbedMessage||(d.wp.receiveEmbedMessage=function(e){var t=e.data;if((t||t.secret||t.message||t.value)&&!\/[^a-zA-Z0-9]\/.test(t.secret)){for(var s,r,n,a=l.querySelectorAll('iframe[data-secret=\"'+t.secret+'\"]'),o=l.querySelectorAll('blockquote[data-secret=\"'+t.secret+'\"]'),c=new RegExp(\"^https?:$\",\"i\"),i=0;i<o.length;i++)o[i].style.display=\"none\";for(i=0;i<a.length;i++)s=a[i],e.source===s.contentWindow&&(s.removeAttribute(\"style\"),\"height\"===t.message?(1e3<(r=parseInt(t.value,10))?r=1e3:~~r<200&&(r=200),s.height=r):\"link\"===t.message&&(r=new URL(s.getAttribute(\"src\")),n=new URL(t.value),c.test(n.protocol))&&n.host===r.host&&l.activeElement===s&&(d.top.location.href=t.value))}},d.addEventListener(\"message\",d.wp.receiveEmbedMessage,!1),l.addEventListener(\"DOMContentLoaded\",function(){for(var e,t,s=l.querySelectorAll(\"iframe.wp-embedded-content\"),r=0;r<s.length;r++)(t=(e=s[r]).getAttribute(\"data-secret\"))||(t=Math.random().toString(36).substring(2,12),e.src+=\"#?secret=\"+t,e.setAttribute(\"data-secret\",t)),e.contentWindow.postMessage({message:\"ready\",secret:t},\"*\")},!1)))}(window,document);\n\/* ]]> *\/\n<\/script>\n"},"_links":{"self":[{"href":"https:\/\/stepienybarno.es\/blog\/wp-json\/wp\/v2\/posts\/13078"}],"collection":[{"href":"https:\/\/stepienybarno.es\/blog\/wp-json\/wp\/v2\/posts"}],"about":[{"href":"https:\/\/stepienybarno.es\/blog\/wp-json\/wp\/v2\/types\/post"}],"author":[{"embeddable":true,"href":"https:\/\/stepienybarno.es\/blog\/wp-json\/wp\/v2\/users\/2"}],"replies":[{"embeddable":true,"href":"https:\/\/stepienybarno.es\/blog\/wp-json\/wp\/v2\/comments?post=13078"}],"version-history":[{"count":4,"href":"https:\/\/stepienybarno.es\/blog\/wp-json\/wp\/v2\/posts\/13078\/revisions"}],"predecessor-version":[{"id":13083,"href":"https:\/\/stepienybarno.es\/blog\/wp-json\/wp\/v2\/posts\/13078\/revisions\/13083"}],"wp:attachment":[{"href":"https:\/\/stepienybarno.es\/blog\/wp-json\/wp\/v2\/media?parent=13078"}],"wp:term":[{"taxonomy":"category","embeddable":true,"href":"https:\/\/stepienybarno.es\/blog\/wp-json\/wp\/v2\/categories?post=13078"},{"taxonomy":"post_tag","embeddable":true,"href":"https:\/\/stepienybarno.es\/blog\/wp-json\/wp\/v2\/tags?post=13078"},{"taxonomy":"series","embeddable":true,"href":"https:\/\/stepienybarno.es\/blog\/wp-json\/wp\/v2\/series?post=13078"}],"curies":[{"name":"wp","href":"https:\/\/api.w.org\/{rel}","templated":true}]}}