{"id":13146,"date":"2014-04-22T20:14:04","date_gmt":"2014-04-22T18:14:04","guid":{"rendered":"https:\/\/www.stepienybarno.es\/blog\/?p=13146"},"modified":"2014-04-22T20:19:40","modified_gmt":"2014-04-22T18:19:40","slug":"arquiresenas","status":"publish","type":"post","link":"https:\/\/stepienybarno.es\/blog\/2014\/04\/22\/arquiresenas\/","title":{"rendered":"#ArquiRese\u00f1as"},"content":{"rendered":"<p align=\"left\">\n<p style=\"text-align: center;\"><a href=\"https:\/\/stepienybarno.es\/blog\/wp-content\/uploads\/2014\/04\/arquiresenas-portada-.jpg\"><img loading=\"lazy\" decoding=\"async\" class=\"alignnone size-full wp-image-13147\" title=\"arquiresenas  portada\" src=\"https:\/\/stepienybarno.es\/blog\/wp-content\/uploads\/2014\/04\/arquiresenas-portada-.jpg\" alt=\"arquiresenas  portada\" width=\"350\" height=\"156\" srcset=\"https:\/\/stepienybarno.es\/blog\/wp-content\/uploads\/2014\/04\/arquiresenas-portada-.jpg 350w, https:\/\/stepienybarno.es\/blog\/wp-content\/uploads\/2014\/04\/arquiresenas-portada--180x80.jpg 180w, https:\/\/stepienybarno.es\/blog\/wp-content\/uploads\/2014\/04\/arquiresenas-portada--316x141.jpg 316w\" sizes=\"(max-width: 350px) 100vw, 350px\" \/><\/a><\/p>\n<p align=\"left\">\n<p align=\"left\">\n<p align=\"left\">Aprovechando que ma\u00f1ana, 23 de Abril de 2014, ser\u00e1 el d\u00eda del Libro vamos a dar paso a una nueva secci\u00f3n en el blog que nos acompa\u00f1ar\u00e1 religiosamente todos los mi\u00e9rcoles cada semana: #ArquiRese\u00f1as<\/p>\n<p align=\"left\"><!--more--><\/p>\n<blockquote>\n<p align=\"left\">Se trata de una serie de posts que han realizado arquitectos muy interesantes, expresamente para el blog de Stepienybarno, sobre alguno de los libros que han le\u00eddo \u00faltimamente.<\/p>\n<p align=\"left\">Ma\u00f1ana comenzamos con Antonio Torrecillas. \u00bfTe lo vas a perder?<\/p>\n<\/blockquote>\n<p align=\"left\">\n<p align=\"left\">\n<p align=\"left\">\n<p align=\"left\">\n<p align=\"left\">* Este art\u00edculo ha sido escrito con car\u00e1cter divulgativo y sin ning\u00fan tipo de \u00e1nimo de lucro. As\u00ed que, si te apetece <strong>compartirlo<\/strong> en cualquier otro medio, estaremos encantados de que lo hagas siempre y cuando cites el lugar donde lo has encontrado.<\/p>\n<p align=\"left\">\n<p><a href=\"https:\/\/twitter.com\/stepienybarno\">STEPIENYBARNO EN TWITTER _ @stepienybarno<\/a><\/p>\n<p align=\"left\"><a href=\"http:\/\/www.linkedin.com\/company\/stepienybarno\">STEPIENYBARNO EN LINKEDIN<\/a><\/p>\n<p align=\"left\"><a href=\"https:\/\/www.facebook.com\/pages\/BLOG-DE-STEPIENYBARNO\/78001079029\">STEPIENYBARNO EN FACEBOOK<\/a><\/p>\n<p align=\"left\">\n<p align=\"left\">* Stepienybarno est\u00e1 formado por Agnieszka Stepien y Lorenzo Barn\u00f3 y desde mayo del 2009 estamos en la red con\u00a0 la presente publicaci\u00f3n digital (Blog) de arquitectura.<\/p>\n<p align=\"left\">Nuestra actividad se sustenta en tres pilares b\u00e1sicos: la investigaci\u00f3n, la publicaci\u00f3n y la redacci\u00f3n de proyectos de arquitectura.<\/p>\n<p align=\"left\">A su vez, somos socios cofundadores de <a href=\"http:\/\/sinergiasostenible.org\/\">SINERGIA SOSTENIBLE<\/a> y redactores de <a href=\"http:\/\/www.laciudadviva.org\/blogs\/?author=45\">LA CIUDAD VIVA<\/a>.<\/p>\n<p align=\"left\">* Los editores de esta publicaci\u00f3n digital no nos hacemos cargo de de los comentarios y\u00a0 conceptos vertidos en los textos firmados por otras personas, siendo \u00e9stos de responsabilidad exclusiva de sus autores.<\/p>\n<p align=\"left\">* Tu comentario pudiera ser moderado, por lo tanto, aunque aparezca inmediatamente al ser publicado en la entrada, los editores de esta publicaci\u00f3n digital nos reservamos el derecho tanto de editarlo (si fuera necesario, para hacerlo m\u00e1s legible) como de eliminarlo en el caso de que se usen expresiones incorrectas (descalificaciones, palabras malsonantes\u2026). A su vez, si quieres comentar desde el anonimato puedes hacerlo, aunque, nosotros personalmente, agradecemos que tod@s nos podamos identificar.<\/p>\n","protected":false},"excerpt":{"rendered":"<p>Aprovechando que ma\u00f1ana, 23 de Abril de 2014, ser\u00e1 el d\u00eda del Libro vamos a dar paso a una nueva secci\u00f3n en el blog que nos acompa\u00f1ara religiosamente todos los mi\u00e9rcoles cada semana: #ArquiRese\u00f1as<\/p>\n<p>(m\u00e1s&#8230;)<\/p>\n","protected":false},"author":2,"featured_media":0,"comment_status":"open","ping_status":"closed","sticky":false,"template":"","format":"standard","meta":{"om_disable_all_campaigns":false,"_monsterinsights_skip_tracking":false,"_monsterinsights_sitenote_active":false,"_monsterinsights_sitenote_note":"","_monsterinsights_sitenote_category":0,"_uf_show_specific_survey":0,"_uf_disable_surveys":false,"episode_type":"","audio_file":"","cover_image":"","cover_image_id":"","duration":"","filesize":"","date_recorded":"","explicit":"","block":"","filesize_raw":"","footnotes":""},"categories":[2945],"tags":[4276,4274,9],"series":[],"class_list":["post-13146","post","type-post","status-publish","format-standard","hentry","category-arquiresenas","tag-arquiresenas","tag-actualidad","tag-arquitectura"],"aioseo_notices":[],"episode_featured_image":false,"episode_player_image":"https:\/\/stepienybarno.es\/blog\/wp-content\/uploads\/2020\/11\/stepienybarno-podcast-scaled.jpg","download_link":"","player_link":"","audio_player":false,"episode_data":{"playerMode":"dark","subscribeUrls":[],"rssFeedUrl":"https:\/\/stepienybarno.es\/blog\/feed\/podcast\/podcast-de-stepienybarno","embedCode":"<blockquote class=\"wp-embedded-content\" data-secret=\"qaGiVzC8Nj\"><a href=\"https:\/\/stepienybarno.es\/blog\/2014\/04\/22\/arquiresenas\/\">#ArquiRese\u00f1as<\/a><\/blockquote><iframe sandbox=\"allow-scripts\" security=\"restricted\" src=\"https:\/\/stepienybarno.es\/blog\/2014\/04\/22\/arquiresenas\/embed\/#?secret=qaGiVzC8Nj\" width=\"500\" height=\"350\" title=\"\u00ab#ArquiRese\u00f1as\u00bb \u2014 Blog de STEPIEN Y BARNO - publicaci\u00f3n digital sobre arquitectura\" data-secret=\"qaGiVzC8Nj\" frameborder=\"0\" marginwidth=\"0\" marginheight=\"0\" scrolling=\"no\" class=\"wp-embedded-content\"><\/iframe><script type=\"text\/javascript\">\n\/* <![CDATA[ *\/\n\/*! This file is auto-generated *\/\n!function(d,l){\"use strict\";l.querySelector&&d.addEventListener&&\"undefined\"!=typeof URL&&(d.wp=d.wp||{},d.wp.receiveEmbedMessage||(d.wp.receiveEmbedMessage=function(e){var t=e.data;if((t||t.secret||t.message||t.value)&&!\/[^a-zA-Z0-9]\/.test(t.secret)){for(var s,r,n,a=l.querySelectorAll('iframe[data-secret=\"'+t.secret+'\"]'),o=l.querySelectorAll('blockquote[data-secret=\"'+t.secret+'\"]'),c=new RegExp(\"^https?:$\",\"i\"),i=0;i<o.length;i++)o[i].style.display=\"none\";for(i=0;i<a.length;i++)s=a[i],e.source===s.contentWindow&&(s.removeAttribute(\"style\"),\"height\"===t.message?(1e3<(r=parseInt(t.value,10))?r=1e3:~~r<200&&(r=200),s.height=r):\"link\"===t.message&&(r=new URL(s.getAttribute(\"src\")),n=new URL(t.value),c.test(n.protocol))&&n.host===r.host&&l.activeElement===s&&(d.top.location.href=t.value))}},d.addEventListener(\"message\",d.wp.receiveEmbedMessage,!1),l.addEventListener(\"DOMContentLoaded\",function(){for(var e,t,s=l.querySelectorAll(\"iframe.wp-embedded-content\"),r=0;r<s.length;r++)(t=(e=s[r]).getAttribute(\"data-secret\"))||(t=Math.random().toString(36).substring(2,12),e.src+=\"#?secret=\"+t,e.setAttribute(\"data-secret\",t)),e.contentWindow.postMessage({message:\"ready\",secret:t},\"*\")},!1)))}(window,document);\n\/* ]]> *\/\n<\/script>\n"},"_links":{"self":[{"href":"https:\/\/stepienybarno.es\/blog\/wp-json\/wp\/v2\/posts\/13146"}],"collection":[{"href":"https:\/\/stepienybarno.es\/blog\/wp-json\/wp\/v2\/posts"}],"about":[{"href":"https:\/\/stepienybarno.es\/blog\/wp-json\/wp\/v2\/types\/post"}],"author":[{"embeddable":true,"href":"https:\/\/stepienybarno.es\/blog\/wp-json\/wp\/v2\/users\/2"}],"replies":[{"embeddable":true,"href":"https:\/\/stepienybarno.es\/blog\/wp-json\/wp\/v2\/comments?post=13146"}],"version-history":[{"count":4,"href":"https:\/\/stepienybarno.es\/blog\/wp-json\/wp\/v2\/posts\/13146\/revisions"}],"predecessor-version":[{"id":13152,"href":"https:\/\/stepienybarno.es\/blog\/wp-json\/wp\/v2\/posts\/13146\/revisions\/13152"}],"wp:attachment":[{"href":"https:\/\/stepienybarno.es\/blog\/wp-json\/wp\/v2\/media?parent=13146"}],"wp:term":[{"taxonomy":"category","embeddable":true,"href":"https:\/\/stepienybarno.es\/blog\/wp-json\/wp\/v2\/categories?post=13146"},{"taxonomy":"post_tag","embeddable":true,"href":"https:\/\/stepienybarno.es\/blog\/wp-json\/wp\/v2\/tags?post=13146"},{"taxonomy":"series","embeddable":true,"href":"https:\/\/stepienybarno.es\/blog\/wp-json\/wp\/v2\/series?post=13146"}],"curies":[{"name":"wp","href":"https:\/\/api.w.org\/{rel}","templated":true}]}}