{"id":13408,"date":"2014-05-06T20:48:07","date_gmt":"2014-05-06T18:48:07","guid":{"rendered":"https:\/\/www.stepienybarno.es\/blog\/?p=13408"},"modified":"2014-05-06T21:11:39","modified_gmt":"2014-05-06T19:11:39","slug":"entrevista-almudena-de-benito-de-chiquitectos","status":"publish","type":"post","link":"https:\/\/stepienybarno.es\/blog\/2014\/05\/06\/entrevista-almudena-de-benito-de-chiquitectos\/","title":{"rendered":"ENTREVISTA: ALMUDENA DE BENITO DE CHIQUITECTOS"},"content":{"rendered":"<p align=\"left\">\n<p style=\"text-align: center;\"><a href=\"https:\/\/stepienybarno.es\/blog\/wp-content\/uploads\/2014\/05\/Almudena-de-Benito-de-Chiquitectos_-stepienybarno-.jpg\"><img loading=\"lazy\" decoding=\"async\" class=\"alignnone size-full wp-image-13409\" title=\"Almudena de Benito de Chiquitectos_ stepienybarno\" src=\"https:\/\/stepienybarno.es\/blog\/wp-content\/uploads\/2014\/05\/Almudena-de-Benito-de-Chiquitectos_-stepienybarno-.jpg\" alt=\"Almudena de Benito de Chiquitectos_ stepienybarno\" width=\"350\" height=\"350\" srcset=\"https:\/\/stepienybarno.es\/blog\/wp-content\/uploads\/2014\/05\/Almudena-de-Benito-de-Chiquitectos_-stepienybarno-.jpg 350w, https:\/\/stepienybarno.es\/blog\/wp-content\/uploads\/2014\/05\/Almudena-de-Benito-de-Chiquitectos_-stepienybarno--180x180.jpg 180w, https:\/\/stepienybarno.es\/blog\/wp-content\/uploads\/2014\/05\/Almudena-de-Benito-de-Chiquitectos_-stepienybarno--224x224.jpg 224w, https:\/\/stepienybarno.es\/blog\/wp-content\/uploads\/2014\/05\/Almudena-de-Benito-de-Chiquitectos_-stepienybarno--316x316.jpg 316w\" sizes=\"(max-width: 350px) 100vw, 350px\" \/><\/a><\/p>\n<p align=\"left\">Estupendo post en el que Almudena nos cuenta \u00a0su aventura con los m\u00e1s peque\u00f1os.<\/p>\n<p align=\"left\">Desde <a href=\"http:\/\/entransito.es\/blog\/jacobo-dominguez-ojea-%C2%B7-diseno-bmw-group\/\">Entransito<\/a><\/p>\n<p align=\"left\"><!--more--><\/p>\n<p align=\"left\">\n<p align=\"left\">\u201c(\u2026) Chiquitectos nace entonces como cr\u00edtica a un sistema establecido y con la intenci\u00f3n de implicar a los ni\u00f1os con el mundo que les rodea y despertar su inter\u00e9s por el entorno construido y el desarrollo sostenible.\u201d<\/p>\n<p align=\"left\">\n<p align=\"left\">\u201c(\u2026) Imagino que todos tenemos las mismas, provocadas por el momento econ\u00f3mico en el que nos encontramos: la falta de inversi\u00f3n, de ayudas..en nuestro caso los recortes en el \u00e1mbito de la educaci\u00f3n\u2026etc \u00a0y muchas, much\u00edsimas horas de trabajo invertidas que por fortuna, comienzan a dar sus frutos un tiempo despu\u00e9s. Hay que ser paciente y no rendirse ante la realidad, aunque no sea tan clara como nos gustar\u00eda.\u201d<\/p>\n<blockquote>\n<p style=\"text-align: center;\"><strong><a href=\"http:\/\/entransito.es\/blog\/almudena-de-benito-%25C2%25B7-educacion-chiquitectos\/\"> <\/a><\/strong><\/p>\n<p style=\"text-align: center;\"><strong><a href=\"http:\/\/entransito.es\/blog\/almudena-de-benito-%25C2%25B7-educacion-chiquitectos\/\">A<\/a>cceder al post, <a href=\"http:\/\/veredes.es\/blog\/almudena-de-benito-%C2%B7-educacion-chiquitectos\/\">aqu\u00ed.<\/a><\/strong><\/p>\n<\/blockquote>\n<p align=\"left\">\n<p align=\"left\">\n<p align=\"left\">Noticia seleccionada por el Canal de arquitectura STEPIENYBARNO.<\/p>\n<p align=\"left\"><a href=\"http:\/\/www.linkedin.com\/company\/stepienybarno\">STEPIENYBARNO EN LINKEDIN<\/a><\/p>\n<p align=\"left\"><a href=\"http:\/\/twitter.com\/stepienybarno\/stepienybarno\">STEPIENYBARNO EN TWITTER<\/a><\/p>\n<p align=\"left\"><a href=\"https:\/\/www.facebook.com\/pages\/BLOG-DE-STEPIENYBARNO\/78001079029\">STEPIENYBARNO EN FACEBOOK<\/a><\/p>\n<p align=\"left\">\n<p align=\"left\">*Stepienybarno est\u00e1 formado por Agnieszka Stepien y Lorenzo Barn\u00f3 y desde mayo del 2009 estamos en la red con\u00a0 la presente publicaci\u00f3n digital (Blog) de arquitectura.<\/p>\n<p align=\"left\">Nuestra actividad se sustenta en tres pilares b\u00e1sicos: la investigaci\u00f3n, la publicaci\u00f3n (comunicaci\u00f3n y difusi\u00f3n) y la redacci\u00f3n de proyectos de arquitectura.<\/p>\n<p align=\"left\">A su vez, somos socios cofundadores de <a href=\"http:\/\/sinergiasostenible.org\/\">SINERGIA SOSTENIBLE<\/a> y redactores de <a href=\"http:\/\/www.laciudadviva.org\/blogs\/?author=45\">LA CIUDAD VIVA<\/a>.<\/p>\n<p align=\"left\">\n<p align=\"left\">* Los editores de esta publicaci\u00f3n digital no nos hacemos cargo de de los comentarios y\u00a0 conceptos vertidos en los textos firmados por otras personas, siendo \u00e9stos de responsabilidad exclusiva de sus autores.<\/p>\n<p align=\"left\">\n<p align=\"left\">* Tu comentario podr\u00e1 ser moderado, por lo tanto, aunque aparezca inmediatamente al ser publicado en la entrada, los editores de esta publicaci\u00f3n digital nos reservamos el derecho tanto de editarlo (si fuera necesario, para hacerlo m\u00e1s legible) como de eliminarlo en el caso de que se usen expresiones incorrectas (descalificaciones, palabras malsonantes\u2026). A su vez, si quieres comentar desde el anonimato puedes hacerlo, aunque, nosotros personalmente, agradecemos que tod@s nos podamos identificar.<\/p>\n<p style=\"text-align: center;\"><a href=\"https:\/\/stepienybarno.es\/blog\/wp-content\/uploads\/2014\/05\/Almudena-de-Benito-de-Chiquitectos_-stepienybarno-1.jpg\"><img loading=\"lazy\" decoding=\"async\" class=\"alignnone size-full wp-image-13412\" title=\"Almudena de Benito de Chiquitectos_ stepienybarno\" src=\"https:\/\/stepienybarno.es\/blog\/wp-content\/uploads\/2014\/05\/Almudena-de-Benito-de-Chiquitectos_-stepienybarno-1.jpg\" alt=\"Almudena de Benito de Chiquitectos_ stepienybarno\" width=\"350\" height=\"350\" srcset=\"https:\/\/stepienybarno.es\/blog\/wp-content\/uploads\/2014\/05\/Almudena-de-Benito-de-Chiquitectos_-stepienybarno-1.jpg 350w, https:\/\/stepienybarno.es\/blog\/wp-content\/uploads\/2014\/05\/Almudena-de-Benito-de-Chiquitectos_-stepienybarno-1-180x180.jpg 180w, https:\/\/stepienybarno.es\/blog\/wp-content\/uploads\/2014\/05\/Almudena-de-Benito-de-Chiquitectos_-stepienybarno-1-224x224.jpg 224w, https:\/\/stepienybarno.es\/blog\/wp-content\/uploads\/2014\/05\/Almudena-de-Benito-de-Chiquitectos_-stepienybarno-1-316x316.jpg 316w\" sizes=\"(max-width: 350px) 100vw, 350px\" \/><\/a><\/p>\n<p style=\"text-align: center;\">\n","protected":false},"excerpt":{"rendered":"<p>Estupendo post en el que Almudena nos cuenta \u00a0su aventura<\/p>\n","protected":false},"author":2,"featured_media":0,"comment_status":"open","ping_status":"closed","sticky":false,"template":"","format":"standard","meta":{"om_disable_all_campaigns":false,"_monsterinsights_skip_tracking":false,"_monsterinsights_sitenote_active":false,"_monsterinsights_sitenote_note":"","_monsterinsights_sitenote_category":0,"_uf_show_specific_survey":0,"_uf_disable_surveys":false,"episode_type":"","audio_file":"","cover_image":"","cover_image_id":"","duration":"","filesize":"","date_recorded":"","explicit":"","block":"","filesize_raw":"","footnotes":""},"categories":[34,244],"tags":[4274,9,1367],"series":[],"class_list":["post-13408","post","type-post","status-publish","format-standard","hentry","category-actualidad","category-canal-de-arquitectura","tag-actualidad","tag-arquitectura","tag-el-estado-de-la-profesion"],"aioseo_notices":[],"episode_featured_image":false,"episode_player_image":"https:\/\/stepienybarno.es\/blog\/wp-content\/uploads\/2020\/11\/stepienybarno-podcast-scaled.jpg","download_link":"","player_link":"","audio_player":false,"episode_data":{"playerMode":"dark","subscribeUrls":[],"rssFeedUrl":"https:\/\/stepienybarno.es\/blog\/feed\/podcast\/podcast-de-stepienybarno","embedCode":"<blockquote class=\"wp-embedded-content\" data-secret=\"9kXhwEsSsL\"><a href=\"https:\/\/stepienybarno.es\/blog\/2014\/05\/06\/entrevista-almudena-de-benito-de-chiquitectos\/\">ENTREVISTA: ALMUDENA DE BENITO DE CHIQUITECTOS<\/a><\/blockquote><iframe sandbox=\"allow-scripts\" security=\"restricted\" src=\"https:\/\/stepienybarno.es\/blog\/2014\/05\/06\/entrevista-almudena-de-benito-de-chiquitectos\/embed\/#?secret=9kXhwEsSsL\" width=\"500\" height=\"350\" title=\"\u00abENTREVISTA: ALMUDENA DE BENITO DE CHIQUITECTOS\u00bb \u2014 Blog de STEPIEN Y BARNO - publicaci\u00f3n digital sobre arquitectura\" data-secret=\"9kXhwEsSsL\" frameborder=\"0\" marginwidth=\"0\" marginheight=\"0\" scrolling=\"no\" class=\"wp-embedded-content\"><\/iframe><script type=\"text\/javascript\">\n\/* <![CDATA[ *\/\n\/*! This file is auto-generated *\/\n!function(d,l){\"use strict\";l.querySelector&&d.addEventListener&&\"undefined\"!=typeof URL&&(d.wp=d.wp||{},d.wp.receiveEmbedMessage||(d.wp.receiveEmbedMessage=function(e){var t=e.data;if((t||t.secret||t.message||t.value)&&!\/[^a-zA-Z0-9]\/.test(t.secret)){for(var s,r,n,a=l.querySelectorAll('iframe[data-secret=\"'+t.secret+'\"]'),o=l.querySelectorAll('blockquote[data-secret=\"'+t.secret+'\"]'),c=new RegExp(\"^https?:$\",\"i\"),i=0;i<o.length;i++)o[i].style.display=\"none\";for(i=0;i<a.length;i++)s=a[i],e.source===s.contentWindow&&(s.removeAttribute(\"style\"),\"height\"===t.message?(1e3<(r=parseInt(t.value,10))?r=1e3:~~r<200&&(r=200),s.height=r):\"link\"===t.message&&(r=new URL(s.getAttribute(\"src\")),n=new URL(t.value),c.test(n.protocol))&&n.host===r.host&&l.activeElement===s&&(d.top.location.href=t.value))}},d.addEventListener(\"message\",d.wp.receiveEmbedMessage,!1),l.addEventListener(\"DOMContentLoaded\",function(){for(var e,t,s=l.querySelectorAll(\"iframe.wp-embedded-content\"),r=0;r<s.length;r++)(t=(e=s[r]).getAttribute(\"data-secret\"))||(t=Math.random().toString(36).substring(2,12),e.src+=\"#?secret=\"+t,e.setAttribute(\"data-secret\",t)),e.contentWindow.postMessage({message:\"ready\",secret:t},\"*\")},!1)))}(window,document);\n\/* ]]> *\/\n<\/script>\n"},"_links":{"self":[{"href":"https:\/\/stepienybarno.es\/blog\/wp-json\/wp\/v2\/posts\/13408"}],"collection":[{"href":"https:\/\/stepienybarno.es\/blog\/wp-json\/wp\/v2\/posts"}],"about":[{"href":"https:\/\/stepienybarno.es\/blog\/wp-json\/wp\/v2\/types\/post"}],"author":[{"embeddable":true,"href":"https:\/\/stepienybarno.es\/blog\/wp-json\/wp\/v2\/users\/2"}],"replies":[{"embeddable":true,"href":"https:\/\/stepienybarno.es\/blog\/wp-json\/wp\/v2\/comments?post=13408"}],"version-history":[{"count":4,"href":"https:\/\/stepienybarno.es\/blog\/wp-json\/wp\/v2\/posts\/13408\/revisions"}],"predecessor-version":[{"id":13411,"href":"https:\/\/stepienybarno.es\/blog\/wp-json\/wp\/v2\/posts\/13408\/revisions\/13411"}],"wp:attachment":[{"href":"https:\/\/stepienybarno.es\/blog\/wp-json\/wp\/v2\/media?parent=13408"}],"wp:term":[{"taxonomy":"category","embeddable":true,"href":"https:\/\/stepienybarno.es\/blog\/wp-json\/wp\/v2\/categories?post=13408"},{"taxonomy":"post_tag","embeddable":true,"href":"https:\/\/stepienybarno.es\/blog\/wp-json\/wp\/v2\/tags?post=13408"},{"taxonomy":"series","embeddable":true,"href":"https:\/\/stepienybarno.es\/blog\/wp-json\/wp\/v2\/series?post=13408"}],"curies":[{"name":"wp","href":"https:\/\/api.w.org\/{rel}","templated":true}]}}