{"id":13422,"date":"2014-05-07T09:22:49","date_gmt":"2014-05-07T07:22:49","guid":{"rendered":"https:\/\/www.stepienybarno.es\/blog\/?p=13422"},"modified":"2014-05-07T09:22:49","modified_gmt":"2014-05-07T07:22:49","slug":"de-la-casa-del-futuro-a-la-casa-de-hoy-_-alison-y-peter-smithson","status":"publish","type":"post","link":"https:\/\/stepienybarno.es\/blog\/2014\/05\/07\/de-la-casa-del-futuro-a-la-casa-de-hoy-_-alison-y-peter-smithson\/","title":{"rendered":"DE LA CASA DEL FUTURO A LA CASA DE HOY _ ALISON Y PETER SMITHSON"},"content":{"rendered":"<p align=\"left\">\n<p style=\"text-align: center;\"><a href=\"https:\/\/stepienybarno.es\/blog\/wp-content\/uploads\/2014\/05\/Alison-Peter-Smithson-De-la-casa-del-Futuro-a-la-casa-de-hoy-350-.jpg\"><img loading=\"lazy\" decoding=\"async\" class=\"alignnone size-full wp-image-13423\" title=\"Alison-Peter Smithson De la casa del Futuro a la casa de hoy 350\" src=\"https:\/\/stepienybarno.es\/blog\/wp-content\/uploads\/2014\/05\/Alison-Peter-Smithson-De-la-casa-del-Futuro-a-la-casa-de-hoy-350-.jpg\" alt=\"Alison-Peter Smithson De la casa del Futuro a la casa de hoy 350\" width=\"350\" height=\"228\" srcset=\"https:\/\/stepienybarno.es\/blog\/wp-content\/uploads\/2014\/05\/Alison-Peter-Smithson-De-la-casa-del-Futuro-a-la-casa-de-hoy-350-.jpg 350w, https:\/\/stepienybarno.es\/blog\/wp-content\/uploads\/2014\/05\/Alison-Peter-Smithson-De-la-casa-del-Futuro-a-la-casa-de-hoy-350--180x117.jpg 180w, https:\/\/stepienybarno.es\/blog\/wp-content\/uploads\/2014\/05\/Alison-Peter-Smithson-De-la-casa-del-Futuro-a-la-casa-de-hoy-350--316x206.jpg 316w\" sizes=\"(max-width: 350px) 100vw, 350px\" \/><\/a><\/p>\n<p align=\"left\">Como cada mi\u00e9rcoles, publicamos una nueva #ArquiRese\u00f1a, esta vez de la mano de Javier Echepare. Nuestro protagonista nos regala un precioso texto que no tiene desperdicio.<\/p>\n<p align=\"left\">A su vez, si todav\u00eda no seguir la <a href=\"https:\/\/www.facebook.com\/javier.echepare.7?fref=ts\">actividad de Echepare en facebook<\/a>, ya est\u00e1is tardando!!<\/p>\n<p align=\"left\">Esperamos que sea de vuestro inter\u00e9s la entrada.<\/p>\n<p align=\"left\">\n<p align=\"left\"><!--more--><\/p>\n<p align=\"left\">\n<p align=\"left\">\n<blockquote>\n<p align=\"center\"><strong>Alison y Peter Smithson <\/strong>De la casa del Futuro a la casa de hoy<\/p>\n<\/blockquote>\n<p align=\"center\">DIRK VAN DEN HEUVEL, MAX RISSELADA<\/p>\n<p align=\"center\">Ediciones Pol\u00edgrafa, 2007<\/p>\n<p align=\"center\">\n<p align=\"left\">\n<p align=\"left\">A menudo nos vemos superados por publicaciones de arquitectura que nos avasallan con el producto final, y como mucho, en un acto de \u201cgenerosidad\u201d nos \u201crevelan\u201d sus piruetas constructivas o la idea que ha servido para gestarlas.<\/p>\n<p align=\"left\">\n<p align=\"left\">En otras, se analizan profundamente trayectorias y arquetipos, formas y m\u00e9todos; pero son pocas las que nos muestran <em>c\u00f3mo se piensa la arquitectura<\/em>, y qu\u00e9 <em>pensamientos<\/em> generan los arquitectos.<\/p>\n<p align=\"left\">\n<p align=\"left\">En \u00e9ste fant\u00e1stico texto -que no puedo dejar de releer- los autores han recopilado los pensamientos arquitect\u00f3nicos de los Smithson en torno a la casa. Trata ni m\u00e1s ni menos, de pensar la casa, la habitaci\u00f3n, la vivienda y por tanto la vida.<\/p>\n<p align=\"left\">\n<p align=\"left\">Nos muestra aquello que hay de extraordinario en lo cotidiano y lo ordinario, y c\u00f3mo \u00e9stos -lo cotidiano y lo ordinario- se convierten en herramientas de trabajo, para pensar y repensar la casa.<\/p>\n<p align=\"left\">\n<p align=\"left\">Nos brinda la oportunidad de recorrer los proyectos de vivienda de los Smithson, y comprobar la disparidad de soluciones obtenidas bajo acotados puntos de partida.<\/p>\n<p align=\"left\">\n<p align=\"left\">En palabras de los autores:<\/p>\n<p align=\"left\">\n<p align=\"left\"><em>\u201cEn lugar de convertir su trabajo en una reliquia escribiendo una historia definitiva, nos gustar\u00eda liberar la energ\u00eda y la vitalidad que hay encerradas en \u00e9l para la siguiente generaci\u00f3n y para una nueva reinvenci\u00f3n del arte din\u00e1mico de la habitaci\u00f3n<\/em>.\u201d<\/p>\n<p align=\"left\">\n<blockquote>\n<p align=\"left\"><strong>Texto: Javier Echepare<\/strong><\/p>\n<p align=\"left\">Blog: <a href=\"http:\/\/echepare-portero.blogspot.com.es\/\">http:\/\/echepare-portero.blogspot.com.es\/<\/a><\/p>\n<p align=\"left\">Linkedin del autor, <a href=\"https:\/\/www.linkedin.com\/profile\/view?id=273776931&amp;authType=NAME_SEARCH&amp;authToken=hc4s&amp;locale=es_ES&amp;srchid=1833289641399352198513&amp;srchindex=1&amp;srchtotal=3&amp;trk=vsrp_people_res_name&amp;trkInfo=VSRPsearchId:1833289641399352198513,VSRPtargetId:273776931,V\">aqu\u00ed.<\/a><\/p>\n<\/blockquote>\n<p align=\"left\">\n<p style=\"text-align: center;\"><a href=\"https:\/\/stepienybarno.es\/blog\/wp-content\/uploads\/2014\/05\/Alison-Peter-Smithson-De-la-casa-del-Futuro-a-la-casa-de-hoy-500-.jpg\"><img loading=\"lazy\" decoding=\"async\" class=\"alignnone size-full wp-image-13424\" title=\"Alison-Peter Smithson De la casa del Futuro a la casa de hoy  500\" src=\"https:\/\/stepienybarno.es\/blog\/wp-content\/uploads\/2014\/05\/Alison-Peter-Smithson-De-la-casa-del-Futuro-a-la-casa-de-hoy-500-.jpg\" alt=\"Alison-Peter Smithson De la casa del Futuro a la casa de hoy  500\" width=\"500\" height=\"691\" srcset=\"https:\/\/stepienybarno.es\/blog\/wp-content\/uploads\/2014\/05\/Alison-Peter-Smithson-De-la-casa-del-Futuro-a-la-casa-de-hoy-500-.jpg 500w, https:\/\/stepienybarno.es\/blog\/wp-content\/uploads\/2014\/05\/Alison-Peter-Smithson-De-la-casa-del-Futuro-a-la-casa-de-hoy-500--130x180.jpg 130w, https:\/\/stepienybarno.es\/blog\/wp-content\/uploads\/2014\/05\/Alison-Peter-Smithson-De-la-casa-del-Futuro-a-la-casa-de-hoy-500--398x550.jpg 398w, https:\/\/stepienybarno.es\/blog\/wp-content\/uploads\/2014\/05\/Alison-Peter-Smithson-De-la-casa-del-Futuro-a-la-casa-de-hoy-500--289x400.jpg 289w\" sizes=\"(max-width: 500px) 100vw, 500px\" \/><\/a><\/p>\n<blockquote>\n<p align=\"left\"><strong>Post relacionados:<\/strong><\/p>\n<p align=\"left\">#ArquiRese\u00f1a<\/p>\n<p align=\"left\">https:\/\/stepienybarno.es\/blog\/category\/arquiresenas\/<\/p>\n<\/blockquote>\n<p align=\"left\">\n<blockquote>\n<p align=\"left\">Enlaces de inter\u00e9s:<\/p>\n<p align=\"left\"><strong>CASA DEL FUTURO &#8211; ALISON &amp; PETER SMITHSON<\/strong><\/p>\n<p align=\"left\">http:\/\/unalhistoria3.blogspot.com.es\/2014\/02\/casa-del-futuro-alison-peter-smithson.html<\/p>\n<\/blockquote>\n<p align=\"left\">\n<p align=\"left\">* Este art\u00edculo ha sido escrito con car\u00e1cter divulgativo y sin ning\u00fan tipo de \u00e1nimo de lucro. As\u00ed que, si te apetece compartirlo en cualquier otro medio, estaremos encantados de que lo hagas siempre y cuando cites el lugar donde lo has encontrado.<\/p>\n<p align=\"left\">\n<p><a href=\"https:\/\/twitter.com\/stepienybarno\">STEPIENYBARNO EN TWITTER _ @stepienybarno<\/a><\/p>\n<p><a href=\"http:\/\/www.linkedin.com\/company\/stepienybarno\">STEPIENYBARNO EN LINKEDIN<\/a><\/p>\n<p><a href=\"https:\/\/www.facebook.com\/pages\/BLOG-DE-STEPIENYBARNO\/78001079029\">STEPIENYBARNO EN FACEBOOK<\/a><\/p>\n<p align=\"left\">* Stepienybarno est\u00e1 formado por Agnieszka Stepien y Lorenzo Barn\u00f3 y desde mayo del 2009 estamos en la red con\u00a0 la presente publicaci\u00f3n digital (Blog) de arquitectura.<\/p>\n<p align=\"left\">Nuestra actividad se sustenta en tres pilares b\u00e1sicos: la investigaci\u00f3n, la publicaci\u00f3n y la redacci\u00f3n de proyectos de arquitectura.<\/p>\n<p align=\"left\">A su vez, somos socios cofundadores de <a href=\"http:\/\/sinergiasostenible.org\/\">SINERGIA SOSTENIBLE<\/a> y redactores de <a href=\"http:\/\/www.laciudadviva.org\/blogs\/?author=45\">LA CIUDAD VIVA<\/a>.<\/p>\n<p align=\"left\">* Los editores de esta publicaci\u00f3n digital no nos hacemos cargo de de los comentarios y\u00a0 conceptos vertidos en los textos firmados por otras personas, siendo \u00e9stos de responsabilidad exclusiva de sus autores.<\/p>\n<p align=\"left\">* Tu comentario pudiera ser moderado, por lo tanto, aunque aparezca inmediatamente al ser publicado en la entrada, los editores de esta publicaci\u00f3n digital nos reservamos el derecho tanto de editarlo (si fuera necesario, para hacerlo m\u00e1s legible) como de eliminarlo en el caso de que se usen expresiones incorrectas (descalificaciones, palabras malsonantes\u2026). A su vez, si quieres comentar desde el anonimato puedes hacerlo, aunque, nosotros personalmente, agradecemos que tod@s nos podamos identificar.<\/p>\n","protected":false},"excerpt":{"rendered":"<p>Como cada mi\u00e9rcoles, publicamos una nueva #ArquiRese\u00f1a, esta vez de la mano de Javier Echepare. Nuestro protagonista nos regala un precioso texto que no tiene desperdicio.<\/p>\n<p>A su vez, si todav\u00eda no seguir la actividad de Echepare en facebook, ya est\u00e1is tardando!!<\/p>\n<p>Esperamos que sea de vuestro inter\u00e9s la entrada.<\/p>\n<p>(m\u00e1s&#8230;)<\/p>\n","protected":false},"author":2,"featured_media":0,"comment_status":"open","ping_status":"closed","sticky":false,"template":"","format":"standard","meta":{"om_disable_all_campaigns":false,"_monsterinsights_skip_tracking":false,"_monsterinsights_sitenote_active":false,"_monsterinsights_sitenote_note":"","_monsterinsights_sitenote_category":0,"_uf_show_specific_survey":0,"_uf_disable_surveys":false,"episode_type":"","audio_file":"","cover_image":"","cover_image_id":"","duration":"","filesize":"","date_recorded":"","explicit":"","block":"","filesize_raw":"","footnotes":""},"categories":[2945,34],"tags":[2969,2219],"series":[],"class_list":["post-13422","post","type-post","status-publish","format-standard","hentry","category-arquiresenas","category-actualidad","tag-alison-y-peter-smithson","tag-javier-echepare"],"aioseo_notices":[],"episode_featured_image":false,"episode_player_image":"https:\/\/stepienybarno.es\/blog\/wp-content\/uploads\/2020\/11\/stepienybarno-podcast-scaled.jpg","download_link":"","player_link":"","audio_player":false,"episode_data":{"playerMode":"dark","subscribeUrls":[],"rssFeedUrl":"https:\/\/stepienybarno.es\/blog\/feed\/podcast\/podcast-de-stepienybarno","embedCode":"<blockquote class=\"wp-embedded-content\" data-secret=\"ckzvdj8XBk\"><a href=\"https:\/\/stepienybarno.es\/blog\/2014\/05\/07\/de-la-casa-del-futuro-a-la-casa-de-hoy-_-alison-y-peter-smithson\/\">DE LA CASA DEL FUTURO A LA CASA DE HOY _ ALISON Y PETER SMITHSON<\/a><\/blockquote><iframe sandbox=\"allow-scripts\" security=\"restricted\" src=\"https:\/\/stepienybarno.es\/blog\/2014\/05\/07\/de-la-casa-del-futuro-a-la-casa-de-hoy-_-alison-y-peter-smithson\/embed\/#?secret=ckzvdj8XBk\" width=\"500\" height=\"350\" title=\"\u00abDE LA CASA DEL FUTURO A LA CASA DE HOY _ ALISON Y PETER SMITHSON\u00bb \u2014 Blog de STEPIEN Y BARNO - publicaci\u00f3n digital sobre arquitectura\" data-secret=\"ckzvdj8XBk\" frameborder=\"0\" marginwidth=\"0\" marginheight=\"0\" scrolling=\"no\" class=\"wp-embedded-content\"><\/iframe><script type=\"text\/javascript\">\n\/* <![CDATA[ *\/\n\/*! This file is auto-generated *\/\n!function(d,l){\"use strict\";l.querySelector&&d.addEventListener&&\"undefined\"!=typeof URL&&(d.wp=d.wp||{},d.wp.receiveEmbedMessage||(d.wp.receiveEmbedMessage=function(e){var t=e.data;if((t||t.secret||t.message||t.value)&&!\/[^a-zA-Z0-9]\/.test(t.secret)){for(var s,r,n,a=l.querySelectorAll('iframe[data-secret=\"'+t.secret+'\"]'),o=l.querySelectorAll('blockquote[data-secret=\"'+t.secret+'\"]'),c=new RegExp(\"^https?:$\",\"i\"),i=0;i<o.length;i++)o[i].style.display=\"none\";for(i=0;i<a.length;i++)s=a[i],e.source===s.contentWindow&&(s.removeAttribute(\"style\"),\"height\"===t.message?(1e3<(r=parseInt(t.value,10))?r=1e3:~~r<200&&(r=200),s.height=r):\"link\"===t.message&&(r=new URL(s.getAttribute(\"src\")),n=new URL(t.value),c.test(n.protocol))&&n.host===r.host&&l.activeElement===s&&(d.top.location.href=t.value))}},d.addEventListener(\"message\",d.wp.receiveEmbedMessage,!1),l.addEventListener(\"DOMContentLoaded\",function(){for(var e,t,s=l.querySelectorAll(\"iframe.wp-embedded-content\"),r=0;r<s.length;r++)(t=(e=s[r]).getAttribute(\"data-secret\"))||(t=Math.random().toString(36).substring(2,12),e.src+=\"#?secret=\"+t,e.setAttribute(\"data-secret\",t)),e.contentWindow.postMessage({message:\"ready\",secret:t},\"*\")},!1)))}(window,document);\n\/* ]]> *\/\n<\/script>\n"},"_links":{"self":[{"href":"https:\/\/stepienybarno.es\/blog\/wp-json\/wp\/v2\/posts\/13422"}],"collection":[{"href":"https:\/\/stepienybarno.es\/blog\/wp-json\/wp\/v2\/posts"}],"about":[{"href":"https:\/\/stepienybarno.es\/blog\/wp-json\/wp\/v2\/types\/post"}],"author":[{"embeddable":true,"href":"https:\/\/stepienybarno.es\/blog\/wp-json\/wp\/v2\/users\/2"}],"replies":[{"embeddable":true,"href":"https:\/\/stepienybarno.es\/blog\/wp-json\/wp\/v2\/comments?post=13422"}],"version-history":[{"count":2,"href":"https:\/\/stepienybarno.es\/blog\/wp-json\/wp\/v2\/posts\/13422\/revisions"}],"predecessor-version":[{"id":13426,"href":"https:\/\/stepienybarno.es\/blog\/wp-json\/wp\/v2\/posts\/13422\/revisions\/13426"}],"wp:attachment":[{"href":"https:\/\/stepienybarno.es\/blog\/wp-json\/wp\/v2\/media?parent=13422"}],"wp:term":[{"taxonomy":"category","embeddable":true,"href":"https:\/\/stepienybarno.es\/blog\/wp-json\/wp\/v2\/categories?post=13422"},{"taxonomy":"post_tag","embeddable":true,"href":"https:\/\/stepienybarno.es\/blog\/wp-json\/wp\/v2\/tags?post=13422"},{"taxonomy":"series","embeddable":true,"href":"https:\/\/stepienybarno.es\/blog\/wp-json\/wp\/v2\/series?post=13422"}],"curies":[{"name":"wp","href":"https:\/\/api.w.org\/{rel}","templated":true}]}}