{"id":13779,"date":"2014-05-28T09:01:53","date_gmt":"2014-05-28T07:01:53","guid":{"rendered":"https:\/\/www.stepienybarno.es\/blog\/?p=13779"},"modified":"2014-05-28T09:02:47","modified_gmt":"2014-05-28T07:02:47","slug":"entrevista-a-emilio-tunon","status":"publish","type":"post","link":"https:\/\/stepienybarno.es\/blog\/2014\/05\/28\/entrevista-a-emilio-tunon\/","title":{"rendered":"ENTREVISTA A EMILIO TU\u00d1ON"},"content":{"rendered":"<p align=\"left\">\n<p style=\"text-align: center;\"><a href=\"https:\/\/stepienybarno.es\/blog\/wp-content\/uploads\/2014\/05\/EMILIO-TU\u00d1ON-Palimpsesto_stepienybarno-.jpg\"><img loading=\"lazy\" decoding=\"async\" class=\"alignnone size-medium wp-image-13780\" title=\"EMILIO-TU\u00d1ON- Palimpsesto_stepienybarno\" src=\"https:\/\/stepienybarno.es\/blog\/wp-content\/uploads\/2014\/05\/EMILIO-TU\u00d1ON-Palimpsesto_stepienybarno--350x289.jpg\" alt=\"EMILIO-TU\u00d1ON- Palimpsesto_stepienybarno\" width=\"350\" height=\"289\" \/><\/a><\/p>\n<p align=\"left\">Estupenda entrevista desde la revista Palimpsesto.<\/p>\n<p align=\"left\"><!--more--><\/p>\n<p align=\"left\">\n<p style=\"text-align: center;\">Aqu\u00ed van algunos extractos de la entrevista:<\/p>\n<p align=\"left\">\n<p><span style=\"color: #888888;\">&#8211; \u00bfOs ha sorprendido en alguna ocasi\u00f3n la arquitectura construida frente a la arquitectura concebida hasta el punto de retroalimentar el proyecto?<\/span><\/p>\n<p>Los arquitectos pensamos arquitecturas y las llevamos a cabo. Algunas veces lo pensado y lo construido se parece, pero el verdadero placer de la arquitectura es cuando la construcci\u00f3n, la confrontaci\u00f3n con la realidad, te da algo m\u00e1s, lo inesperado, lo que no fue planificado, la sorpresa&#8230; y ese es el verdadero patrimonio de la vida.<\/p>\n<p><span style=\"color: #888888;\">&#8211; \u00bfPodremos bajarnos ideas vuestras por internet?<\/span><\/p>\n<p>Dec\u00eda Federico Garc\u00eda Lorca: \u201clos verdaderos poemas del cante jondo no son de nadie, est\u00e1n flotando en el aire como vilanos de oro y cada generaci\u00f3n los viste de un color distinto, para abandonarlas a las futuras\u201d.<\/p>\n<p>Nuestras ideas de arquitectura, como los poemas del cante jondo, flotan en el aire, no nos pertenecen, no son de nadie.<\/p>\n<p align=\"left\">\n<p align=\"left\"><span style=\"color: #888888;\">&#8211; La apuesta por un cierto optimismo colectivo que realiz\u00e1is,\u00a0 \u00bfse podr\u00eda diferenciar del de los 60 por sus ra\u00edces en el individuo \u2013en referencia a vuestro texto \u201cEl rostro de lo colectivo\u201d frente a la noci\u00f3n de sociedad? \u00bfHasta qu\u00e9 punto las redes\u00a0 sociales pueden influir en un nuevo tipo de planteamiento\u00a0 arquitect\u00f3nico?<\/span><\/p>\n<p align=\"left\">Creemos en el optimismo colectivo como expresi\u00f3n de una insatisfacci\u00f3n. Creemos en el optimismo colectivo porque desde la indignaci\u00f3n la gente no puede dejarse pisotear. Creemos en el \u00a0optimismo colectivo de una tecnolog\u00eda que, orquestada desde \u00a0grandes multinacionales, ha sido transformada por las personas \u00a0para potenciar la comunicaci\u00f3n y su capacidad de organizarse.<\/p>\n<p align=\"left\">Creemos en el optimismo colectivo porque creemos que los arquitectos somos capaces de hacer, citando a Yona Friedman, \u00a0una \u00a0\u201carquitectura con la gente, por la gente y para la gente\u201d.<\/p>\n<p align=\"left\">Y creemos en el optimismo colectivo como una herramienta de transformaci\u00f3n de la sociedad.<\/p>\n<p align=\"left\">\n<p align=\"left\"><span style=\"color: #888888;\">&#8211; El arquitecto ya lo est\u00e1. \u00bfLa arquitectura se puede indignar?<\/span><\/p>\n<p align=\"left\">\u00bfNo deber\u00eda salir a las plazas&#8230;? \u00bfEst\u00e1s seguro de que el activismo puede ser creativo?<\/p>\n<p align=\"left\">Cuando se iniciaron las protestas, el 15 de mayo, el ochenta por ciento de la poblaci\u00f3n estaba con los indignados. Pero igual que hoy hemos socializado la indignaci\u00f3n del 15M, anteriormente hab\u00edamos socializado la avaricia y la falta de solidaridad de la cultura del exceso. Teniendo casi todo no s\u00f3lo no fuimos capaces de hacer un mundo mejor sino que convertimos este mundo en un lugar insolidario, ego\u00edsta e injusto, y los arquitectos tuvimos nuestra \u00a0culpa en este sinsentido que hemos construido. La indignaci\u00f3n \u00a0es creativa, pero si pudi\u00e9ramos hablar de arquitectos indignados, \u00a0deber\u00edamos hacerlo dejando a un lado todas nuestras vanidades y miserias, y aceptando la condici\u00f3n de la arquitectura como servicio a la sociedad; un servicio que representa el \u00fanico valor \u00a0posible de nuestro trabajo.<\/p>\n<p align=\"left\">\n<p align=\"left\"><span style=\"color: #888888;\">&#8211; \u00bfEst\u00e1is igual de satisfechos de vuestras obras que reescriben un contexto que de aquellas que pueden entenderse desde una mayor abstracci\u00f3n?<\/span><\/p>\n<p align=\"left\">Estamos muy interesados en la memoria, como experiencia \u00a0individual, y la historia, como experiencia universal. Para nosotros es dif\u00edcil separar lo que uno piensa de lo que uno hace, por eso, sin duda, los proyectos a los que nos sentimos m\u00e1s pr\u00f3ximos son aquellos que precisamente son m\u00e1s sensibles al contexto. Toda nuestra arquitectura es profundamente contextual, entendiendo el contexto como concepto ampliado de la realidad pr\u00f3xima.<\/p>\n<p align=\"left\">\n<p><span style=\"color: #888888;\">&#8211; En este enfoque colectivo que apunta a las capacidades\u00a0 blandas que identific\u00f3 Richard Sennett, \u00bfno podr\u00eda tambi\u00e9n\u00a0 integrarse la idea del oficio?\u00bfY si nos olvid\u00e1ramos por unos a\u00f1os de la creatividad?<\/span><\/p>\n<p>La creatividad es una facultad inherente al ser humano que\u00a0 no puede ser ni ignorada, ni menospreciada. El ser humano puede desplegar su creatividad en su vida diaria, en su trabajo,\u00a0 en su relaci\u00f3n con las cosas, las personas y el mundo. Hoy nos\u00a0 ha tocado convivir con tres grandes crisis: una crisis clim\u00e1tica,\u00a0 una crisis energ\u00e9tica y una crisis financiera. Pero tambi\u00e9n los\u00a0 arquitectos estamos inmersos en una crisis de creatividad, precisamente por una artificial e innecesaria sobrevaloraci\u00f3n de la creatividad. Estoy totalmente de acuerdo en que hay que poner en cuarentena la artificiosa sobrevaloraci\u00f3n de los aspectos creativos de la arquitectura para volver la mirada a la sociedad, el medioambiente y la construcci\u00f3n.<\/p>\n<p align=\"left\">\n<p align=\"left\"><span style=\"color: #888888;\">&#8211; \u00bfCu\u00e1l es en tu opini\u00f3n la posici\u00f3n que deben adoptar las escuelas de arquitectura? \u00bfEl sistema anglosaj\u00f3n es para ti el mejor modelo?<\/span><\/p>\n<p align=\"left\">(\u2026)\u00a0 Hoy las escuelas de arquitectura espa\u00f1olas comienzan a ofertar m\u00e1steres, oscuro objeto del deseo de los diferentes departamentos, cuyo objetivo final est\u00e1 m\u00e1s cerca del negocio encubierto que de la ense\u00f1anza pr\u00e1ctica.<\/p>\n<p align=\"left\">\n<p align=\"left\"><span style=\"color: #888888;\">&#8211; \u00bfC\u00f3mo entiendes el aprendizaje? y en tu caso, \u00bfqu\u00e9 aprende un profesor de sus alumnos?<\/span><\/p>\n<p align=\"left\">Tras muchos a\u00f1os dando clase pensamos que lo \u00fanico que un\u00a0 profesor de proyectos puede trasmitir a sus alumnos, por medio de la conversaci\u00f3n, es el entusiasmo por esta disciplina en la que desarrolla mos nuestro trabajo. M\u00e1s all\u00e1, si el profesor es capaz de contagiar a los\u00a0 estudiantes un entusiasmo aut\u00e9ntico, de este se derivar\u00e1 el ansia por conocer el mundo, la honestidad en el trabajo y la generosidad con la\u00a0 sociedad. Y, como justo intercambio en medio de ese proceso conversacional, los alumnos te ampliar\u00e1n el campo de visi\u00f3n, ense\u00f1\u00e1ndote a mirar el mundo desde otros puntos de vista.<\/p>\n<p align=\"left\">\n<blockquote>\n<p align=\"left\">Acceder a la entrevista completa, <a href=\"http:\/\/upcommons.upc.edu\/revistes\/bitstream\/2099\/13068\/1\/Palimpsesto%2002%202%20Entrevista%20Emilio%20Tu%25C3%25B1%25C3%25B3n.pdf\">aqu\u00ed.<\/a><\/p>\n<p align=\"left\">Septiembre, 2011<\/p>\n<\/blockquote>\n<p align=\"left\">\n<p style=\"text-align: center;\"><strong>Acceder a la revista, <a href=\"http:\/\/catedrablancabarcelona.com\/editorial\/palimpsesto\">AQU\u00cd.<\/a><\/strong><\/p>\n<p align=\"left\">\n<p align=\"left\">\n<blockquote>\n<p align=\"left\">* Fotograf\u00eda tomada de este sitio web, <a href=\"http:\/\/www.uimp.es\/blogs\/prensa\/2013\/07\/19\/emilio-tunon-protagonista-de-la-ultima-jornada-del-taller-de-arquitectura-en-la-uimp\/\">aqu\u00ed.<\/a><\/p>\n<\/blockquote>\n<p align=\"left\">\n<p align=\"left\">Noticia seleccionada por el Canal de arquitectura STEPIENYBARNO.<\/p>\n<p align=\"left\"><a href=\"http:\/\/www.linkedin.com\/company\/stepienybarno\">STEPIENYBARNO EN LINKEDIN<\/a><\/p>\n<p align=\"left\"><a href=\"http:\/\/twitter.com\/stepienybarno\/stepienybarno\">STEPIENYBARNO EN TWITTER<\/a><\/p>\n<p align=\"left\"><a href=\"https:\/\/www.facebook.com\/pages\/BLOG-DE-STEPIENYBARNO\/78001079029\">STEPIENYBARNO EN FACEBOOK<\/a><\/p>\n<p align=\"left\">\n<p align=\"left\">*Stepienybarno est\u00e1 formado por Agnieszka Stepien y Lorenzo Barn\u00f3 y desde mayo del 2009 estamos en la red con\u00a0 la presente publicaci\u00f3n digital (Blog) de arquitectura.<\/p>\n<p align=\"left\">Nuestra actividad se sustenta en tres pilares b\u00e1sicos: la investigaci\u00f3n, la publicaci\u00f3n (comunicaci\u00f3n y difusi\u00f3n) y la redacci\u00f3n de proyectos de arquitectura.<\/p>\n<p align=\"left\">A su vez, somos socios cofundadores de <a href=\"http:\/\/sinergiasostenible.org\/\">SINERGIA SOSTENIBLE<\/a> y redactores de <a href=\"http:\/\/www.laciudadviva.org\/blogs\/?author=45\">LA CIUDAD VIVA<\/a>.<\/p>\n<p align=\"left\">\n<p align=\"left\">* Los editores de esta publicaci\u00f3n digital no nos hacemos cargo de de los comentarios y\u00a0 conceptos vertidos en los textos firmados por otras personas, siendo \u00e9stos de responsabilidad exclusiva de sus autores.<\/p>\n<p align=\"left\">\n<p align=\"left\">* Tu comentario podr\u00e1 ser moderado, por lo tanto, aunque aparezca inmediatamente al ser publicado en la entrada, los editores de esta publicaci\u00f3n digital nos reservamos el derecho tanto de editarlo (si fuera necesario, para hacerlo m\u00e1s legible) como de eliminarlo en el caso de que se usen expresiones incorrectas (descalificaciones, palabras malsonantes\u2026). A su vez, si quieres comentar desde el anonimato puedes hacerlo, aunque, nosotros personalmente, agradecemos que tod@s nos podamos identificar.<\/p>\n","protected":false},"excerpt":{"rendered":"<p>Estupenda entrevista desde la revista Palimpsesto.<\/p>\n","protected":false},"author":2,"featured_media":0,"comment_status":"open","ping_status":"closed","sticky":false,"template":"","format":"standard","meta":{"om_disable_all_campaigns":false,"_monsterinsights_skip_tracking":false,"_monsterinsights_sitenote_active":false,"_monsterinsights_sitenote_note":"","_monsterinsights_sitenote_category":0,"_uf_show_specific_survey":0,"_uf_disable_surveys":false,"episode_type":"","audio_file":"","cover_image":"","cover_image_id":"","duration":"","filesize":"","date_recorded":"","explicit":"","block":"","filesize_raw":"","footnotes":""},"categories":[34,244],"tags":[4274,9,607,2990],"series":[],"class_list":["post-13779","post","type-post","status-publish","format-standard","hentry","category-actualidad","category-canal-de-arquitectura","tag-actualidad","tag-arquitectura","tag-emilio-tunon","tag-palimpsesto"],"aioseo_notices":[],"episode_featured_image":false,"episode_player_image":"https:\/\/stepienybarno.es\/blog\/wp-content\/uploads\/2020\/11\/stepienybarno-podcast-scaled.jpg","download_link":"","player_link":"","audio_player":false,"episode_data":{"playerMode":"dark","subscribeUrls":[],"rssFeedUrl":"https:\/\/stepienybarno.es\/blog\/feed\/podcast\/podcast-de-stepienybarno","embedCode":"<blockquote class=\"wp-embedded-content\" data-secret=\"iEAAunmky5\"><a href=\"https:\/\/stepienybarno.es\/blog\/2014\/05\/28\/entrevista-a-emilio-tunon\/\">ENTREVISTA A EMILIO TU\u00d1ON<\/a><\/blockquote><iframe sandbox=\"allow-scripts\" security=\"restricted\" src=\"https:\/\/stepienybarno.es\/blog\/2014\/05\/28\/entrevista-a-emilio-tunon\/embed\/#?secret=iEAAunmky5\" width=\"500\" height=\"350\" title=\"\u00abENTREVISTA A EMILIO TU\u00d1ON\u00bb \u2014 Blog de STEPIEN Y BARNO - publicaci\u00f3n digital sobre arquitectura\" data-secret=\"iEAAunmky5\" frameborder=\"0\" marginwidth=\"0\" marginheight=\"0\" scrolling=\"no\" class=\"wp-embedded-content\"><\/iframe><script type=\"text\/javascript\">\n\/* <![CDATA[ *\/\n\/*! This file is auto-generated *\/\n!function(d,l){\"use strict\";l.querySelector&&d.addEventListener&&\"undefined\"!=typeof URL&&(d.wp=d.wp||{},d.wp.receiveEmbedMessage||(d.wp.receiveEmbedMessage=function(e){var t=e.data;if((t||t.secret||t.message||t.value)&&!\/[^a-zA-Z0-9]\/.test(t.secret)){for(var s,r,n,a=l.querySelectorAll('iframe[data-secret=\"'+t.secret+'\"]'),o=l.querySelectorAll('blockquote[data-secret=\"'+t.secret+'\"]'),c=new RegExp(\"^https?:$\",\"i\"),i=0;i<o.length;i++)o[i].style.display=\"none\";for(i=0;i<a.length;i++)s=a[i],e.source===s.contentWindow&&(s.removeAttribute(\"style\"),\"height\"===t.message?(1e3<(r=parseInt(t.value,10))?r=1e3:~~r<200&&(r=200),s.height=r):\"link\"===t.message&&(r=new URL(s.getAttribute(\"src\")),n=new URL(t.value),c.test(n.protocol))&&n.host===r.host&&l.activeElement===s&&(d.top.location.href=t.value))}},d.addEventListener(\"message\",d.wp.receiveEmbedMessage,!1),l.addEventListener(\"DOMContentLoaded\",function(){for(var e,t,s=l.querySelectorAll(\"iframe.wp-embedded-content\"),r=0;r<s.length;r++)(t=(e=s[r]).getAttribute(\"data-secret\"))||(t=Math.random().toString(36).substring(2,12),e.src+=\"#?secret=\"+t,e.setAttribute(\"data-secret\",t)),e.contentWindow.postMessage({message:\"ready\",secret:t},\"*\")},!1)))}(window,document);\n\/* ]]> *\/\n<\/script>\n"},"_links":{"self":[{"href":"https:\/\/stepienybarno.es\/blog\/wp-json\/wp\/v2\/posts\/13779"}],"collection":[{"href":"https:\/\/stepienybarno.es\/blog\/wp-json\/wp\/v2\/posts"}],"about":[{"href":"https:\/\/stepienybarno.es\/blog\/wp-json\/wp\/v2\/types\/post"}],"author":[{"embeddable":true,"href":"https:\/\/stepienybarno.es\/blog\/wp-json\/wp\/v2\/users\/2"}],"replies":[{"embeddable":true,"href":"https:\/\/stepienybarno.es\/blog\/wp-json\/wp\/v2\/comments?post=13779"}],"version-history":[{"count":3,"href":"https:\/\/stepienybarno.es\/blog\/wp-json\/wp\/v2\/posts\/13779\/revisions"}],"predecessor-version":[{"id":13783,"href":"https:\/\/stepienybarno.es\/blog\/wp-json\/wp\/v2\/posts\/13779\/revisions\/13783"}],"wp:attachment":[{"href":"https:\/\/stepienybarno.es\/blog\/wp-json\/wp\/v2\/media?parent=13779"}],"wp:term":[{"taxonomy":"category","embeddable":true,"href":"https:\/\/stepienybarno.es\/blog\/wp-json\/wp\/v2\/categories?post=13779"},{"taxonomy":"post_tag","embeddable":true,"href":"https:\/\/stepienybarno.es\/blog\/wp-json\/wp\/v2\/tags?post=13779"},{"taxonomy":"series","embeddable":true,"href":"https:\/\/stepienybarno.es\/blog\/wp-json\/wp\/v2\/series?post=13779"}],"curies":[{"name":"wp","href":"https:\/\/api.w.org\/{rel}","templated":true}]}}