{"id":13810,"date":"2014-05-30T09:31:56","date_gmt":"2014-05-30T07:31:56","guid":{"rendered":"https:\/\/www.stepienybarno.es\/blog\/?p=13810"},"modified":"2014-05-30T07:35:56","modified_gmt":"2014-05-30T05:35:56","slug":"la-figura-del-disenador-segun-arturo-perez-reverte","status":"publish","type":"post","link":"https:\/\/stepienybarno.es\/blog\/2014\/05\/30\/la-figura-del-disenador-segun-arturo-perez-reverte\/","title":{"rendered":"LA FIGURA DEL DISE\u00d1ADOR SEG\u00daN ARTURO P\u00c9REZ-REVERTE."},"content":{"rendered":"<p style=\"text-align: center;\"><a href=\"https:\/\/stepienybarno.es\/blog\/wp-content\/uploads\/2014\/05\/PEREZ-REVERTE-en-stepienybarno-.jpg\"><img loading=\"lazy\" decoding=\"async\" class=\"alignnone size-medium wp-image-13811\" title=\"PEREZ REVERTE en stepienybarno\" src=\"https:\/\/stepienybarno.es\/blog\/wp-content\/uploads\/2014\/05\/PEREZ-REVERTE-en-stepienybarno--331x350.jpg\" alt=\"PEREZ REVERTE en stepienybarno\" width=\"331\" height=\"350\" \/><\/a><\/p>\n<p align=\"left\">\n<p align=\"left\">Extracto de un viejo<a href=\"http:\/\/xlsemanal.finanzas.com\/web\/firma.php?id_firma=9790&amp;id_edicion=4547\"> art\u00edculo para el XLsemanal<\/a>,\u00a0 Arturo P\u00e9rez-Reverte se ensa\u00f1aba con la figura del dise\u00f1ador divo, en un texto titulado \u201c<em>un estudiado toque de abandono<\/em>\u201d<\/p>\n<p align=\"left\"><!--more--><\/p>\n<p align=\"left\">\n<p align=\"left\">En la traca final venia a decir:<\/p>\n<p align=\"left\">\u201cAs\u00ed que ya lo saben. Si quieren estar a la \u00faltima en dec\u00f3 y asombrar a la vecina cuando pase a cotillear, entren a saco. O tomen por \u00e9l. Si lo que quieren es dar a su casa un estudiado toque de abandono, pueden apa\u00f1arse solos. Por ejemplo: tapizando el tresillo, no con sacos de Nitrato de Chile, que a estas alturas de la feria ser\u00edan excesivamente cl\u00e1sicos, sino con cartones recogidos de noche en las calles y con bolsas de pl\u00e1stico del Corte Ingl\u00e9s. Luego, una vez zurcidos con hilo bramante y cinta adhesiva (m\u00e1s toque de abandono, imposible), pueden darse unos cuantos navajazos para conseguir el apresto adecuado. El toque final de refinado abandono se a\u00f1ade al saltar un rato encima, pate\u00e1ndolos bien. De paso, imaginen que le patea los huevos al dise\u00f1ador. Eso ayuda mucho.\u201d<\/p>\n<p align=\"left\">Aunque no estemos muy de acuerdo con la contundencia verbal\u00a0 de P\u00e9rez-Reverte, s\u00ed que lo estamos en el fondo de la historia. <strong>Evitar la figura del dise\u00f1ador o proyectista como un divo que s\u00f3lo quiere autosatisfacer su maltrecho ego, es algo que no deber\u00eda ofrecer discusi\u00f3n.<\/strong><\/p>\n<blockquote>\n<p align=\"left\">Un estudiado toque de abandono<\/p>\n<p align=\"left\"><strong>Acceder, <a href=\"http:\/\/www.perezreverte.com\/articulo\/patentes-corso\/267\/un-estudiado-toque-de-abandono\/\">aqu\u00ed.<\/a><\/strong><\/p>\n<\/blockquote>\n<p align=\"left\">\n<p align=\"left\">Noticia seleccionada por el Canal de arquitectura STEPIENYBARNO.<\/p>\n<p align=\"left\"><a href=\"http:\/\/www.linkedin.com\/company\/stepienybarno\">STEPIENYBARNO EN LINKEDIN<\/a><\/p>\n<p align=\"left\"><a href=\"http:\/\/twitter.com\/stepienybarno\/stepienybarno\">STEPIENYBARNO EN TWITTER<\/a><\/p>\n<p align=\"left\"><a href=\"https:\/\/www.facebook.com\/pages\/BLOG-DE-STEPIENYBARNO\/78001079029\">STEPIENYBARNO EN FACEBOOK<\/a><\/p>\n<p align=\"left\">\n<p align=\"left\">*Stepienybarno est\u00e1 formado por Agnieszka Stepien y Lorenzo Barn\u00f3 y desde mayo del 2009 estamos en la red con\u00a0 la presente publicaci\u00f3n digital (Blog) de arquitectura.<\/p>\n<p align=\"left\">Nuestra actividad se sustenta en tres pilares b\u00e1sicos: la investigaci\u00f3n, la publicaci\u00f3n (comunicaci\u00f3n y difusi\u00f3n) y la redacci\u00f3n de proyectos de arquitectura.<\/p>\n<p align=\"left\">A su vez, somos socios cofundadores de <a href=\"http:\/\/sinergiasostenible.org\/\">SINERGIA SOSTENIBLE<\/a> y redactores de <a href=\"http:\/\/www.laciudadviva.org\/blogs\/?author=45\">LA CIUDAD VIVA<\/a>.<\/p>\n<p align=\"left\">\n<p align=\"left\">* Los editores de esta publicaci\u00f3n digital no nos hacemos cargo de de los comentarios y\u00a0 conceptos vertidos en los textos firmados por otras personas, siendo \u00e9stos de responsabilidad exclusiva de sus autores.<\/p>\n<p>* Tu comentario podr\u00e1 ser moderado, por lo tanto, aunque aparezca inmediatamente al ser publicado en la entrada, los editores de esta publicaci\u00f3n digital nos reservamos el derecho tanto de editarlo (si fuera necesario, para hacerlo m\u00e1s legible) como de eliminarlo en el caso de que se usen expresiones incorrectas (descalificaciones, palabras malsonantes\u2026). A su vez, si quieres comentar desde el anonimato puedes hacerlo, aunque, nosotros personalmente, agradecemos que tod@s nos podamos identificar.<\/p>\n","protected":false},"excerpt":{"rendered":"<p>Extracto de un viejo art\u00edculo para el XLsemanal,  Arturo P\u00e9rez-Reverte se ensa\u00f1aba con la figura del dise\u00f1ador divo, en un texto titulado \u201cun estudiado toque de abandono\u201d<\/p>\n<p>(m\u00e1s&#8230;)<\/p>\n","protected":false},"author":2,"featured_media":0,"comment_status":"open","ping_status":"closed","sticky":false,"template":"","format":"standard","meta":{"om_disable_all_campaigns":false,"_monsterinsights_skip_tracking":false,"_monsterinsights_sitenote_active":false,"_monsterinsights_sitenote_note":"","_monsterinsights_sitenote_category":0,"_uf_show_specific_survey":0,"_uf_disable_surveys":false,"episode_type":"","audio_file":"","cover_image":"","cover_image_id":"","duration":"","filesize":"","date_recorded":"","explicit":"","block":"","filesize_raw":"","footnotes":""},"categories":[34,244],"tags":[919],"series":[],"class_list":["post-13810","post","type-post","status-publish","format-standard","hentry","category-actualidad","category-canal-de-arquitectura","tag-arturo-perez-reverte"],"aioseo_notices":[],"episode_featured_image":false,"episode_player_image":"https:\/\/stepienybarno.es\/blog\/wp-content\/uploads\/2020\/11\/stepienybarno-podcast-scaled.jpg","download_link":"","player_link":"","audio_player":false,"episode_data":{"playerMode":"dark","subscribeUrls":[],"rssFeedUrl":"https:\/\/stepienybarno.es\/blog\/feed\/podcast\/podcast-de-stepienybarno","embedCode":"<blockquote class=\"wp-embedded-content\" data-secret=\"VLKWOXksvM\"><a href=\"https:\/\/stepienybarno.es\/blog\/2014\/05\/30\/la-figura-del-disenador-segun-arturo-perez-reverte\/\">LA FIGURA DEL DISE\u00d1ADOR SEG\u00daN ARTURO P\u00c9REZ-REVERTE.<\/a><\/blockquote><iframe sandbox=\"allow-scripts\" security=\"restricted\" src=\"https:\/\/stepienybarno.es\/blog\/2014\/05\/30\/la-figura-del-disenador-segun-arturo-perez-reverte\/embed\/#?secret=VLKWOXksvM\" width=\"500\" height=\"350\" title=\"\u00abLA FIGURA DEL DISE\u00d1ADOR SEG\u00daN ARTURO P\u00c9REZ-REVERTE.\u00bb \u2014 Blog de STEPIEN Y BARNO - publicaci\u00f3n digital sobre arquitectura\" data-secret=\"VLKWOXksvM\" frameborder=\"0\" marginwidth=\"0\" marginheight=\"0\" scrolling=\"no\" class=\"wp-embedded-content\"><\/iframe><script type=\"text\/javascript\">\n\/* <![CDATA[ *\/\n\/*! This file is auto-generated *\/\n!function(d,l){\"use strict\";l.querySelector&&d.addEventListener&&\"undefined\"!=typeof URL&&(d.wp=d.wp||{},d.wp.receiveEmbedMessage||(d.wp.receiveEmbedMessage=function(e){var t=e.data;if((t||t.secret||t.message||t.value)&&!\/[^a-zA-Z0-9]\/.test(t.secret)){for(var s,r,n,a=l.querySelectorAll('iframe[data-secret=\"'+t.secret+'\"]'),o=l.querySelectorAll('blockquote[data-secret=\"'+t.secret+'\"]'),c=new RegExp(\"^https?:$\",\"i\"),i=0;i<o.length;i++)o[i].style.display=\"none\";for(i=0;i<a.length;i++)s=a[i],e.source===s.contentWindow&&(s.removeAttribute(\"style\"),\"height\"===t.message?(1e3<(r=parseInt(t.value,10))?r=1e3:~~r<200&&(r=200),s.height=r):\"link\"===t.message&&(r=new URL(s.getAttribute(\"src\")),n=new URL(t.value),c.test(n.protocol))&&n.host===r.host&&l.activeElement===s&&(d.top.location.href=t.value))}},d.addEventListener(\"message\",d.wp.receiveEmbedMessage,!1),l.addEventListener(\"DOMContentLoaded\",function(){for(var e,t,s=l.querySelectorAll(\"iframe.wp-embedded-content\"),r=0;r<s.length;r++)(t=(e=s[r]).getAttribute(\"data-secret\"))||(t=Math.random().toString(36).substring(2,12),e.src+=\"#?secret=\"+t,e.setAttribute(\"data-secret\",t)),e.contentWindow.postMessage({message:\"ready\",secret:t},\"*\")},!1)))}(window,document);\n\/* ]]> *\/\n<\/script>\n"},"_links":{"self":[{"href":"https:\/\/stepienybarno.es\/blog\/wp-json\/wp\/v2\/posts\/13810"}],"collection":[{"href":"https:\/\/stepienybarno.es\/blog\/wp-json\/wp\/v2\/posts"}],"about":[{"href":"https:\/\/stepienybarno.es\/blog\/wp-json\/wp\/v2\/types\/post"}],"author":[{"embeddable":true,"href":"https:\/\/stepienybarno.es\/blog\/wp-json\/wp\/v2\/users\/2"}],"replies":[{"embeddable":true,"href":"https:\/\/stepienybarno.es\/blog\/wp-json\/wp\/v2\/comments?post=13810"}],"version-history":[{"count":2,"href":"https:\/\/stepienybarno.es\/blog\/wp-json\/wp\/v2\/posts\/13810\/revisions"}],"predecessor-version":[{"id":13813,"href":"https:\/\/stepienybarno.es\/blog\/wp-json\/wp\/v2\/posts\/13810\/revisions\/13813"}],"wp:attachment":[{"href":"https:\/\/stepienybarno.es\/blog\/wp-json\/wp\/v2\/media?parent=13810"}],"wp:term":[{"taxonomy":"category","embeddable":true,"href":"https:\/\/stepienybarno.es\/blog\/wp-json\/wp\/v2\/categories?post=13810"},{"taxonomy":"post_tag","embeddable":true,"href":"https:\/\/stepienybarno.es\/blog\/wp-json\/wp\/v2\/tags?post=13810"},{"taxonomy":"series","embeddable":true,"href":"https:\/\/stepienybarno.es\/blog\/wp-json\/wp\/v2\/series?post=13810"}],"curies":[{"name":"wp","href":"https:\/\/api.w.org\/{rel}","templated":true}]}}