{"id":14383,"date":"2014-07-23T10:00:23","date_gmt":"2014-07-23T08:00:23","guid":{"rendered":"https:\/\/www.stepienybarno.es\/blog\/?p=14383"},"modified":"2019-03-31T10:01:27","modified_gmt":"2019-03-31T08:01:27","slug":"100-razones-por-las-que-contratar-a-un-arquitecto","status":"publish","type":"post","link":"https:\/\/stepienybarno.es\/blog\/2014\/07\/23\/100-razones-por-las-que-contratar-a-un-arquitecto\/","title":{"rendered":"100 RAZONES POR LAS QUE CONTRATAR A UN ARQUITECTO"},"content":{"rendered":"<p style=\"text-align: center;\"><a href=\"https:\/\/stepienybarno.es\/blog\/wp-content\/uploads\/2014\/07\/100-razones-contratar-arquitecto-stepienybarno-portada-blog.jpg\"><img loading=\"lazy\" decoding=\"async\" class=\"alignnone size-full wp-image-14385\" title=\"100-razones-contratar-arquitecto-stepienybarno portada-blog\" src=\"https:\/\/stepienybarno.es\/blog\/wp-content\/uploads\/2014\/07\/100-razones-contratar-arquitecto-stepienybarno-portada-blog.jpg\" alt=\"100-razones-contratar-arquitecto-stepienybarno portada-blog\" width=\"350\" height=\"350\" srcset=\"https:\/\/stepienybarno.es\/blog\/wp-content\/uploads\/2014\/07\/100-razones-contratar-arquitecto-stepienybarno-portada-blog.jpg 350w, https:\/\/stepienybarno.es\/blog\/wp-content\/uploads\/2014\/07\/100-razones-contratar-arquitecto-stepienybarno-portada-blog-180x180.jpg 180w, https:\/\/stepienybarno.es\/blog\/wp-content\/uploads\/2014\/07\/100-razones-contratar-arquitecto-stepienybarno-portada-blog-224x224.jpg 224w, https:\/\/stepienybarno.es\/blog\/wp-content\/uploads\/2014\/07\/100-razones-contratar-arquitecto-stepienybarno-portada-blog-316x316.jpg 316w\" sizes=\"(max-width: 350px) 100vw, 350px\" \/><\/a><\/p>\n<p align=\"left\">\u00bfQui\u00e9n dijo que los arquitectos s\u00f3lo sabemos hacer casas?! La realidad es bien distinta y no es que sepamos hacer m\u00e1s cosas, sabemos hacer muchas m\u00e1s cosas, en nuestra opini\u00f3n \u00a1exactamente 100!<\/p>\n<p align=\"left\">As\u00ed pues, echar un ojo para ver si os parece razonable el post y, por supuesto, cualquier comentario al respecto ser\u00e1 muy bien venido.<\/p>\n<p align=\"left\"><!--more--><\/p>\n<p align=\"left\"><span style=\"font-size: 13px;\">Es cierto que, la mayor\u00eda de los arquitectos, hasta hace cuatro d\u00edas, hemos mirado con cierto desd\u00e9n a todo aquello que no era proyectar arquitectura. A qui\u00e9n le interesaba la arquitectura en s\u00ed misma, solo miraba proyectar lo que \u00e9l consideraba <\/span><strong>verdadera arquitectura<\/strong><span style=\"font-size: 13px;\"> y a quien le interesaba m\u00e1s el <\/span><strong>money, money<\/strong><span style=\"font-size: 13px;\">, pues solo quer\u00eda realizar proyectos de <\/span><em>corte inmobiliario<\/em><span style=\"font-size: 13px;\">; todos encontraban m\u00e1s o menos lo que buscaban.<\/span><\/p>\n<p align=\"left\">Pero, de un d\u00eda para otro, lleg\u00f3 la<strong> crisis<\/strong> y puso patas arriba la econom\u00eda mundial y la nuestra en particular. Uno de los sectores m\u00e1s castigado, est\u00e1 claro que es el nuestro.<\/p>\n<p align=\"left\">As\u00ed, de la noche a la ma\u00f1ana no va a cambiar nada, quiz\u00e1s ya no cambie nunca; pero, lo que est\u00e1 claro, si queremos capear el temporal un poco mejor, es que es necesario mirar m\u00e1s all\u00e1 de los propios proyectos y ver qu\u00e9 se puede hacer en la <strong>periferia de la arquitectura<\/strong>. Tambi\u00e9n, es interesante ver c\u00f3mo podemos usar nuestras <strong>fortalezas y virtudes<\/strong> de arquitectos para desembarcar en otros terrenos profesionales cercanos, pero de ello ya hemos hablado en otros post (<a href=\"https:\/\/stepienybarno.es\/blog\/2011\/09\/04\/las-fortalezas-del-arquitecto\/\">aqu\u00ed<\/a> y <a href=\"https:\/\/stepienybarno.es\/blog\/2012\/12\/21\/decalogo-de-las-virtudes-del-arquitecto\/\">aqu\u00ed<\/a>).<\/p>\n<p align=\"left\">Por ello, hoy nos vamos a centrar en ver distintas posibilidades que tenemos como arquitectos, sin alejarnos demasiado del centro neur\u00e1lgico de lo que es ser arquitecto (\u00a1o s\u00ed!).<\/p>\n<p align=\"left\">As\u00ed que, hemos hecho un recopilatorio de posibilidades (la clasificaci\u00f3n es subjetiva y, por supuesto, se entiende que otros la har\u00edan completamente diferente), y nos hemos ido a por los <strong>100<\/strong> <strong>campos en los que un arquitecto, por su propia formaci\u00f3n o capacidades, puede ser \u00fatil<\/strong>. \u00a1Ah\u00ed van!<\/p>\n<p align=\"left\"><span style=\"color: #808080;\">* Como ver\u00e9is, en algunos de los puntos m\u00e1s singulares, hemos puesto alg\u00fan estudio o arquitecto que anda enredando con el tema. Evidentemente, no tiene porque ser lo \u00fanico que haga, ni\u00a0 el \u00fanico que lo haga.<\/span><\/p>\n<p align=\"left\"><span style=\"color: #808080;\">De esta forma, nos encantar\u00eda que nos dierais m\u00e1s <strong>ejemplos de arquitectos<\/strong>, para los 100 casos registrados, y que podamos aumentar, entre todos, esta larga lista de actividades que podemos hacer los arquitectos.<\/span><\/p>\n<blockquote>\n<p align=\"left\"><strong>A. Coraz\u00f3n arquitectura<\/strong><\/p>\n<p>1. Redacci\u00f3n y direcci\u00f3n de obra de proyectos de ejecuci\u00f3n arquitectura.<\/p>\n<p>2. Redacci\u00f3n de anteproyectos y proyectos b\u00e1sicos de arquitectura.<\/p>\n<p>3. Redacci\u00f3n de proyectos de urbanismo, en sus distintas escalas (desde una placita a una ciudad).<\/p>\n<p>4. Redacci\u00f3n y direcci\u00f3n de obra de proyectos de rehabilitaci\u00f3n.<\/p>\n<p>5. Proyecto y direcci\u00f3n de derribo de edificaciones.<\/p>\n<p>6. Redacci\u00f3n y direcci\u00f3n de obra de proyectos de territorio y\u00a0 paisaje _ Manuel Borobio, Beth Gali, <a href=\"http:\/\/www.emf.cat\/new\/index.php?op=perfil&amp;idioma=es\">emef<\/a>,<\/p>\n<p align=\"left\">7. Delineaci\u00f3n de proyectos.<\/p>\n<p>8. C\u00e1lculo y dise\u00f1o de Instalaciones.<\/p>\n<p>9. C\u00e1lculo y dise\u00f1o de Estructuras.<\/p>\n<p align=\"left\">10. Redacci\u00f3n de proyectos de\u00a0 reparcelaciones.<\/p>\n<p align=\"left\">11. Redacci\u00f3n de Planes Generales Municipales de Ordenaci\u00f3n, Planes especiales, Normas subsidiarias de Planeamiento, Proyectos de delimitaci\u00f3n de suelo urbano\u2026).<\/p>\n<p align=\"left\">12. Proyectos de Reparcelaci\u00f3n y Estudios de Detalle.<\/p>\n<p align=\"left\">13. Proyectos de Urbanizaci\u00f3n.<\/p>\n<p>14. Project manager.<\/p>\n<p>15. Cuidado del patrimonio arquitect\u00f3nico, Conservaci\u00f3n de edificios y monumentos y su restauraci\u00f3n.<\/p>\n<p align=\"left\">16. Asesoramiento en levantamientos arqueol\u00f3gicos.<\/p>\n<p align=\"left\">17. Redacci\u00f3n y direcci\u00f3n de obra de proyectos de jardiner\u00eda _ <a href=\"http:\/\/lahabitacionverde.es\/\" target=\"_blank\" rel=\"noopener\">La habitaci\u00f3n verde<\/a>\u2026<\/p>\n<p>18. Docencia y cargos de direcci\u00f3n en Facultades de arquitectura.<\/p>\n<p>19. Arquitecto para la administraci\u00f3n.<\/p>\n<p>20. Redacci\u00f3n y direcci\u00f3n de proyecto de seguridad y salud.<\/p>\n<p>21. Estudio b\u00e1sico\u00a0 de seguridad y salud.<\/p>\n<p align=\"left\">22. Cr\u00edtica de arquitectura _ Jaume Prat, Fredy Massad\u2026<\/p>\n<p align=\"left\">23. Revistas de arquitectura _ Luis Fern\u00e1ndez Galiano, Carlos Quintans, Javier Mozas, Jos\u00e9 Ballesteros, <a href=\"https:\/\/stepienybarno.es\/blog\/2012\/09\/10\/entrevista-con-dpr-barcelona\/\">ddpr-barcelona<\/a>, <a href=\"http:\/\/theaaaamagazine.com\/author\/anaasensio\/\">Ana Asensio<\/a>, <a href=\"http:\/\/www.viaconstruccion.com\/index.php\/blogs\/jose-g-osorio\">Jos\u00e9 G. Osorio<\/a>, <a href=\"https:\/\/www.linkedin.com\/pub\/celia-galera-soldevila\/43\/934\/13a\">Celia Galera<\/a> \u2026<\/p>\n<p align=\"left\">24. Labores en colegios de arquitectos.<\/p>\n<p align=\"left\">25. Investigaci\u00f3n en Departamentos de Escuelas de Arquitectura.<\/p>\n<\/blockquote>\n<blockquote>\n<p align=\"left\"><strong>B. Extraradio de la arquitectura<\/strong><\/p>\n<p align=\"left\">26. Redacci\u00f3n de libros de arquitectura _ <a href=\"http:\/\/arquitectura.unizar.es\/profesores\/delgado.html\">Eduardo Delgado<\/a>, <a href=\"https:\/\/stepienybarno.es\/blog\/2010\/01\/29\/entrevista-con-elisa-valero\/\">Elisa Valero<\/a>, <a href=\"https:\/\/stepienybarno.es\/blog\/2010\/10\/13\/presentacion-de-multiples-estrategias-de-arquiectura\/\">Santiago de Molina<\/a>, <a href=\"https:\/\/stepienybarno.es\/blog\/2011\/09\/14\/stepienybarno-charla-con-angel-martinez\/\">\u00c1ngel Mart\u00ednez<\/a> \u2026<\/p>\n<p align=\"left\">27. Editorial especializada en arquitectura _ <a href=\"https:\/\/www.linkedin.com\/in\/paulaxalvarez\">Paula V. \u00c1lvarez<\/a> (<a href=\"http:\/\/vibokworks.com\/es\/\">Vibok<\/a>), Lugadero, <a href=\"http:\/\/danielayalaserrano.tumblr.com\/\">Daniel Ayala<\/a>, \u00a0<a href=\"https:\/\/stepienybarno.es\/blog\/2013\/11\/12\/recolectores-urbanos-divulgacion-cientifica-2-0\/\">Recolectores Urbanos<\/a>, Desescribir&#8230;<\/p>\n<p align=\"left\">28. Coordinaci\u00f3n de proyectos editoriales de arquitectura y urbanismo _ Reyes gallegos en <a href=\"http:\/\/www.laciudadviva.org\/\">La ciudad viva<\/a>\u2026<\/p>\n<p align=\"left\">29. Editores y redactores de publicaciones digitales de arquitectura _ Arquitextonica, n+1, Metalocus, \u2026<\/p>\n<p align=\"left\">30. Expedientes de legalizaci\u00f3n.<\/p>\n<p align=\"left\">31. Control de ejecuci\u00f3n de obra (en el caso de que no sea necesario Ingeniero de la edificaci\u00f3n).<\/p>\n<p align=\"left\">32. Obras civiles de construcci\u00f3n (Autopistas, carreteras, rotondas,calles, aceras, iluminaci\u00f3n, redes de distribuci\u00f3n, construcciones hidr\u00e1ulicas, obras de saneamiento, etc) _ Rafael Tenorio&#8230;<\/p>\n<p align=\"left\">33. Proyectos de puentes y pasarelas.<\/p>\n<p align=\"left\">34. Redacci\u00f3n y direcci\u00f3n de expedientes de actividad clasificada.<\/p>\n<p align=\"left\">35. Redacci\u00f3n y direcci\u00f3n de memorias valoradas.<\/p>\n<p align=\"left\">36. Redacci\u00f3n y direcci\u00f3n de proyectos de accesibilidad _ Antonio Corbal\u00e1n Pinar&#8230;<\/p>\n<p align=\"left\">37. Tramitaci\u00f3n de licencias de apertura.<\/p>\n<p align=\"left\">38. Realizaci\u00f3n de maquetas de arquitectura (realizaci\u00f3n, venta de material\u2026) _ <a href=\"https:\/\/plus.google.com\/100150325106200946099\/about?gl=es&amp;hl=es\">Arquima\u00f1a<\/a>, <a href=\"http:\/\/www.maquetasdearquitectura.com\/\">Maquetasdearquitectura<\/a>\u2026<\/p>\n<p align=\"left\">39. Infograf\u00edas, programas de CAD, especialista en BIM _ <a href=\"http:\/\/www.es.4mbim.com\/what-is-bim\/\">4mbim<\/a>, <a href=\"http:\/\/www.linkedin.com\/in\/javieralonsomadrid\">Javier Alonso<\/a>, <a href=\"https:\/\/stepienybarno.es\/blog\/cad-y-bim\/\">acceder a la p\u00e1gina.<\/a><\/p>\n<p align=\"left\">40. Fotograf\u00eda de arquitectura _ <a href=\"https:\/\/stepienybarno.es\/blog\/2014\/03\/31\/10-fotografos-de-arquitectura-espanoles\/\">acceder post<\/a>.<\/p>\n<p align=\"left\">41. Docencia en otras Facultades como Ingenier\u00eda de la edificaci\u00f3n.<\/p>\n<p align=\"left\">42. Tasaciones _<a href=\"http:\/\/www.arquitasa.com\/\"> arquitasa<\/a>,<a href=\"http:\/\/arquitectotasador.com\/\"> arquitectotasador<\/a>\u2026<\/p>\n<p align=\"left\">43. Peritaciones.<\/p>\n<p align=\"left\">44. Informes periciales.<\/p>\n<p align=\"left\">45. Presupuestos.<\/p>\n<p align=\"left\">46. Realizaci\u00f3n del libro del edificio.<\/p>\n<p align=\"left\">47. Certificaciones energ\u00e9ticas.<\/p>\n<p align=\"left\">48. Asesoramiento en materia de Sostenibilidad.<\/p>\n<p align=\"left\">49. Eficiencia energ\u00e9tica _ Ec\u00f3metro, <a href=\"http:\/\/www.passivehouse.us\/passiveHouse\/PHIUSHome.html\">Passive house<\/a>\u2026<\/p>\n<p align=\"left\">50. Especialista en dom\u00f3tica, luminotecnia o en ac\u00fastica _ Juan Ortiz, Gustavo Tomaspolky, Alejandro Sansegundo\u2026<\/p>\n<\/blockquote>\n<blockquote>\n<p align=\"left\"><strong>3. periferia de la arquitectura<\/strong><\/p>\n<p align=\"left\">51. Acci\u00f3n social-Participaci\u00f3n ciudadana _ Jorge Toledo (<a href=\"http:\/\/www.ecosistemaurbano.com\/\">Ecosistema Urbano<\/a> + <a href=\"http:\/\/la-cajita.es\/blog\/\">El de la cajita<\/a>), <a href=\"http:\/\/andresjaque.net\/\">Andr\u00e9s Jaque<\/a>, <a href=\"http:\/\/www.pkmn.es\/\">Pkmn<\/a>, <a href=\"http:\/\/viveroiniciativasciudadanas.net\/\">VIC<\/a>, <a href=\"http:\/\/www.paisajetransversal.com\/\">Paisaje Transversal<\/a>, <a href=\"http:\/\/www.todoporlapraxis.es\/\">Todo por la praxis<\/a>, \u00a0<a href=\"http:\/\/www.zuloark.com\/\">Zuloark<\/a>\u2026<\/p>\n<p>52. Comisario de arquitectura _ <a href=\"http:\/\/brijuniarquitectos.com\/\">Brijuni arquitectos<\/a>, Luz Paz Agras&#8230;<\/p>\n<p align=\"left\">53. Exposiciones de arquitectura _ <a href=\"http:\/\/www.ariadnacantis.com\/\">Ariadna Cantis<\/a>\u2026<\/p>\n<p align=\"left\">54. Organizaci\u00f3n y Producci\u00f3n de congresos y eventos arquitect\u00f3nicos _ <a href=\"http:\/\/www.mmasa.net\/\">Mmasa<\/a>, <a href=\"http:\/\/www.semisotano.es\/\">Semis\u00f3tano<\/a>, <a href=\"http:\/\/www.blancafort-reus.com\/\">Patricia Reus<\/a>, <a href=\"http:\/\/sinergiasostenible.org\/\">Sinerga Sostenible<\/a>\u2026<\/p>\n<p align=\"left\">55. Direcci\u00f3n de empresas constructoras y\/o promotoras _ Advalua, Pablo Branchi\u2026<\/p>\n<p align=\"left\">56. Administraci\u00f3n de fondos: gesti\u00f3n de promoci\u00f3n de obras.<\/p>\n<p align=\"left\">57. Direcci\u00f3n de empresas de materiales de construcci\u00f3n.<\/p>\n<p align=\"left\">58. Comercial de empresas de materiales de construcci\u00f3n.<\/p>\n<p align=\"left\">59. Laboratorios de ensayos de materiales de construcci\u00f3n.<\/p>\n<p align=\"left\">60. Jefe de obra.<\/p>\n<p align=\"left\">61. Realizaci\u00f3n de ITES.<\/p>\n<p align=\"left\">62. Trabajador de OCT.<\/p>\n<p align=\"left\">63. Colaboraci\u00f3n en estudios geot\u00e9cnicos.<\/p>\n<p align=\"left\">64. Levantamiento de edificios.<\/p>\n<p align=\"left\">65. Levantamientos topogr\u00e1ficos \/ Deslinde y medici\u00f3n de terrenos.<\/p>\n<p align=\"left\">66. Docencia en Institutos y formaci\u00f3n profesional.<\/p>\n<p align=\"left\">67. Academias para estudiantes de arquitectura _ <a href=\"http:\/\/www.metropa.es\/__\/index_metropa.html\">Metropa<\/a>, Ver\u00f3nica S\u00e1nchez (<a href=\"https:\/\/www.facebook.com\/tallerproyectos.cuatroescalones?notif_t=friend_confirmed\">Cuatro escalones<\/a>), <a href=\"http:\/\/www.linkedin.com\/in\/amparomartinezvidal\">Amparo Mart\u00ednez (Cimbra).<\/a>..<\/p>\n<p align=\"left\">68. Asesoramiento previo a la redacci\u00f3n del proyecto (elegir el lugar de la edificaci\u00f3n, permisos\u2026).<\/p>\n<p align=\"left\">69. Corredur\u00edas de Seguros de responsabilidad civil para arquitectos _ <a href=\"https:\/\/stepienybarno.es\/blog\/seguros-de-responsabilidad-civil-para-arquitectos\/\">acceder a la p\u00e1gina.<\/a><\/p>\n<p align=\"left\">70. Coordinaci\u00f3n de gremios _ Nieto y Sobejano (lo contaban en una entrevista para Scalae)\u2026<\/p>\n<p align=\"left\">71. TICs aplicadas a la ciudad _ <a href=\"https:\/\/stepienybarno.es\/blog\/2013\/12\/11\/nerea-calvillo-arquitecta-y-fundadora-del-proyecto-de-investigacion-%25E2%2580%2598in-the-air%25E2%2580%2599\/\">Nerea Calvillo<\/a>\u2026<\/p>\n<p align=\"left\">72. Talleres infantiles sobre arquitectura _ <a href=\"http:\/\/arkitente.org\/index.php\/es\/\">arkitente<\/a>, <em>Carlos<\/em> Arruti y\u00a0<em>Anabel<\/em> Varona (<a href=\"http:\/\/maushaus-by-rulot.blogspot.com.es\/\">Maushaus<\/a>), Almundena de Benito (<a href=\"http:\/\/www.chiquitectos.com\/\">Chiquitectos<\/a>), <a href=\"http:\/\/a-magazine.org\/\">Amag<\/a>, <a href=\"http:\/\/jorge-raedo.blogspot.com.es\/\">Jorge Raed\u00f3<\/a>\u2026<\/p>\n<p align=\"left\">73. Gu\u00edas tur\u00edsticos de arquitectura _ <a href=\"http:\/\/www.artchitectours.com\/\">artchitectours<\/a>, <a href=\"http:\/\/www.arquirutas.com\/\">arquiRUTAS<\/a>\u2026<\/p>\n<p align=\"left\">74. Pol\u00edtica _ <a href=\"http:\/\/www.jaimelerner.com\/\">Jaime Lerner<\/a>, Fernando Mart\u00ednez, <a href=\"http:\/\/equosevilla.es\/simpatizantes-y-asociados-eligen-a-esteban-de-manuel-cabeza-de-lista-a-las-elecciones-andaluzas\/\">Esteban de Manuel<\/a>\u2026<\/p>\n<p align=\"left\">75. Arquitectura para salas de paritorio y parto _ Parra-Muller (<a href=\"http:\/\/www.arquitecturadematernidades.com\/\">Arquitectura de maternidades<\/a>)\u2026<\/p>\n<\/blockquote>\n<blockquote>\n<p align=\"left\"><strong>4. Periferia de la periferia de la arquitectura<\/strong><\/p>\n<p align=\"left\">76. Secretar\u00eda t\u00e9cnica de Instituciones, Fundaciones o Asociaciones _<a href=\"http:\/\/www.alejandrodelasota.org\/\">Fundaci\u00f3n Alejandro de la Sota<\/a>,\u00a0 <a href=\"http:\/\/es.linkedin.com\/pub\/mireya-reguart-oyarbide\/32\/101\/181\">Mireya Reguart<\/a> (<a href=\"http:\/\/www.sostenibilidadyarquitectura.com\/\">ASA<\/a>)\u2026<\/p>\n<p align=\"left\">77. Videojuegos _ <a href=\"http:\/\/www.congresoegavalencia.com\/ponencias2\/ROIG.pdf\" target=\"_blank\" rel=\"noopener\">Eduardo Roig<\/a>, <a href=\"https:\/\/stepienybarno.es\/blog\/tag\/videojuegos\/\">acceder a la p\u00e1gina.<\/a><\/p>\n<p align=\"left\">78. Instalaciones audovisuales\u00a0 y Realidad aumentada _ <a href=\"http:\/\/cultura.elpais.com\/cultura\/2013\/12\/23\/actualidad\/1387795343_869425.html\">Luis Urculo<\/a>, Recolectores Urbanos, <a href=\"https:\/\/stepienybarno.es\/blog\/realidad-aumentada\/\">acceder a la p\u00e1gina.<\/a><\/p>\n<p align=\"left\">79. Representaci\u00f3n de arquitectos \/ Planificaci\u00f3n de Medios y Gabinete de Prensa para arquitectos _\u00a0 <a href=\"http:\/\/www.patinunez.com\/html\/es\/\">Pati Nu\u00f1ez<\/a>, <a href=\"http:\/\/www.pocharquitectura.com\/\">Marta Poch<\/a>, <a href=\"http:\/\/arquiprensa.com\/\">arquiprensa<\/a>\u2026<\/p>\n<p align=\"left\">80. Marketing para arquitectos _ <a href=\"http:\/\/www.bsarethinkingarchitecture.com\/blog\/\">bsa rethinking architecture<\/a>, <a href=\"http:\/\/www.cosasdearquitectos.com\/\">Cosas de arquitectos<\/a>\u2026<\/p>\n<p align=\"left\">81. Asesor\u00eda de Proyectos de Identidad Digital para arquitectos _ <a href=\"https:\/\/twitter.com\/anudame\">An\u00fada.me<\/a>, Stepienybarno\u2026<\/p>\n<p>82. Dise\u00f1o y realizaci\u00f3n de publicaciones digitales (web, blog\u2026) para arquitectos _ <a href=\"http:\/\/voragine.net\/\">Alfonso S. Uz\u00e1bal<\/a> <a href=\"https:\/\/twitter.com\/skotperez\">@skotperez<\/a>, Anne-Sophie de Vargas, \u00a0\u00a0<a href=\"http:\/\/carloscamara.es\/\">Carlos C\u00e1mara<\/a>, <a href=\"https:\/\/www.facebook.com\/pages\/HR-Estudio-Creativo\/510556465682101\">HR estudio creativo<\/a>\u2026<\/p>\n<p align=\"left\">83. Community manager para estudios o instituciones del mundo arquitect\u00f3nico _ Stepienybarno, <a href=\"https:\/\/www.facebook.com\/ABpositivo3D\">AB positivo<\/a>\u2026<\/p>\n<p align=\"left\">84. Creatividad \/ Design thinking _ <a href=\"http:\/\/fablabsevilla.us.es\/\">Fab Lab de Sevilla<\/a>, <a href=\"http:\/\/es.linkedin.com\/in\/picoj\">Jos\u00e9 Pico<\/a>, <a href=\"http:\/\/www.cuantics.com\/\" target=\"_blank\" rel=\"noopener\">Cuantics Creatives Lab<\/a>, Domenico di Siena, Michael Moradiellos\u2026<\/p>\n<p align=\"left\">85. Creatividad Urbana _ <a href=\"http:\/\/ecosistemaurbano.com\/portfolio\/about\/\">Ecosistema Urbano<\/a>, Basurama\u2026<\/p>\n<p align=\"left\">86. Artistas urbanos _ <a href=\"http:\/\/www.boamistura.com\/\">Boa Mistura.<\/a>..<\/p>\n<p align=\"left\">87. Urbanismo de genero _ Zaida Muxi, Roser Casanovas\u2026<\/p>\n<p align=\"left\">88. Dise\u00f1o _ <a href=\"http:\/\/martinaminnucci.com\/\">Martina Minnucci<\/a>, <a href=\"http:\/\/www.masquepinatas.bigcartel.com\/\">m\u00e1s que pi\u00f1atas<\/a>, <a href=\"http:\/\/www.dvelas.com\/web\/\">Dvelas<\/a>\u2026<\/p>\n<p align=\"left\">89. Dise\u00f1o industrial _ <a href=\"https:\/\/stepienybarno.es\/blog\/2013\/12\/09\/dvelas-diseno-contemporaneo-reutilizando-velas-de-barco\/\">Dvelas<\/a>, <a title=\"Front\" href=\"http:\/\/www.frontdesign.se\/\" target=\"_self\">Front<\/a>\u2026<\/p>\n<p align=\"left\">90. I+D+I \/ Investigaci\u00f3n de nuevos materiales para la construcci\u00f3n _ <a href=\"http:\/\/www.vailloirigaray.com\/\">Vaillo + Irigaray<\/a>\u2026<\/p>\n<p align=\"left\">91. Moda _ Eugenia Josa, <a href=\"http:\/\/veredes.es\/blog\/lucia-ruiz-de-aguirre-%25C2%25B7-moda-peka%25C2%25B4s-world\/\">Luc\u00eda Ru\u00edz de Aguirre.<\/a>..<\/p>\n<p align=\"left\">92. Dise\u00f1o Param\u00e9trito _ <a href=\"http:\/\/www.linkedin.com\/in\/joseperezdelama\">Jos\u00e9 P\u00e9rez de Lama.<\/a>..<\/p>\n<p align=\"left\">93. Decoraci\u00f3n interior y exterior de edificios \/ Arquitecto de interiores.<\/p>\n<p align=\"left\">94. Arquitectura ef\u00edmera \/ Dise\u00f1o de Stands _ <a href=\"http:\/\/stgo.es\/tag\/arquitectura-efimera\/\">Stgo<\/a>, <a href=\"http:\/\/aqso.es\/perfil\/equipo\">Aqso, <\/a><a href=\"http:\/\/www.beandme.com\/seccion.asp?idseccion=9201\">Beandme<\/a>, <a href=\"http:\/\/tallerdecasqueria.com\/es\/\">Taller de Casqueria<\/a>,\u00a0 <a href=\"http:\/\/www.trebolarquitectura.es\/empresa\/\">Tr\u00e9bol arquitectura<\/a>\u2026<\/p>\n<p align=\"left\">95. Dise\u00f1o esc\u00e9nico, Museografia _ Toki, Zuloark, <a href=\"http:\/\/izaskunchinchilla.es\/category\/architecture\/instalation\/\">Izaskun Chinchilla<\/a> \u2026<\/p>\n<p align=\"left\">96. _ Arte (pintura, marchantes de arte, escultura\u2026) _ <a href=\"http:\/\/www.navarrobaldeweg.net\/\">Juan Navarro Baldeweg<\/a>, Dolores Victoria Ruiz y\u00a0<em>Juan Jos\u00e9<\/em> Ruiz\u00a0(<em><a href=\"http:\/\/www.semisotano.es\/\">Semis\u00f3tano<\/a>),<\/em> <a href=\"http:\/\/www.danielmoyano.net\/\">Daniel Moyano<\/a>, Aser Long\u00e1s\u2026<\/p>\n<p align=\"left\">97. Dise\u00f1o de joyas _ <a href=\"http:\/\/www.jdvdp.com\/proyecto\/detalles\/74\">Imma Jansana<\/a>, <a href=\"http:\/\/veredes.es\/blog\/laura-gonzalez-sanz-%25C2%25B7-diseno-de-joyas-lalabeyou\/\">Laura Gonz\u00e1lez<\/a>, Rita Fetiche\u2026<\/p>\n<p align=\"left\">98. Mobiliario urbano, Mobiliario interior y restauraci\u00f3n _ <a href=\"http:\/\/www.pkmn.es\/\">Pkmn<\/a>, <a href=\"http:\/\/www.leon11.com\/MECEDORAMA\">Leon 11<\/a>, Cristina Nieto + Luis Gil, <a href=\"http:\/\/veredes.es\/blog\/moho-arquitectos-%25C2%25B7-diseno-industrial-y-mobiliario-cartonlab\/\">Moho arquitectos<\/a> \u2026<\/p>\n<p align=\"left\">99. Especialista en idioma extranjero para arquitectura, traducciones\u2026 _ <a href=\"http:\/\/www.architrad.com\/\">Mercedes S\u00e1nchez-Marco<\/a>\u2026<\/p>\n<p align=\"left\">100. Jefe de bomberos _ Jos\u00e9 Luis Ugarte\u2026<\/p>\n<\/blockquote>\n<blockquote>\n<p align=\"center\"><strong>Autores de la entrada: <a href=\"http:\/\/www.facebook.com\/col.prudant#!\/StepienybarnoCANAL\">Stepienybarno<\/a> _ Agnieszka Stepien y Lorenzo Barn\u00f3<\/strong><\/p>\n<h3 style=\"text-align: center;\"><a href=\"https:\/\/www.youtube.com\/user\/stepienybarnoblog\" target=\"_blank\" rel=\"noopener\"><span style=\"color: #ff0000;\">Acceder a nuestro canal de Youtube para estar al d\u00eda de todo lo que vamos publicando en v\u00eddeo.<\/span><\/a><\/h3>\n<\/blockquote>\n<p><span style=\"color: #808080;\">LAS FORTALEZAS DEL ARQUITECTO<\/span><\/p>\n<p><a href=\"https:\/\/stepienybarno.es\/blog\/2011\/09\/04\/las-fortalezas-del-arquitecto\/\"><span style=\"color: #808080;\">https:\/\/stepienybarno.es\/blog\/2011\/09\/04\/las-fortalezas-del-arquitecto\/<\/span><\/a><\/p>\n<p><span style=\"color: #808080;\">DEC\u00c1LOGO DE LAS VIRTUDES DEL ARQUITECTO<\/span><\/p>\n<p><a href=\"https:\/\/stepienybarno.es\/blog\/2012\/12\/21\/decalogo-de-las-virtudes-del-arquitecto\/\"><span style=\"color: #808080;\">https:\/\/stepienybarno.es\/blog\/2012\/12\/21\/decalogo-de-las-virtudes-del-arquitecto\/<\/span><\/a><\/p>\n<p align=\"left\"><strong><span style=\"color: #808080;\">Post relacionados:<\/span><\/strong><\/p>\n<p align=\"left\"><span style=\"color: #808080;\">&#8211; \u00bfQu\u00e9 salidas tiene la profesi\u00f3n en los tiempos que corren?<\/span><\/p>\n<p align=\"left\"><a href=\"http:\/\/www.cultunet.com\/es\/foro\/8-arquitectura\/26-salidas-para-arquitectos-en-epoca-de-crisis\"><span style=\"color: #808080;\">http:\/\/www.cultunet.com\/es\/foro\/8-arquitectura\/26-salidas-para-arquitectos-en-epoca-de-crisis<\/span><\/a><\/p>\n<p align=\"left\"><span style=\"color: #808080;\">&#8211; PERO REALMENTE, \u00bfQU\u00c9 HACE UN ARQUITECTO?<\/span><\/p>\n<p align=\"left\"><a href=\"http:\/\/www.consultasconstructivas.com\/index.php\/blog-noticias\/38-pero-realmente-que-hace-un-arquitecto.html\"><span style=\"color: #808080;\">http:\/\/www.consultasconstructivas.com\/index.php\/blog-noticias\/38-pero-realmente-que-hace-un-arquitecto.html<\/span><\/a><\/p>\n<p align=\"left\"><span style=\"color: #808080;\">-99 ideas interesantes en la arquitectura espa\u00f1ola<\/span><\/p>\n<p align=\"left\"><span style=\"color: #808080;\">http:\/\/www.bsarethinkingarchitecture.com\/2011\/10\/17\/99-ideas-interesantes-en-la-arquitectura-espanola-x\/<\/span><\/p>\n<blockquote>\n<p align=\"left\">* Este art\u00edculo ha sido escrito con car\u00e1cter divulgativo y sin ning\u00fan tipo de \u00e1nimo de lucro. As\u00ed que, si te apetece <strong>compartirlo<\/strong> en cualquier otro medio, estaremos encantados de que lo hagas siempre y cuando cites el lugar donde lo has encontrado.<\/p>\n<p align=\"left\"><a href=\"http:\/\/www.linkedin.com\/company\/stepienybarno\">STEPIENYBARNO EN LINKEDIN<\/a><\/p>\n<p align=\"left\"><a href=\"http:\/\/twitter.com\/stepienybarno\/stepienybarno\">STEPIENYBARNO EN TWITTER<\/a><\/p>\n<p align=\"left\"><a href=\"https:\/\/www.facebook.com\/pages\/BLOG-DE-STEPIENYBARNO\/78001079029\">STEPIENYBARNO EN FACEBOOK<\/a><\/p>\n<p align=\"left\">* Stepienybarno est\u00e1 formado por Agnieszka Stepien y Lorenzo Barn\u00f3 y desde mayo del 2009 estamos en la red con\u00a0 la presente publicaci\u00f3n digital (Blog) de arquitectura.<\/p>\n<p align=\"left\">Nuestra actividad se sustenta en tres pilares b\u00e1sicos: la investigaci\u00f3n, la publicaci\u00f3n y la redacci\u00f3n de proyectos de arquitectura.<\/p>\n<p align=\"left\">A su vez, somos socios cofundadores de <a href=\"http:\/\/sinergiasostenible.org\/\">SINERGIA SOSTENIBLE<\/a> y redactores de <a href=\"http:\/\/www.laciudadviva.org\/blogs\/?author=45\">LA CIUDAD VIVA<\/a>.<\/p>\n<p align=\"left\">* Los editores de esta publicaci\u00f3n digital no nos hacemos cargo de de los comentarios y\u00a0 conceptos vertidos en los textos firmados por otras personas, siendo \u00e9stos de responsabilidad exclusiva de sus autores.<\/p>\n<p align=\"left\">* Tu comentario pudiera ser moderado, por lo tanto, aunque aparezca inmediatamente al ser publicado en la entrada, los editores de esta publicaci\u00f3n digital nos reservamos el derecho tanto de editarlo (si fuera necesario, para hacerlo m\u00e1s legible) como de eliminarlo en el caso de que se usen expresiones incorrectas (descalificaciones, palabras malsonantes\u2026). A su vez, si quieres comentar desde el anonimato puedes hacerlo, aunque, nosotros personalmente, agradecemos que tod@s nos podamos identificar.<\/p>\n<\/blockquote>\n","protected":false},"excerpt":{"rendered":"<p>\u00bfQui\u00e9n dijo que los arquitectos s\u00f3lo sabemos hacer casas?! La realidad es bien distinta y no es que sepamos hacer m\u00e1s cosas, sabemos hacer muchas m\u00e1s cosas, en nuestra opini\u00f3n \u00a1exactamente 100!<\/p>\n<p>As\u00ed pues, echar un ojo para ver si os parece razonable el post y, por supuesto, cualquier comentario al respecto ser\u00e1 muy bien venido.<\/p>\n<p>(m\u00e1s&#8230;)<\/p>\n","protected":false},"author":2,"featured_media":0,"comment_status":"open","ping_status":"closed","sticky":false,"template":"","format":"standard","meta":{"om_disable_all_campaigns":false,"_monsterinsights_skip_tracking":false,"_monsterinsights_sitenote_active":false,"_monsterinsights_sitenote_note":"","_monsterinsights_sitenote_category":0,"_uf_show_specific_survey":0,"_uf_disable_surveys":false,"episode_type":"","audio_file":"","cover_image":"","cover_image_id":"","duration":"","filesize":"","date_recorded":"","explicit":"","block":"","filesize_raw":"","footnotes":""},"categories":[34,2976],"tags":[1367],"series":[],"class_list":["post-14383","post","type-post","status-publish","format-standard","hentry","category-actualidad","category-profesion-arquitecto","tag-el-estado-de-la-profesion"],"aioseo_notices":[],"episode_featured_image":false,"episode_player_image":"https:\/\/stepienybarno.es\/blog\/wp-content\/uploads\/2020\/11\/stepienybarno-podcast-scaled.jpg","download_link":"","player_link":"","audio_player":false,"episode_data":{"playerMode":"dark","subscribeUrls":[],"rssFeedUrl":"https:\/\/stepienybarno.es\/blog\/feed\/podcast\/podcast-de-stepienybarno","embedCode":"<blockquote class=\"wp-embedded-content\" data-secret=\"IBKG8LO0VP\"><a href=\"https:\/\/stepienybarno.es\/blog\/2014\/07\/23\/100-razones-por-las-que-contratar-a-un-arquitecto\/\">100 RAZONES POR LAS QUE CONTRATAR A UN ARQUITECTO<\/a><\/blockquote><iframe sandbox=\"allow-scripts\" security=\"restricted\" src=\"https:\/\/stepienybarno.es\/blog\/2014\/07\/23\/100-razones-por-las-que-contratar-a-un-arquitecto\/embed\/#?secret=IBKG8LO0VP\" width=\"500\" height=\"350\" title=\"\u00ab100 RAZONES POR LAS QUE CONTRATAR A UN ARQUITECTO\u00bb \u2014 Blog de STEPIEN Y BARNO - publicaci\u00f3n digital sobre arquitectura\" data-secret=\"IBKG8LO0VP\" frameborder=\"0\" marginwidth=\"0\" marginheight=\"0\" scrolling=\"no\" class=\"wp-embedded-content\"><\/iframe><script type=\"text\/javascript\">\n\/* <![CDATA[ *\/\n\/*! This file is auto-generated *\/\n!function(d,l){\"use strict\";l.querySelector&&d.addEventListener&&\"undefined\"!=typeof URL&&(d.wp=d.wp||{},d.wp.receiveEmbedMessage||(d.wp.receiveEmbedMessage=function(e){var t=e.data;if((t||t.secret||t.message||t.value)&&!\/[^a-zA-Z0-9]\/.test(t.secret)){for(var s,r,n,a=l.querySelectorAll('iframe[data-secret=\"'+t.secret+'\"]'),o=l.querySelectorAll('blockquote[data-secret=\"'+t.secret+'\"]'),c=new RegExp(\"^https?:$\",\"i\"),i=0;i<o.length;i++)o[i].style.display=\"none\";for(i=0;i<a.length;i++)s=a[i],e.source===s.contentWindow&&(s.removeAttribute(\"style\"),\"height\"===t.message?(1e3<(r=parseInt(t.value,10))?r=1e3:~~r<200&&(r=200),s.height=r):\"link\"===t.message&&(r=new URL(s.getAttribute(\"src\")),n=new URL(t.value),c.test(n.protocol))&&n.host===r.host&&l.activeElement===s&&(d.top.location.href=t.value))}},d.addEventListener(\"message\",d.wp.receiveEmbedMessage,!1),l.addEventListener(\"DOMContentLoaded\",function(){for(var e,t,s=l.querySelectorAll(\"iframe.wp-embedded-content\"),r=0;r<s.length;r++)(t=(e=s[r]).getAttribute(\"data-secret\"))||(t=Math.random().toString(36).substring(2,12),e.src+=\"#?secret=\"+t,e.setAttribute(\"data-secret\",t)),e.contentWindow.postMessage({message:\"ready\",secret:t},\"*\")},!1)))}(window,document);\n\/* ]]> *\/\n<\/script>\n"},"_links":{"self":[{"href":"https:\/\/stepienybarno.es\/blog\/wp-json\/wp\/v2\/posts\/14383"}],"collection":[{"href":"https:\/\/stepienybarno.es\/blog\/wp-json\/wp\/v2\/posts"}],"about":[{"href":"https:\/\/stepienybarno.es\/blog\/wp-json\/wp\/v2\/types\/post"}],"author":[{"embeddable":true,"href":"https:\/\/stepienybarno.es\/blog\/wp-json\/wp\/v2\/users\/2"}],"replies":[{"embeddable":true,"href":"https:\/\/stepienybarno.es\/blog\/wp-json\/wp\/v2\/comments?post=14383"}],"version-history":[{"count":15,"href":"https:\/\/stepienybarno.es\/blog\/wp-json\/wp\/v2\/posts\/14383\/revisions"}],"predecessor-version":[{"id":34972,"href":"https:\/\/stepienybarno.es\/blog\/wp-json\/wp\/v2\/posts\/14383\/revisions\/34972"}],"wp:attachment":[{"href":"https:\/\/stepienybarno.es\/blog\/wp-json\/wp\/v2\/media?parent=14383"}],"wp:term":[{"taxonomy":"category","embeddable":true,"href":"https:\/\/stepienybarno.es\/blog\/wp-json\/wp\/v2\/categories?post=14383"},{"taxonomy":"post_tag","embeddable":true,"href":"https:\/\/stepienybarno.es\/blog\/wp-json\/wp\/v2\/tags?post=14383"},{"taxonomy":"series","embeddable":true,"href":"https:\/\/stepienybarno.es\/blog\/wp-json\/wp\/v2\/series?post=14383"}],"curies":[{"name":"wp","href":"https:\/\/api.w.org\/{rel}","templated":true}]}}