{"id":14407,"date":"2014-07-28T10:27:36","date_gmt":"2014-07-28T08:27:36","guid":{"rendered":"https:\/\/www.stepienybarno.es\/blog\/?p=14407"},"modified":"2014-07-28T10:27:36","modified_gmt":"2014-07-28T08:27:36","slug":"paraty-house-marcio-kogan-architects","status":"publish","type":"post","link":"https:\/\/stepienybarno.es\/blog\/2014\/07\/28\/paraty-house-marcio-kogan-architects\/","title":{"rendered":"PARATY HOUSE MARCIO KOGAN ARCHITECTS"},"content":{"rendered":"<p style=\"text-align: center;\"><a href=\"https:\/\/stepienybarno.es\/blog\/wp-content\/uploads\/2014\/07\/Paraty-House-Marcio-Kogan-Architects-dsgnr-studio-stepienybarno.jpg\"><img loading=\"lazy\" decoding=\"async\" class=\"alignnone size-full wp-image-14408\" title=\"Paraty House- Marcio Kogan Architects-dsgnr studio-stepienybarno\" src=\"https:\/\/stepienybarno.es\/blog\/wp-content\/uploads\/2014\/07\/Paraty-House-Marcio-Kogan-Architects-dsgnr-studio-stepienybarno.jpg\" alt=\"Paraty House- Marcio Kogan Architects-dsgnr studio-stepienybarno\" width=\"350\" height=\"233\" srcset=\"https:\/\/stepienybarno.es\/blog\/wp-content\/uploads\/2014\/07\/Paraty-House-Marcio-Kogan-Architects-dsgnr-studio-stepienybarno.jpg 350w, https:\/\/stepienybarno.es\/blog\/wp-content\/uploads\/2014\/07\/Paraty-House-Marcio-Kogan-Architects-dsgnr-studio-stepienybarno-180x120.jpg 180w, https:\/\/stepienybarno.es\/blog\/wp-content\/uploads\/2014\/07\/Paraty-House-Marcio-Kogan-Architects-dsgnr-studio-stepienybarno-316x210.jpg 316w\" sizes=\"(max-width: 350px) 100vw, 350px\" \/><\/a><\/p>\n<p align=\"left\">Vivienda dise\u00f1ada por Marcio Kogan Architects.<\/p>\n<p align=\"left\"><!--more--><\/p>\n<p align=\"left\">\n<p>\u201c(\u2026) Consiste de dos cajas de concreto reforzado, que se sientan una encima de la otra, conectadas en la ladera de una de las islas de la ciudad colonial de Paraty y Angra dos Reis (entre S\u00e3o Paulo y R\u00edo de Janeiro), como dos prismas modernos entre las grandes piedras colosales de la costa brasile\u00f1a.\u201d<\/p>\n<p align=\"left\">\n<blockquote>\n<p style=\"text-align: center;\"><strong><a href=\"http:\/\/blogs.lavanguardia.com\/metamorfosis\/%25C2%25BFdonde-se-esconde-la-seguridad\/\">Acceder al art\u00edculo<\/a>.<\/strong><\/p>\n<\/blockquote>\n<p align=\"left\">\n<p align=\"left\">\n<p align=\"left\"><span style=\"color: #888888;\"><em>M\u00e1s informaci\u00f3n <a href=\"http:\/\/www.marciokogan.com.br\/\">Aqu\u00ed<\/a><\/em><\/span><\/p>\n<p align=\"left\"><span style=\"color: #888888;\"><em>Y si te gust\u00f3 la entrada, quiz\u00e1s quieras echar un ojo a nuestro Canal de arquitectura. <a href=\"https:\/\/stepienybarno.es\/blog\/category\/canal-de-arquitectura\/\">Acceder.<\/a><\/em><\/span><\/p>\n<p align=\"left\"><span style=\"color: #888888;\"><em> <\/em><\/span><\/p>\n<p align=\"left\"><span style=\"color: #888888;\"><em>Art\u00edculo seleccionado por el Canal de arquitectura STEPIENYBARNO.<\/em><\/span><\/p>\n<p align=\"left\"><a href=\"http:\/\/www.linkedin.com\/company\/stepienybarno\"><span style=\"color: #888888;\"><em>STEPIENYBARNO EN LINKEDIN<\/em><\/span><\/a><\/p>\n<p align=\"left\"><a href=\"http:\/\/twitter.com\/stepienybarno\/stepienybarno\"><span style=\"color: #888888;\"><em>STEPIENYBARNO EN TWITTER<\/em><\/span><\/a><\/p>\n<p align=\"left\"><a href=\"https:\/\/www.facebook.com\/StepienybarnoCANAL\"><span style=\"color: #888888;\"><em>STEPIENYBARNO EN FACEBOOK<\/em><\/span><\/a><\/p>\n<p align=\"left\"><span style=\"color: #888888;\"><em> <\/em><\/span><\/p>\n<p align=\"left\"><span style=\"color: #888888;\"><em>*Stepienybarno est\u00e1 formado por Agnieszka Stepien y Lorenzo Barn\u00f3 y desde mayo del 2009 estamos en la red con\u00a0 la presente publicaci\u00f3n digital (Blog) de arquitectura.<\/em><\/span><\/p>\n<p align=\"left\"><span style=\"color: #888888;\"><em>Nuestra actividad se sustenta en tres pilares b\u00e1sicos: la investigaci\u00f3n, la publicaci\u00f3n (comunicaci\u00f3n y difusi\u00f3n) y la redacci\u00f3n de proyectos de arquitectura.<\/em><\/span><\/p>\n<p align=\"left\"><span style=\"color: #888888;\"><em>A su vez, somos socios cofundadores de <a href=\"http:\/\/sinergiasostenible.org\/\">SINERGIA SOSTENIBLE<\/a> y redactores de <a href=\"http:\/\/www.laciudadviva.org\/blogs\/?author=45\">LA CIUDAD VIVA<\/a>.<\/em><\/span><\/p>\n","protected":false},"excerpt":{"rendered":"<p>Espectacular vivienda, dise\u00f1ada por Marcio Kogan Architects, que sale de la monta\u00f1a para fundirse con la playa.<\/p>\n<p>Desde Dsgnr studio<\/p>\n<p>(m\u00e1s&#8230;)<\/p>\n","protected":false},"author":2,"featured_media":0,"comment_status":"open","ping_status":"closed","sticky":false,"template":"","format":"standard","meta":{"om_disable_all_campaigns":false,"_monsterinsights_skip_tracking":false,"_monsterinsights_sitenote_active":false,"_monsterinsights_sitenote_note":"","_monsterinsights_sitenote_category":0,"_uf_show_specific_survey":0,"_uf_disable_surveys":false,"episode_type":"","audio_file":"","cover_image":"","cover_image_id":"","duration":"","filesize":"","date_recorded":"","explicit":"","block":"","filesize_raw":"","footnotes":""},"categories":[34,244],"tags":[3085],"series":[],"class_list":["post-14407","post","type-post","status-publish","format-standard","hentry","category-actualidad","category-canal-de-arquitectura","tag-marcio-kogan-architects"],"aioseo_notices":[],"episode_featured_image":false,"episode_player_image":"https:\/\/stepienybarno.es\/blog\/wp-content\/uploads\/2020\/11\/stepienybarno-podcast-scaled.jpg","download_link":"","player_link":"","audio_player":false,"episode_data":{"playerMode":"dark","subscribeUrls":[],"rssFeedUrl":"https:\/\/stepienybarno.es\/blog\/feed\/podcast\/podcast-de-stepienybarno","embedCode":"<blockquote class=\"wp-embedded-content\" data-secret=\"wkFl8J7Y4L\"><a href=\"https:\/\/stepienybarno.es\/blog\/2014\/07\/28\/paraty-house-marcio-kogan-architects\/\">PARATY HOUSE MARCIO KOGAN ARCHITECTS<\/a><\/blockquote><iframe sandbox=\"allow-scripts\" security=\"restricted\" src=\"https:\/\/stepienybarno.es\/blog\/2014\/07\/28\/paraty-house-marcio-kogan-architects\/embed\/#?secret=wkFl8J7Y4L\" width=\"500\" height=\"350\" title=\"\u00abPARATY HOUSE MARCIO KOGAN ARCHITECTS\u00bb \u2014 Blog de STEPIEN Y BARNO - publicaci\u00f3n digital sobre arquitectura\" data-secret=\"wkFl8J7Y4L\" frameborder=\"0\" marginwidth=\"0\" marginheight=\"0\" scrolling=\"no\" class=\"wp-embedded-content\"><\/iframe><script type=\"text\/javascript\">\n\/* <![CDATA[ *\/\n\/*! This file is auto-generated *\/\n!function(d,l){\"use strict\";l.querySelector&&d.addEventListener&&\"undefined\"!=typeof URL&&(d.wp=d.wp||{},d.wp.receiveEmbedMessage||(d.wp.receiveEmbedMessage=function(e){var t=e.data;if((t||t.secret||t.message||t.value)&&!\/[^a-zA-Z0-9]\/.test(t.secret)){for(var s,r,n,a=l.querySelectorAll('iframe[data-secret=\"'+t.secret+'\"]'),o=l.querySelectorAll('blockquote[data-secret=\"'+t.secret+'\"]'),c=new RegExp(\"^https?:$\",\"i\"),i=0;i<o.length;i++)o[i].style.display=\"none\";for(i=0;i<a.length;i++)s=a[i],e.source===s.contentWindow&&(s.removeAttribute(\"style\"),\"height\"===t.message?(1e3<(r=parseInt(t.value,10))?r=1e3:~~r<200&&(r=200),s.height=r):\"link\"===t.message&&(r=new URL(s.getAttribute(\"src\")),n=new URL(t.value),c.test(n.protocol))&&n.host===r.host&&l.activeElement===s&&(d.top.location.href=t.value))}},d.addEventListener(\"message\",d.wp.receiveEmbedMessage,!1),l.addEventListener(\"DOMContentLoaded\",function(){for(var e,t,s=l.querySelectorAll(\"iframe.wp-embedded-content\"),r=0;r<s.length;r++)(t=(e=s[r]).getAttribute(\"data-secret\"))||(t=Math.random().toString(36).substring(2,12),e.src+=\"#?secret=\"+t,e.setAttribute(\"data-secret\",t)),e.contentWindow.postMessage({message:\"ready\",secret:t},\"*\")},!1)))}(window,document);\n\/* ]]> *\/\n<\/script>\n"},"_links":{"self":[{"href":"https:\/\/stepienybarno.es\/blog\/wp-json\/wp\/v2\/posts\/14407"}],"collection":[{"href":"https:\/\/stepienybarno.es\/blog\/wp-json\/wp\/v2\/posts"}],"about":[{"href":"https:\/\/stepienybarno.es\/blog\/wp-json\/wp\/v2\/types\/post"}],"author":[{"embeddable":true,"href":"https:\/\/stepienybarno.es\/blog\/wp-json\/wp\/v2\/users\/2"}],"replies":[{"embeddable":true,"href":"https:\/\/stepienybarno.es\/blog\/wp-json\/wp\/v2\/comments?post=14407"}],"version-history":[{"count":2,"href":"https:\/\/stepienybarno.es\/blog\/wp-json\/wp\/v2\/posts\/14407\/revisions"}],"predecessor-version":[{"id":14410,"href":"https:\/\/stepienybarno.es\/blog\/wp-json\/wp\/v2\/posts\/14407\/revisions\/14410"}],"wp:attachment":[{"href":"https:\/\/stepienybarno.es\/blog\/wp-json\/wp\/v2\/media?parent=14407"}],"wp:term":[{"taxonomy":"category","embeddable":true,"href":"https:\/\/stepienybarno.es\/blog\/wp-json\/wp\/v2\/categories?post=14407"},{"taxonomy":"post_tag","embeddable":true,"href":"https:\/\/stepienybarno.es\/blog\/wp-json\/wp\/v2\/tags?post=14407"},{"taxonomy":"series","embeddable":true,"href":"https:\/\/stepienybarno.es\/blog\/wp-json\/wp\/v2\/series?post=14407"}],"curies":[{"name":"wp","href":"https:\/\/api.w.org\/{rel}","templated":true}]}}