{"id":14417,"date":"2014-07-31T08:06:38","date_gmt":"2014-07-31T06:06:38","guid":{"rendered":"https:\/\/www.stepienybarno.es\/blog\/?p=14417"},"modified":"2014-07-31T08:07:24","modified_gmt":"2014-07-31T06:07:24","slug":"casa-sofia","status":"publish","type":"post","link":"https:\/\/stepienybarno.es\/blog\/2014\/07\/31\/casa-sofia\/","title":{"rendered":"CASA SOF\u00cdA"},"content":{"rendered":"<p align=\"left\">\n<p align=\"left\">\n<p style=\"text-align: center;\"><a><img loading=\"lazy\" decoding=\"async\" class=\"alignnone size-medium wp-image-14416\" title=\"Casa Sof\u00eda-ROJO arquitectura \u2013 Daniel Ponce-Arturo Garc\u00eda_ stepienybarno\" src=\"https:\/\/stepienybarno.es\/blog\/wp-content\/uploads\/2014\/07\/Casa-Sof\u00eda-ROJO-arquitectura-\u2013-Daniel-Ponce-Arturo-Garc\u00eda_-stepienybarno--350x247.png\" alt=\"Casa Sof\u00eda-ROJO arquitectura \u2013 Daniel Ponce-Arturo Garc\u00eda_ stepienybarno\" width=\"350\" height=\"247\" \/><\/a><\/p>\n<p align=\"left\">\n<p align=\"left\">En Construcci\u00f3n: Casa Sof\u00eda \/ ROJO arquitectura \u2013 Daniel Ponce, Arturo Garc\u00eda<\/p>\n<p align=\"left\"><!--more--><\/p>\n<p align=\"left\">\n<p align=\"left\">\u201cLa casa se distribuye en tres niveles, el primero de ellos el s\u00f3tano en el cual se encuentran el garaje, el cuarto de visitas, el sal\u00f3n de juegos y el cuarto de servicio; el segundo la planta baja en el cual se encuentran la estancia, el comedor, la cocina, el estudio, un medio ba\u00f1o y el jard\u00edn; el tercero el primer nivel en el cual se encuentran dos habitaciones con vestidor y ba\u00f1o, el family room y medio nivel arriba se encuentra la recamara principal tambi\u00e9n con vestidor y ba\u00f1o; y por \u00faltimo el la azotea se encuentra una terraza con las mejores vistas de la casa.\u201d<\/p>\n<p align=\"left\">\n<blockquote>\n<p align=\"left\"><strong>Acceder a la informaci\u00f3n, <a href=\"http:\/\/www.plataformaarquitectura.cl\/2012\/03\/02\/en-construccion-casa-sofia-rojo-arquitectura-daniel-ponce-arturo-garcia\/\">aqu\u00ed.<\/a><\/strong><\/p>\n<\/blockquote>\n<p align=\"left\">\n<p align=\"left\"><span style=\"color: #999999;\"><em>Noticia seleccionada por el Canal de arquitectura STEPIENYBARNO.<\/em><\/span><\/p>\n<p align=\"left\"><a href=\"http:\/\/www.linkedin.com\/company\/stepienybarno\"><span style=\"color: #999999;\"><em>STEPIENYBARNO EN LINKEDIN<\/em><\/span><\/a><\/p>\n<p align=\"left\"><a href=\"http:\/\/twitter.com\/stepienybarno\/stepienybarno\"><span style=\"color: #999999;\"><em>STEPIENYBARNO EN TWITTER<\/em><\/span><\/a><\/p>\n<p align=\"left\"><a href=\"https:\/\/www.facebook.com\/pages\/BLOG-DE-STEPIENYBARNO\/78001079029\"><span style=\"color: #999999;\"><em>STEPIENYBARNO EN FACEBOOK<\/em><\/span><\/a><\/p>\n<p align=\"left\"><span style=\"font-size: 13px;\"><span style=\"color: #999999;\"><em>*Stepienybarno est\u00e1 formado por Agnieszka Stepien y Lorenzo Barn\u00f3 y desde mayo del 2009 estamos en la red con\u00a0 la presente publicaci\u00f3n digital (Blog) de arquitectura.<\/em><\/span><\/span><\/p>\n<p align=\"left\"><span style=\"color: #999999;\"><em>Nuestra actividad se sustenta en tres pilares b\u00e1sicos: la investigaci\u00f3n, la publicaci\u00f3n (comunicaci\u00f3n y difusi\u00f3n) y la redacci\u00f3n de proyectos de arquitectura.<\/em><\/span><\/p>\n<p align=\"left\"><span style=\"color: #999999;\"><em>A su vez, somos socios cofundadores de <a href=\"http:\/\/sinergiasostenible.org\/\">SINERGIA SOSTENIBLE<\/a> y redactores de <a href=\"http:\/\/www.laciudadviva.org\/blogs\/?author=45\">LA CIUDAD VIVA<\/a>.<\/em><\/span><\/p>\n<p align=\"left\"><span style=\"font-size: 13px;\"><span style=\"color: #999999;\"><em>* Los editores de esta publicaci\u00f3n digital no nos hacemos cargo de de los comentarios y\u00a0 conceptos vertidos en los textos firmados por otras personas, siendo \u00e9stos de responsabilidad exclusiva de sus autores.<\/em><\/span><\/span><\/p>\n<p align=\"left\"><span style=\"font-size: 13px;\"><span style=\"color: #999999;\"><em>* Tu comentario podr\u00e1 ser moderado, por lo tanto, aunque aparezca inmediatamente al ser publicado en la entrada, los editores de esta publicaci\u00f3n digital nos reservamos el derecho tanto de editarlo (si fuera necesario, para hacerlo m\u00e1s legible) como de eliminarlo en el caso de que se usen expresiones incorrectas (descalificaciones, palabras malsonantes\u2026). A su vez, si quieres comentar desde el anonimato puedes hacerlo, aunque, nosotros personalmente, agradecemos que tod@s nos podamos identificar.<\/em><\/span><\/span><\/p>\n<p style=\"text-align: center;\"><span style=\"font-size: 13px;\"><span style=\"color: #999999;\"><em><a><img loading=\"lazy\" decoding=\"async\" class=\"alignnone size-medium wp-image-14419\" title=\"Casa Sof\u00eda-ROJO arquitectura \u2013 Daniel Ponce-Arturo Garc\u00eda_ stepienybarno\" src=\"https:\/\/stepienybarno.es\/blog\/wp-content\/uploads\/2014\/07\/Casa-Sof\u00eda-ROJO-arquitectura-\u2013-Daniel-Ponce-Arturo-Garc\u00eda_-stepienybarno-1-350x247.png\" alt=\"Casa Sof\u00eda-ROJO arquitectura \u2013 Daniel Ponce-Arturo Garc\u00eda_ stepienybarno\" width=\"350\" height=\"247\" \/><\/a><\/em><\/span><\/span><\/p>\n<p align=\"left\"><span style=\"font-size: 13px;\"><br \/>\n<\/span><\/p>\n","protected":false},"excerpt":{"rendered":"<p>En Construcci\u00f3n: Casa Sof\u00eda \/ ROJO arquitectura \u2013 Daniel Ponce,<\/p>\n","protected":false},"author":2,"featured_media":0,"comment_status":"open","ping_status":"closed","sticky":false,"template":"","format":"standard","meta":{"om_disable_all_campaigns":false,"_monsterinsights_skip_tracking":false,"_monsterinsights_sitenote_active":false,"_monsterinsights_sitenote_note":"","_monsterinsights_sitenote_category":0,"_uf_show_specific_survey":0,"_uf_disable_surveys":false,"episode_type":"","audio_file":"","cover_image":"","cover_image_id":"","duration":"","filesize":"","date_recorded":"","explicit":"","block":"","filesize_raw":"","footnotes":""},"categories":[244],"tags":[3088,3087,3086],"series":[],"class_list":["post-14417","post","type-post","status-publish","format-standard","hentry","category-canal-de-arquitectura","tag-arturo-garcia","tag-daniel-ponce","tag-rojo-arquitectura"],"aioseo_notices":[],"episode_featured_image":false,"episode_player_image":"https:\/\/stepienybarno.es\/blog\/wp-content\/uploads\/2020\/11\/stepienybarno-podcast-scaled.jpg","download_link":"","player_link":"","audio_player":false,"episode_data":{"playerMode":"dark","subscribeUrls":[],"rssFeedUrl":"https:\/\/stepienybarno.es\/blog\/feed\/podcast\/podcast-de-stepienybarno","embedCode":"<blockquote class=\"wp-embedded-content\" data-secret=\"MjIuiX8Gcx\"><a href=\"https:\/\/stepienybarno.es\/blog\/2014\/07\/31\/casa-sofia\/\">CASA SOF\u00cdA<\/a><\/blockquote><iframe sandbox=\"allow-scripts\" security=\"restricted\" src=\"https:\/\/stepienybarno.es\/blog\/2014\/07\/31\/casa-sofia\/embed\/#?secret=MjIuiX8Gcx\" width=\"500\" height=\"350\" title=\"\u00abCASA SOF\u00cdA\u00bb \u2014 Blog de STEPIEN Y BARNO - publicaci\u00f3n digital sobre arquitectura\" data-secret=\"MjIuiX8Gcx\" frameborder=\"0\" marginwidth=\"0\" marginheight=\"0\" scrolling=\"no\" class=\"wp-embedded-content\"><\/iframe><script type=\"text\/javascript\">\n\/* <![CDATA[ *\/\n\/*! This file is auto-generated *\/\n!function(d,l){\"use strict\";l.querySelector&&d.addEventListener&&\"undefined\"!=typeof URL&&(d.wp=d.wp||{},d.wp.receiveEmbedMessage||(d.wp.receiveEmbedMessage=function(e){var t=e.data;if((t||t.secret||t.message||t.value)&&!\/[^a-zA-Z0-9]\/.test(t.secret)){for(var s,r,n,a=l.querySelectorAll('iframe[data-secret=\"'+t.secret+'\"]'),o=l.querySelectorAll('blockquote[data-secret=\"'+t.secret+'\"]'),c=new RegExp(\"^https?:$\",\"i\"),i=0;i<o.length;i++)o[i].style.display=\"none\";for(i=0;i<a.length;i++)s=a[i],e.source===s.contentWindow&&(s.removeAttribute(\"style\"),\"height\"===t.message?(1e3<(r=parseInt(t.value,10))?r=1e3:~~r<200&&(r=200),s.height=r):\"link\"===t.message&&(r=new URL(s.getAttribute(\"src\")),n=new URL(t.value),c.test(n.protocol))&&n.host===r.host&&l.activeElement===s&&(d.top.location.href=t.value))}},d.addEventListener(\"message\",d.wp.receiveEmbedMessage,!1),l.addEventListener(\"DOMContentLoaded\",function(){for(var e,t,s=l.querySelectorAll(\"iframe.wp-embedded-content\"),r=0;r<s.length;r++)(t=(e=s[r]).getAttribute(\"data-secret\"))||(t=Math.random().toString(36).substring(2,12),e.src+=\"#?secret=\"+t,e.setAttribute(\"data-secret\",t)),e.contentWindow.postMessage({message:\"ready\",secret:t},\"*\")},!1)))}(window,document);\n\/* ]]> *\/\n<\/script>\n"},"_links":{"self":[{"href":"https:\/\/stepienybarno.es\/blog\/wp-json\/wp\/v2\/posts\/14417"}],"collection":[{"href":"https:\/\/stepienybarno.es\/blog\/wp-json\/wp\/v2\/posts"}],"about":[{"href":"https:\/\/stepienybarno.es\/blog\/wp-json\/wp\/v2\/types\/post"}],"author":[{"embeddable":true,"href":"https:\/\/stepienybarno.es\/blog\/wp-json\/wp\/v2\/users\/2"}],"replies":[{"embeddable":true,"href":"https:\/\/stepienybarno.es\/blog\/wp-json\/wp\/v2\/comments?post=14417"}],"version-history":[{"count":3,"href":"https:\/\/stepienybarno.es\/blog\/wp-json\/wp\/v2\/posts\/14417\/revisions"}],"predecessor-version":[{"id":14421,"href":"https:\/\/stepienybarno.es\/blog\/wp-json\/wp\/v2\/posts\/14417\/revisions\/14421"}],"wp:attachment":[{"href":"https:\/\/stepienybarno.es\/blog\/wp-json\/wp\/v2\/media?parent=14417"}],"wp:term":[{"taxonomy":"category","embeddable":true,"href":"https:\/\/stepienybarno.es\/blog\/wp-json\/wp\/v2\/categories?post=14417"},{"taxonomy":"post_tag","embeddable":true,"href":"https:\/\/stepienybarno.es\/blog\/wp-json\/wp\/v2\/tags?post=14417"},{"taxonomy":"series","embeddable":true,"href":"https:\/\/stepienybarno.es\/blog\/wp-json\/wp\/v2\/series?post=14417"}],"curies":[{"name":"wp","href":"https:\/\/api.w.org\/{rel}","templated":true}]}}