{"id":14432,"date":"2014-08-11T11:03:27","date_gmt":"2014-08-11T09:03:27","guid":{"rendered":"https:\/\/www.stepienybarno.es\/blog\/?p=14432"},"modified":"2014-08-11T11:03:27","modified_gmt":"2014-08-11T09:03:27","slug":"estate-in-extremadura","status":"publish","type":"post","link":"https:\/\/stepienybarno.es\/blog\/2014\/08\/11\/estate-in-extremadura\/","title":{"rendered":"ESTATE IN EXTREMADURA"},"content":{"rendered":"<p style=\"text-align: center;\"><a href=\"https:\/\/stepienybarno.es\/blog\/wp-content\/uploads\/2014\/08\/Estate-In-Extremadura-\u00c1baton-Architects-Arch-daily_Stepienybarno.jpg\"><img loading=\"lazy\" decoding=\"async\" class=\"alignnone size-full wp-image-14433\" title=\"Estate In Extremadura-\u00c1baton Architects-Arch daily_Stepienybarno\" src=\"https:\/\/stepienybarno.es\/blog\/wp-content\/uploads\/2014\/08\/Estate-In-Extremadura-\u00c1baton-Architects-Arch-daily_Stepienybarno.jpg\" alt=\"Estate In Extremadura-\u00c1baton Architects-Arch daily_Stepienybarno\" width=\"350\" height=\"372\" srcset=\"https:\/\/stepienybarno.es\/blog\/wp-content\/uploads\/2014\/08\/Estate-In-Extremadura-\u00c1baton-Architects-Arch-daily_Stepienybarno.jpg 350w, https:\/\/stepienybarno.es\/blog\/wp-content\/uploads\/2014\/08\/Estate-In-Extremadura-\u00c1baton-Architects-Arch-daily_Stepienybarno-169x180.jpg 169w, https:\/\/stepienybarno.es\/blog\/wp-content\/uploads\/2014\/08\/Estate-In-Extremadura-\u00c1baton-Architects-Arch-daily_Stepienybarno-316x336.jpg 316w\" sizes=\"(max-width: 350px) 100vw, 350px\" \/><\/a><\/p>\n<p>Rehabilitaci\u00f3n de un peque\u00f1o establo para convertirlo en vivienda, obra de \u00c1baton Architects.<\/p>\n<p><!--more--><\/p>\n<p align=\"left\"><em style=\"font-size: 13px;\">\u201c(\u2026) Situado en un entorno privilegiado de la provincia de C\u00e1ceres, el objetivo era transformar un establo abandonado en una casa de familia a renovar por completo de una manera que fuese coherente y respetuosa con el medio ambiente.\u201d<\/em><\/p>\n<blockquote>\n<p style=\"text-align: center;\"><a href=\"http:\/\/www.archdaily.com\/209535\/estate-in-extremadura-abaton-architects\/\"><strong>Acceder al art\u00edculo.<\/strong><\/a><\/p>\n<\/blockquote>\n<p align=\"left\">\n<p><span style=\"color: #999999;\"><em>* Si te apetece <strong>compartir este post<\/strong> en cualquier otro medio, estaremos encantados de que lo hagas.<\/em><\/span><\/p>\n<p align=\"left\"><span style=\"color: #999999;\"><em>Y si te gust\u00f3 la entrada, quiz\u00e1s quieras echar un ojo a nuestro Canal de arquitectura. <a href=\"https:\/\/stepienybarno.es\/blog\/category\/canal-de-arquitectura\/\">Acceder.<\/a><\/em><\/span><\/p>\n<p align=\"left\"><span style=\"color: #999999;\"><em>Art\u00edculo seleccionado por el Canal de arquitectura STEPIENYBARNO.<\/em><\/span><\/p>\n<p align=\"left\"><a href=\"http:\/\/www.linkedin.com\/company\/stepienybarno\"><span style=\"color: #999999;\"><em>STEPIENYBARNO EN LINKEDIN<\/em><\/span><\/a><\/p>\n<p align=\"left\"><a href=\"http:\/\/twitter.com\/stepienybarno\/stepienybarno\"><span style=\"color: #999999;\"><em>STEPIENYBARNO EN TWITTER<\/em><\/span><\/a><\/p>\n<p align=\"left\"><a href=\"https:\/\/www.facebook.com\/pages\/BLOG-DE-STEPIENYBARNO\/78001079029\"><span style=\"color: #999999;\"><em>STEPIENYBARNO EN FACEBOOK<\/em><\/span><\/a><\/p>\n<p align=\"left\"><span style=\"color: #999999;\"><em>*Stepienybarno est\u00e1 formado por Agnieszka Stepien y Lorenzo Barn\u00f3 y desde mayo del 2009 estamos en la red con\u00a0 la presente publicaci\u00f3n digital (Blog) de arquitectura.<\/em><\/span><\/p>\n<p align=\"left\"><span style=\"color: #999999;\"><em>Nuestra actividad se sustenta en tres pilares b\u00e1sicos: la investigaci\u00f3n, la publicaci\u00f3n (comunicaci\u00f3n y difusi\u00f3n) y la redacci\u00f3n de proyectos de arquitectura.<\/em><\/span><\/p>\n<p align=\"left\"><span style=\"color: #999999;\"><em>A su vez, somos socios cofundadores de <a href=\"http:\/\/sinergiasostenible.org\/\">SINERGIA SOSTENIBLE<\/a> y redactores de <a href=\"http:\/\/www.laciudadviva.org\/blogs\/?author=45\">LA CIUDAD VIVA<\/a>.<\/em><\/span><\/p>\n<p align=\"left\"><span style=\"color: #999999;\"><em>* Los editores de esta publicaci\u00f3n digital no nos hacemos cargo de de los comentarios y\u00a0 conceptos vertidos en los textos firmados por otras personas, siendo \u00e9stos de responsabilidad exclusiva de sus autores.<\/em><\/span><\/p>\n<p><span style=\"color: #999999;\"><em>* Tu comentario pudiera ser moderado, por lo tanto, aunque aparezca inmediatamente al ser publicado en la entrada, los editores de esta publicaci\u00f3n digital nos reservamos el derecho tanto de editarlo (si fuera necesario, para hacerlo m\u00e1s legible) como de eliminarlo en el caso de que se usen expresiones incorrectas (descalificaciones, palabras malsonantes\u2026). A su vez, si quieres comentar desde el anonimato puedes hacerlo, aunque, nosotros personalmente, agradecemos que tod@s nos podamos identificar.<\/em><\/span><\/p>\n<p align=\"left\"><span style=\"color: #999999;\"><em>* Entrada editada en colaboraci\u00f3n con Uxua Dombl\u00e1s.<\/em><\/span><\/p>\n","protected":false},"excerpt":{"rendered":"<p>Rehabilitaci\u00f3n de un peque\u00f1o establo para convertirlo en vivienda, obra de \u00c1baton Architects.<\/p>\n<p>(m\u00e1s&#8230;)<\/p>\n","protected":false},"author":2,"featured_media":0,"comment_status":"open","ping_status":"closed","sticky":false,"template":"","format":"standard","meta":{"om_disable_all_campaigns":false,"_monsterinsights_skip_tracking":false,"_monsterinsights_sitenote_active":false,"_monsterinsights_sitenote_note":"","_monsterinsights_sitenote_category":0,"_uf_show_specific_survey":0,"_uf_disable_surveys":false,"episode_type":"","audio_file":"","cover_image":"","cover_image_id":"","duration":"","filesize":"","date_recorded":"","explicit":"","block":"","filesize_raw":"","footnotes":""},"categories":[244],"tags":[3093],"series":[],"class_list":["post-14432","post","type-post","status-publish","format-standard","hentry","category-canal-de-arquitectura","tag-abaton-architects"],"aioseo_notices":[],"episode_featured_image":false,"episode_player_image":"https:\/\/stepienybarno.es\/blog\/wp-content\/uploads\/2020\/11\/stepienybarno-podcast-scaled.jpg","download_link":"","player_link":"","audio_player":false,"episode_data":{"playerMode":"dark","subscribeUrls":[],"rssFeedUrl":"https:\/\/stepienybarno.es\/blog\/feed\/podcast\/podcast-de-stepienybarno","embedCode":"<blockquote class=\"wp-embedded-content\" data-secret=\"LwpqpPgq0u\"><a href=\"https:\/\/stepienybarno.es\/blog\/2014\/08\/11\/estate-in-extremadura\/\">ESTATE IN EXTREMADURA<\/a><\/blockquote><iframe sandbox=\"allow-scripts\" security=\"restricted\" src=\"https:\/\/stepienybarno.es\/blog\/2014\/08\/11\/estate-in-extremadura\/embed\/#?secret=LwpqpPgq0u\" width=\"500\" height=\"350\" title=\"\u00abESTATE IN EXTREMADURA\u00bb \u2014 Blog de STEPIEN Y BARNO - publicaci\u00f3n digital sobre arquitectura\" data-secret=\"LwpqpPgq0u\" frameborder=\"0\" marginwidth=\"0\" marginheight=\"0\" scrolling=\"no\" class=\"wp-embedded-content\"><\/iframe><script type=\"text\/javascript\">\n\/* <![CDATA[ *\/\n\/*! This file is auto-generated *\/\n!function(d,l){\"use strict\";l.querySelector&&d.addEventListener&&\"undefined\"!=typeof URL&&(d.wp=d.wp||{},d.wp.receiveEmbedMessage||(d.wp.receiveEmbedMessage=function(e){var t=e.data;if((t||t.secret||t.message||t.value)&&!\/[^a-zA-Z0-9]\/.test(t.secret)){for(var s,r,n,a=l.querySelectorAll('iframe[data-secret=\"'+t.secret+'\"]'),o=l.querySelectorAll('blockquote[data-secret=\"'+t.secret+'\"]'),c=new RegExp(\"^https?:$\",\"i\"),i=0;i<o.length;i++)o[i].style.display=\"none\";for(i=0;i<a.length;i++)s=a[i],e.source===s.contentWindow&&(s.removeAttribute(\"style\"),\"height\"===t.message?(1e3<(r=parseInt(t.value,10))?r=1e3:~~r<200&&(r=200),s.height=r):\"link\"===t.message&&(r=new URL(s.getAttribute(\"src\")),n=new URL(t.value),c.test(n.protocol))&&n.host===r.host&&l.activeElement===s&&(d.top.location.href=t.value))}},d.addEventListener(\"message\",d.wp.receiveEmbedMessage,!1),l.addEventListener(\"DOMContentLoaded\",function(){for(var e,t,s=l.querySelectorAll(\"iframe.wp-embedded-content\"),r=0;r<s.length;r++)(t=(e=s[r]).getAttribute(\"data-secret\"))||(t=Math.random().toString(36).substring(2,12),e.src+=\"#?secret=\"+t,e.setAttribute(\"data-secret\",t)),e.contentWindow.postMessage({message:\"ready\",secret:t},\"*\")},!1)))}(window,document);\n\/* ]]> *\/\n<\/script>\n"},"_links":{"self":[{"href":"https:\/\/stepienybarno.es\/blog\/wp-json\/wp\/v2\/posts\/14432"}],"collection":[{"href":"https:\/\/stepienybarno.es\/blog\/wp-json\/wp\/v2\/posts"}],"about":[{"href":"https:\/\/stepienybarno.es\/blog\/wp-json\/wp\/v2\/types\/post"}],"author":[{"embeddable":true,"href":"https:\/\/stepienybarno.es\/blog\/wp-json\/wp\/v2\/users\/2"}],"replies":[{"embeddable":true,"href":"https:\/\/stepienybarno.es\/blog\/wp-json\/wp\/v2\/comments?post=14432"}],"version-history":[{"count":2,"href":"https:\/\/stepienybarno.es\/blog\/wp-json\/wp\/v2\/posts\/14432\/revisions"}],"predecessor-version":[{"id":14435,"href":"https:\/\/stepienybarno.es\/blog\/wp-json\/wp\/v2\/posts\/14432\/revisions\/14435"}],"wp:attachment":[{"href":"https:\/\/stepienybarno.es\/blog\/wp-json\/wp\/v2\/media?parent=14432"}],"wp:term":[{"taxonomy":"category","embeddable":true,"href":"https:\/\/stepienybarno.es\/blog\/wp-json\/wp\/v2\/categories?post=14432"},{"taxonomy":"post_tag","embeddable":true,"href":"https:\/\/stepienybarno.es\/blog\/wp-json\/wp\/v2\/tags?post=14432"},{"taxonomy":"series","embeddable":true,"href":"https:\/\/stepienybarno.es\/blog\/wp-json\/wp\/v2\/series?post=14432"}],"curies":[{"name":"wp","href":"https:\/\/api.w.org\/{rel}","templated":true}]}}