{"id":14458,"date":"2014-08-14T10:05:55","date_gmt":"2014-08-14T08:05:55","guid":{"rendered":"https:\/\/www.stepienybarno.es\/blog\/?p=14458"},"modified":"2014-08-14T10:06:32","modified_gmt":"2014-08-14T08:06:32","slug":"voiture-minimum-le-corbusier-y-el-automovil","status":"publish","type":"post","link":"https:\/\/stepienybarno.es\/blog\/2014\/08\/14\/voiture-minimum-le-corbusier-y-el-automovil\/","title":{"rendered":"VOITURE MINIMUM: LE CORBUSIER Y EL AUTOM\u00d3VIL"},"content":{"rendered":"<p style=\"text-align: center;\"><em><span style=\"color: #808080;\"><span style=\"font-family: Arial, Verdana, Tahoma, 'Lucida Sans Unicode', 'Lucida Grande', Lucida, sans-serif;\"><span style=\"font-size: 9pt;\"><span style=\"font-style: normal;\"><span style=\"font-weight: normal;\"><a href=\"https:\/\/stepienybarno.es\/blog\/wp-content\/uploads\/2014\/08\/Voiture-Minimum-Le-Corbusier-y-el-autom\u00f3vil-.jpg\"><img loading=\"lazy\" decoding=\"async\" class=\"alignnone size-full wp-image-14457\" title=\"Voiture Minimum- Le Corbusier y el autom\u00f3vil\" src=\"https:\/\/stepienybarno.es\/blog\/wp-content\/uploads\/2014\/08\/Voiture-Minimum-Le-Corbusier-y-el-autom\u00f3vil-.jpg\" alt=\"Voiture Minimum- Le Corbusier y el autom\u00f3vil\" width=\"210\" height=\"290\" srcset=\"https:\/\/stepienybarno.es\/blog\/wp-content\/uploads\/2014\/08\/Voiture-Minimum-Le-Corbusier-y-el-autom\u00f3vil-.jpg 210w, https:\/\/stepienybarno.es\/blog\/wp-content\/uploads\/2014\/08\/Voiture-Minimum-Le-Corbusier-y-el-autom\u00f3vil--130x180.jpg 130w\" sizes=\"(max-width: 210px) 100vw, 210px\" \/><\/a><\/span><\/span><\/span><\/span><\/span><\/em><\/p>\n<h5 style=\"margin-top: 0.13cm; margin-bottom: 0cm; border: none; padding: 0cm; font-weight: normal; line-height: 0.42cm;\"><span style=\"color: #808080;\"><span style=\"font-family: Arial, Verdana, Tahoma, 'Lucida Sans Unicode', 'Lucida Grande', Lucida, sans-serif;\">Por Antonio Amado Lorenzo<\/span><\/span><\/h5>\n<p><span style=\"color: #808080;\"><span style=\"font-family: Arial, Verdana, Tahoma, 'Lucida Sans Unicode', 'Lucida Grande', Lucida, sans-serif;\"><!--more--><br \/>\n<\/span><\/span><\/p>\n<p style=\"margin-top: 0.13cm; margin-bottom: 0cm; border: none; padding: 0cm; line-height: 0.42cm;\">\n<p style=\"margin-top: 0.13cm; margin-bottom: 0cm; border: none; padding: 0cm; line-height: 0.42cm;\"><span style=\"color: #808080;\">\u201c<\/span><span style=\"color: #808080;\"><span style=\"font-family: Arial, Verdana, Tahoma, 'Lucida Sans Unicode', 'Lucida Grande', Lucida, sans-serif;\">(&#8230;) <\/span><\/span><span style=\"color: #333333;\"><span style=\"font-family: Arial, Verdana, Tahoma, 'Lucida Sans Unicode', 'Lucida Grande', Lucida, sans-serif;\"><span style=\"font-size: 9pt;\">Este volumen trata de reunir toda la documentaci\u00f3n de inter\u00e9s recopilada y relacionada con el \u00abVoiture Minimum\u00bb: planos, cartas, im\u00e1genes u opiniones de otros autores, junto a las interpretaciones del autor, para reconstruir por completo la historia de este extra\u00f1o autom\u00f3vil con apariencia de c\u00edclope mec\u00e1nico. El libro est\u00e1 organizado en dos partes claramente diferenciadas, la primera, pone en antecedentes al lector sobre temas que deber\u00e1 tener en cuenta para comprender la segunda parte, enfocada por completo en el \u00abVoiture Minimum\u00bb, objetivo prioritario del libro. <\/span><\/span><\/span><br \/>\n<span style=\"color: #333333;\"><span style=\"font-family: Arial, Verdana, Tahoma, 'Lucida Sans Unicode', 'Lucida Grande', Lucida, sans-serif;\"><span style=\"font-size: 9pt;\">Por otra parte, esta segunda versi\u00f3n del libro -en espa\u00f1ol-, ha permitido al autor revisar y ampliar la documentaci\u00f3n expuesta en la primera, publicada en 2011 -en lengua inglesa-, por The MIT Press, editorial del Massachusetts Institute of Technology.\u201d<\/span><\/span><\/span><\/p>\n<p style=\"margin-top: 0.13cm; margin-bottom: 0cm; border: none; padding: 0cm; line-height: 0.42cm;\">\n<p style=\"margin-top: 0.13cm; margin-bottom: 0cm; border: none; padding: 0cm; line-height: 0.42cm;\"><span style=\"color: #333333;\"><span style=\"font-family: Arial, Verdana, Tahoma, 'Lucida Sans Unicode', 'Lucida Grande', Lucida, sans-serif;\"><span style=\"font-size: 9pt;\">Acceder: <a href=\"https:\/\/editorial.csic.es\/publicaciones\/libros\/12331\/0\/voiture-minimum-le-corbusier-y-el-automovil.html\">https:\/\/editorial.csic.es\/publicaciones\/libros\/12331\/0\/voiture-minimum-le-corbusier-y-el-automovil.html<\/a><\/span><\/span><\/span><\/p>\n<p style=\"margin-top: 0.26cm; margin-bottom: 0.26cm; border: none; padding: 0cm;\" align=\"LEFT\">\n<p style=\"margin-top: 0.26cm; margin-bottom: 0.26cm; border: none; padding: 0cm;\" align=\"LEFT\"><em><span style=\"color: #888888;\"><span style=\"font-family: arial, sans-serif;\"><span style=\"font-size: 9pt;\"><span style=\"font-style: normal;\">Noticia seleccionada por el Canal de arquitectura STEPIENYBARNO.<\/span><\/span><\/span><\/span><\/em><\/p>\n<p style=\"margin-top: 0.26cm; margin-bottom: 0.26cm; border: none; padding: 0cm;\" align=\"LEFT\"><em><a href=\"https:\/\/twitter.com\/stepienybarno\"><span style=\"color: #888888;\"><span style=\"text-decoration: none;\"><span style=\"font-family: arial, sans-serif;\"><span style=\"font-size: 9pt;\"><span style=\"font-style: normal;\">STEPIENYBARNO EN TWITTER _ @stepienybarno<\/span><\/span><\/span><\/span><\/span><\/a><\/em><\/p>\n<p style=\"margin-top: 0.26cm; margin-bottom: 0.26cm; border: none; padding: 0cm;\" align=\"LEFT\"><em><a href=\"http:\/\/www.linkedin.com\/company\/stepienybarno\"><span style=\"color: #888888;\"><span style=\"text-decoration: none;\"><span style=\"font-family: arial, sans-serif;\"><span style=\"font-size: 9pt;\"><span style=\"font-style: normal;\">STEPIENYBARNO EN LINKEDIN<\/span><\/span><\/span><\/span><\/span><\/a><\/em><\/p>\n<p style=\"margin-top: 0.26cm; margin-bottom: 0.26cm; border: none; padding: 0cm;\" align=\"LEFT\"><em><a href=\"https:\/\/www.facebook.com\/pages\/BLOG-DE-STEPIENYBARNO\/78001079029\"><span style=\"color: #888888;\"><span style=\"text-decoration: none;\"><span style=\"font-family: arial, sans-serif;\"><span style=\"font-size: 9pt;\"><span style=\"font-style: normal;\">STEPIENYBARNO EN FACEBOOK<\/span><\/span><\/span><\/span><\/span><\/a><\/em><\/p>\n<p style=\"margin-top: 0.26cm; margin-bottom: 0.26cm; border: none; padding: 0cm;\" align=\"LEFT\"><em><span style=\"color: #888888;\"><span style=\"font-family: arial, sans-serif;\"><span style=\"font-size: 9pt;\"><span style=\"font-style: normal;\">*Stepienybarno est\u00e1 formado por Agnieszka Stepien y Lorenzo Barn\u00f3 y desde mayo del 2009 estamos en la red con\u00a0 la presente publicaci\u00f3n digital (Blog) de arquitectura.<\/span><\/span><\/span><\/span><\/em><\/p>\n<p style=\"margin-top: 0.26cm; margin-bottom: 0.26cm; border: none; padding: 0cm;\" align=\"LEFT\"><em><span style=\"color: #888888;\"><span style=\"font-family: arial, sans-serif;\"><span style=\"font-size: 9pt;\"><span style=\"font-style: normal;\">Nuestra actividad se sustenta en tres pilares b\u00e1sicos: la investigaci\u00f3n, la publicaci\u00f3n (comunicaci\u00f3n y difusi\u00f3n) y la redacci\u00f3n de proyectos de arquitectura.<\/span><\/span><\/span><\/span><\/em><\/p>\n<p style=\"margin-top: 0.26cm; margin-bottom: 0.26cm; border: none; padding: 0cm;\" align=\"LEFT\"><em><span style=\"color: #888888;\"><span style=\"font-family: arial, sans-serif;\"><span style=\"font-size: 9pt;\"><span style=\"font-style: normal;\">A su vez, somos socios cofundadores de <\/span><\/span><\/span><\/span><\/em><em><a href=\"http:\/\/sinergiasostenible.org\/\"><span style=\"color: #5e5e5e;\"><span style=\"text-decoration: none;\"><span style=\"font-family: arial, sans-serif;\"><span style=\"font-size: 9pt;\"><span style=\"font-style: normal;\">SINERGIA SOSTENIBLE<\/span><\/span><\/span><\/span><\/span><\/a><\/em><em><span style=\"color: #888888;\"><span style=\"font-family: arial, sans-serif;\"><span style=\"font-size: 9pt;\"><span style=\"font-style: normal;\"> y redactores de <\/span><\/span><\/span><\/span><\/em><em><a href=\"http:\/\/www.laciudadviva.org\/blogs\/?author=45\"><span style=\"color: #5e5e5e;\"><span style=\"text-decoration: none;\"><span style=\"font-family: arial, sans-serif;\"><span style=\"font-size: 9pt;\"><span style=\"font-style: normal;\">LA CIUDAD VIVA<\/span><\/span><\/span><\/span><\/span><\/a><\/em><em><span style=\"color: #888888;\"><span style=\"font-family: arial, sans-serif;\"><span style=\"font-size: 9pt;\"><span style=\"font-style: normal;\">.<\/span><\/span><\/span><\/span><\/em><\/p>\n<p style=\"margin-top: 0.26cm; margin-bottom: 0.26cm; border: none; padding: 0cm;\" align=\"LEFT\"><em><span style=\"color: #888888;\"><span style=\"font-family: arial, sans-serif;\"><span style=\"font-size: 9pt;\"><span style=\"font-style: normal;\">* Los editores de esta publicaci\u00f3n digital no nos hacemos cargo de de los comentarios y\u00a0 conceptos vertidos en los textos firmados por otras personas, siendo \u00e9stos de responsabilidad exclusiva de sus autores.<\/span><\/span><\/span><\/span><\/em><\/p>\n<p style=\"margin-top: 0.26cm; margin-bottom: 0.26cm; border: none; padding: 0cm;\" align=\"LEFT\"><em><span style=\"color: #888888;\"><span style=\"font-family: arial, sans-serif;\"><span style=\"font-size: 9pt;\"><span style=\"font-style: normal;\">* Tu comentario podr\u00e1 ser moderado, por lo tanto, aunque aparezca inmediatamente al ser publicado en la entrada, los editores de esta publicaci\u00f3n digital nos reservamos el derecho tanto de editarlo (si fuera necesario, para hacerlo m\u00e1s legible) como de eliminarlo en el caso de que se usen expresiones incorrectas (descalificaciones, palabras malsonantes\u2026). A su vez, si quieres comentar desde el anonimato puedes hacerlo, aunque, nosotros personalmente, agradecemos que tod@s nos podamos identificar.<\/span><\/span><\/span><\/span><\/em><\/p>\n<p style=\"margin-top: 0.26cm; margin-bottom: 0.26cm; border: none; padding: 0cm;\" align=\"LEFT\"><em><span style=\"color: #888888;\"><span style=\"font-family: arial, sans-serif;\"><span style=\"font-size: 9pt;\"><span style=\"font-style: normal;\"><a href=\"https:\/\/stepienybarno.es\/blog\/wp-content\/uploads\/2014\/08\/Voiture-Minimum-Le-Corbusier-y-el-autom\u00f3vil-1.jpg\"><img loading=\"lazy\" decoding=\"async\" class=\"alignnone size-full wp-image-14460\" title=\"Voiture Minimum- Le Corbusier y el autom\u00f3vil\" src=\"https:\/\/stepienybarno.es\/blog\/wp-content\/uploads\/2014\/08\/Voiture-Minimum-Le-Corbusier-y-el-autom\u00f3vil-1.jpg\" alt=\"Voiture Minimum- Le Corbusier y el autom\u00f3vil\" width=\"210\" height=\"290\" srcset=\"https:\/\/stepienybarno.es\/blog\/wp-content\/uploads\/2014\/08\/Voiture-Minimum-Le-Corbusier-y-el-autom\u00f3vil-1.jpg 210w, https:\/\/stepienybarno.es\/blog\/wp-content\/uploads\/2014\/08\/Voiture-Minimum-Le-Corbusier-y-el-autom\u00f3vil-1-130x180.jpg 130w\" sizes=\"(max-width: 210px) 100vw, 210px\" \/><\/a><\/span><\/span><\/span><\/span><\/em><\/p>\n","protected":false},"excerpt":{"rendered":"<p>Por Antonio Amado Lorenzo<\/p>\n","protected":false},"author":2,"featured_media":0,"comment_status":"open","ping_status":"closed","sticky":false,"template":"","format":"standard","meta":{"om_disable_all_campaigns":false,"_monsterinsights_skip_tracking":false,"_monsterinsights_sitenote_active":false,"_monsterinsights_sitenote_note":"","_monsterinsights_sitenote_category":0,"_uf_show_specific_survey":0,"_uf_disable_surveys":false,"episode_type":"","audio_file":"","cover_image":"","cover_image_id":"","duration":"","filesize":"","date_recorded":"","explicit":"","block":"","filesize_raw":"","footnotes":""},"categories":[244],"tags":[3098,503,3099],"series":[],"class_list":["post-14458","post","type-post","status-publish","format-standard","hentry","category-canal-de-arquitectura","tag-antonio-amado-lorenzo","tag-le-corbusier","tag-voiture-minimum"],"aioseo_notices":[],"episode_featured_image":false,"episode_player_image":"https:\/\/stepienybarno.es\/blog\/wp-content\/uploads\/2020\/11\/stepienybarno-podcast-scaled.jpg","download_link":"","player_link":"","audio_player":false,"episode_data":{"playerMode":"dark","subscribeUrls":[],"rssFeedUrl":"https:\/\/stepienybarno.es\/blog\/feed\/podcast\/podcast-de-stepienybarno","embedCode":"<blockquote class=\"wp-embedded-content\" data-secret=\"7qFykx0s6w\"><a href=\"https:\/\/stepienybarno.es\/blog\/2014\/08\/14\/voiture-minimum-le-corbusier-y-el-automovil\/\">VOITURE MINIMUM: LE CORBUSIER Y EL AUTOM\u00d3VIL<\/a><\/blockquote><iframe sandbox=\"allow-scripts\" security=\"restricted\" src=\"https:\/\/stepienybarno.es\/blog\/2014\/08\/14\/voiture-minimum-le-corbusier-y-el-automovil\/embed\/#?secret=7qFykx0s6w\" width=\"500\" height=\"350\" title=\"\u00abVOITURE MINIMUM: LE CORBUSIER Y EL AUTOM\u00d3VIL\u00bb \u2014 Blog de STEPIEN Y BARNO - publicaci\u00f3n digital sobre arquitectura\" data-secret=\"7qFykx0s6w\" frameborder=\"0\" marginwidth=\"0\" marginheight=\"0\" scrolling=\"no\" class=\"wp-embedded-content\"><\/iframe><script type=\"text\/javascript\">\n\/* <![CDATA[ *\/\n\/*! This file is auto-generated *\/\n!function(d,l){\"use strict\";l.querySelector&&d.addEventListener&&\"undefined\"!=typeof URL&&(d.wp=d.wp||{},d.wp.receiveEmbedMessage||(d.wp.receiveEmbedMessage=function(e){var t=e.data;if((t||t.secret||t.message||t.value)&&!\/[^a-zA-Z0-9]\/.test(t.secret)){for(var s,r,n,a=l.querySelectorAll('iframe[data-secret=\"'+t.secret+'\"]'),o=l.querySelectorAll('blockquote[data-secret=\"'+t.secret+'\"]'),c=new RegExp(\"^https?:$\",\"i\"),i=0;i<o.length;i++)o[i].style.display=\"none\";for(i=0;i<a.length;i++)s=a[i],e.source===s.contentWindow&&(s.removeAttribute(\"style\"),\"height\"===t.message?(1e3<(r=parseInt(t.value,10))?r=1e3:~~r<200&&(r=200),s.height=r):\"link\"===t.message&&(r=new URL(s.getAttribute(\"src\")),n=new URL(t.value),c.test(n.protocol))&&n.host===r.host&&l.activeElement===s&&(d.top.location.href=t.value))}},d.addEventListener(\"message\",d.wp.receiveEmbedMessage,!1),l.addEventListener(\"DOMContentLoaded\",function(){for(var e,t,s=l.querySelectorAll(\"iframe.wp-embedded-content\"),r=0;r<s.length;r++)(t=(e=s[r]).getAttribute(\"data-secret\"))||(t=Math.random().toString(36).substring(2,12),e.src+=\"#?secret=\"+t,e.setAttribute(\"data-secret\",t)),e.contentWindow.postMessage({message:\"ready\",secret:t},\"*\")},!1)))}(window,document);\n\/* ]]> *\/\n<\/script>\n"},"_links":{"self":[{"href":"https:\/\/stepienybarno.es\/blog\/wp-json\/wp\/v2\/posts\/14458"}],"collection":[{"href":"https:\/\/stepienybarno.es\/blog\/wp-json\/wp\/v2\/posts"}],"about":[{"href":"https:\/\/stepienybarno.es\/blog\/wp-json\/wp\/v2\/types\/post"}],"author":[{"embeddable":true,"href":"https:\/\/stepienybarno.es\/blog\/wp-json\/wp\/v2\/users\/2"}],"replies":[{"embeddable":true,"href":"https:\/\/stepienybarno.es\/blog\/wp-json\/wp\/v2\/comments?post=14458"}],"version-history":[{"count":3,"href":"https:\/\/stepienybarno.es\/blog\/wp-json\/wp\/v2\/posts\/14458\/revisions"}],"predecessor-version":[{"id":14462,"href":"https:\/\/stepienybarno.es\/blog\/wp-json\/wp\/v2\/posts\/14458\/revisions\/14462"}],"wp:attachment":[{"href":"https:\/\/stepienybarno.es\/blog\/wp-json\/wp\/v2\/media?parent=14458"}],"wp:term":[{"taxonomy":"category","embeddable":true,"href":"https:\/\/stepienybarno.es\/blog\/wp-json\/wp\/v2\/categories?post=14458"},{"taxonomy":"post_tag","embeddable":true,"href":"https:\/\/stepienybarno.es\/blog\/wp-json\/wp\/v2\/tags?post=14458"},{"taxonomy":"series","embeddable":true,"href":"https:\/\/stepienybarno.es\/blog\/wp-json\/wp\/v2\/series?post=14458"}],"curies":[{"name":"wp","href":"https:\/\/api.w.org\/{rel}","templated":true}]}}