{"id":14483,"date":"2014-08-23T09:00:39","date_gmt":"2014-08-23T07:00:39","guid":{"rendered":"https:\/\/www.stepienybarno.es\/blog\/?p=14483"},"modified":"2014-08-23T07:48:54","modified_gmt":"2014-08-23T05:48:54","slug":"en-busca-de-lo-sublime-villanueva-y-la-ciudad-universitaria-de-caracas","status":"publish","type":"post","link":"https:\/\/stepienybarno.es\/blog\/2014\/08\/23\/en-busca-de-lo-sublime-villanueva-y-la-ciudad-universitaria-de-caracas\/","title":{"rendered":"En busca de lo sublime. VILLANUEVA Y LA CIUDAD UNIVERSITARIA DE CARACAS"},"content":{"rendered":"<p style=\"margin-bottom: 0cm;\">\n<table border=\"0\" cellspacing=\"0\" cellpadding=\"10\" width=\"640\">\n<colgroup>\n<col width=\"620\"><\/col>\n<\/colgroup>\n<tbody>\n<tr>\n<td style=\"border: none; padding: 0cm;\" width=\"620\">\n<table border=\"0\" cellspacing=\"0\" cellpadding=\"0\" width=\"100%\">\n<colgroup>\n<col width=\"256*\"><\/col>\n<\/colgroup>\n<tbody>\n<tr>\n<td style=\"border: none; padding: 0cm;\" width=\"100%\" valign=\"TOP\">\n<p style=\"margin-bottom: 0cm; text-align: center;\"><a href=\"https:\/\/stepienybarno.es\/blog\/wp-content\/uploads\/2014\/08\/0.-STEPIENYBARNO-BLOG-Carlos-Ra\u00fal-Villanueva-la-Ciudad-Universitaria-de-Caracas-silvia-Hern\u00e1ndez-de-Lasala-.jpg\"><img loading=\"lazy\" decoding=\"async\" class=\"alignnone size-full wp-image-14484\" title=\"0. STEPIENYBARNO-BLOG-Carlos Ra\u00fal Villanueva- la Ciudad Universitaria de Caracas-silvia Hern\u00e1ndez de Lasala\" src=\"https:\/\/stepienybarno.es\/blog\/wp-content\/uploads\/2014\/08\/0.-STEPIENYBARNO-BLOG-Carlos-Ra\u00fal-Villanueva-la-Ciudad-Universitaria-de-Caracas-silvia-Hern\u00e1ndez-de-Lasala-.jpg\" alt=\"0. STEPIENYBARNO-BLOG-Carlos Ra\u00fal Villanueva- la Ciudad Universitaria de Caracas-silvia Hern\u00e1ndez de Lasala\" width=\"350\" height=\"352\" srcset=\"https:\/\/stepienybarno.es\/blog\/wp-content\/uploads\/2014\/08\/0.-STEPIENYBARNO-BLOG-Carlos-Ra\u00fal-Villanueva-la-Ciudad-Universitaria-de-Caracas-silvia-Hern\u00e1ndez-de-Lasala-.jpg 350w, https:\/\/stepienybarno.es\/blog\/wp-content\/uploads\/2014\/08\/0.-STEPIENYBARNO-BLOG-Carlos-Ra\u00fal-Villanueva-la-Ciudad-Universitaria-de-Caracas-silvia-Hern\u00e1ndez-de-Lasala--180x180.jpg 180w, https:\/\/stepienybarno.es\/blog\/wp-content\/uploads\/2014\/08\/0.-STEPIENYBARNO-BLOG-Carlos-Ra\u00fal-Villanueva-la-Ciudad-Universitaria-de-Caracas-silvia-Hern\u00e1ndez-de-Lasala--224x224.jpg 224w, https:\/\/stepienybarno.es\/blog\/wp-content\/uploads\/2014\/08\/0.-STEPIENYBARNO-BLOG-Carlos-Ra\u00fal-Villanueva-la-Ciudad-Universitaria-de-Caracas-silvia-Hern\u00e1ndez-de-Lasala--316x318.jpg 316w\" sizes=\"(max-width: 350px) 100vw, 350px\" \/><\/a><\/p>\n<p style=\"margin-bottom: 0cm;\"><span style=\"color: #000000;\">Por\u00a0Silvia \t\t\t\t\t\t\tHern\u00e1ndez de Lasala<\/span><\/p>\n<p style=\"margin-bottom: 0cm; text-align: center;\"><span style=\"color: #000000;\"><!--more--><a href=\"https:\/\/stepienybarno.es\/blog\/wp-content\/uploads\/2014\/08\/1.-STEPIENYBARNO-BLOG-Carlos-Ra\u00fal-Villanueva-la-Ciudad-Universitaria-de-Caracas-silvia-Hern\u00e1ndez-de-Lasala.jpg\"><img loading=\"lazy\" decoding=\"async\" class=\"alignnone size-full wp-image-14485\" title=\"1. STEPIENYBARNO-BLOG-Carlos Ra\u00fal Villanueva- la Ciudad Universitaria de Caracas-silvia Hern\u00e1ndez de Lasala\" src=\"https:\/\/stepienybarno.es\/blog\/wp-content\/uploads\/2014\/08\/1.-STEPIENYBARNO-BLOG-Carlos-Ra\u00fal-Villanueva-la-Ciudad-Universitaria-de-Caracas-silvia-Hern\u00e1ndez-de-Lasala.jpg\" alt=\"1. STEPIENYBARNO-BLOG-Carlos Ra\u00fal Villanueva- la Ciudad Universitaria de Caracas-silvia Hern\u00e1ndez de Lasala\" width=\"700\" height=\"549\" srcset=\"https:\/\/stepienybarno.es\/blog\/wp-content\/uploads\/2014\/08\/1.-STEPIENYBARNO-BLOG-Carlos-Ra\u00fal-Villanueva-la-Ciudad-Universitaria-de-Caracas-silvia-Hern\u00e1ndez-de-Lasala.jpg 700w, https:\/\/stepienybarno.es\/blog\/wp-content\/uploads\/2014\/08\/1.-STEPIENYBARNO-BLOG-Carlos-Ra\u00fal-Villanueva-la-Ciudad-Universitaria-de-Caracas-silvia-Hern\u00e1ndez-de-Lasala-180x141.jpg 180w, https:\/\/stepienybarno.es\/blog\/wp-content\/uploads\/2014\/08\/1.-STEPIENYBARNO-BLOG-Carlos-Ra\u00fal-Villanueva-la-Ciudad-Universitaria-de-Caracas-silvia-Hern\u00e1ndez-de-Lasala-550x431.jpg 550w, https:\/\/stepienybarno.es\/blog\/wp-content\/uploads\/2014\/08\/1.-STEPIENYBARNO-BLOG-Carlos-Ra\u00fal-Villanueva-la-Ciudad-Universitaria-de-Caracas-silvia-Hern\u00e1ndez-de-Lasala-316x248.jpg 316w\" sizes=\"(max-width: 700px) 100vw, 700px\" \/><\/a><\/span><\/p>\n<\/td>\n<\/tr>\n<\/tbody>\n<\/table>\n<p style=\"margin-bottom: 0cm;\">\n<\/td>\n<\/tr>\n<\/tbody>\n<\/table>\n<p style=\"margin-bottom: 0cm;\"><em><span style=\"color: #000000;\">\u201c<span lang=\"es-ES\">Carlos Ra\u00fal Villanueva, a lo largo de su vida profesional, persigui\u00f3 un sue\u00f1o de integraci\u00f3n y s\u00edntesis. Quiso fundir los dos mundos distintos a los cuales pertenec\u00eda: el mundo ilustrado de la cultura europea y el mundo americano, ex\u00f3tico y provinciano, pero pleno del atractivo h\u00edbrido y tropical que la sensibilidad del extranjero en su propio pa\u00eds percibe mejor que cualquier otro. No hubo diferencias en la valoraci\u00f3n de estos mundos, ninguno era mejor que el otro para \u00e9l. (&#8230;)\u201d<\/span><\/span><\/em><\/p>\n<p style=\"margin-bottom: 0cm;\">\n<p style=\"margin-bottom: 0cm;\"><em><span style=\"color: #000000;\">\u201c<span lang=\"es-ES\">(&#8230;)Villanueva entr\u00f3 en contacto con lo sublime tras diez a\u00f1os de b\u00fasquedas donde el academicismo y la modernidad, el realismo y la abstracci\u00f3n, conviv\u00edan sin problemas aparentes y de esta uni\u00f3n naci\u00f3 la ambigua belleza de los edificios de la Facultad de Medicina que combinan una sintaxis acad\u00e9mica con el lenguaje de la primera modernidad europea, animados con balcones y terrazas americanos. A estas primeras b\u00fasquedas siguieron las incursiones posteriores m\u00e1s escuetamente modernas de la Facultad de Ingenier\u00eda que muestran el juego de las siempre distintas cajas prism\u00e1ticas asim\u00e9tricamente dispuestas en el lugar. Lo sublime tom\u00f3 posesi\u00f3n del entorno en los a\u00f1os cincuenta cuando las respuestas maduras del arquitecto produjeron calidades capaces de conmover a quienes las percib\u00edan, y cuando estas percepciones tuvieron un alcance colectivo.\u201d<\/span><\/span><\/em><\/p>\n<p style=\"margin-bottom: 0cm;\">\n<blockquote>\n<p style=\"margin-bottom: 0cm; text-align: center;\"><em><span style=\"color: #000000;\"><span lang=\"es-ES\">Acceder al post, <strong><a href=\"http:\/\/www.kalathos.com\/jul2001\/arquitectura\/lasala\/lasala.htm\">AQU\u00cd<\/a><\/strong><\/span><\/span><\/em><span style=\"font-size: 13px;\"><strong><a href=\"http:\/\/www.kalathos.com\/jul2001\/arquitectura\/lasala\/lasala.htm\"> <\/a><\/strong><\/span><\/p>\n<p style=\"margin-bottom: 0cm; text-align: center;\"><span style=\"font-size: 13px;\"><strong><a href=\"https:\/\/stepienybarno.es\/blog\/wp-content\/uploads\/2014\/08\/3.-STEPIENYBARNO-BLOG-Carlos-Ra\u00fal-Villanueva-la-Ciudad-Universitaria-de-Caracas-silvia-Hern\u00e1ndez-de-Lasala-.jpg\"><img loading=\"lazy\" decoding=\"async\" class=\"alignnone size-full wp-image-14487\" title=\"3. STEPIENYBARNO-BLOG-Carlos Ra\u00fal Villanueva- la Ciudad Universitaria de Caracas-silvia Hern\u00e1ndez de Lasala\" src=\"https:\/\/stepienybarno.es\/blog\/wp-content\/uploads\/2014\/08\/3.-STEPIENYBARNO-BLOG-Carlos-Ra\u00fal-Villanueva-la-Ciudad-Universitaria-de-Caracas-silvia-Hern\u00e1ndez-de-Lasala-.jpg\" alt=\"3. STEPIENYBARNO-BLOG-Carlos Ra\u00fal Villanueva- la Ciudad Universitaria de Caracas-silvia Hern\u00e1ndez de Lasala\" width=\"720\" height=\"597\" srcset=\"https:\/\/stepienybarno.es\/blog\/wp-content\/uploads\/2014\/08\/3.-STEPIENYBARNO-BLOG-Carlos-Ra\u00fal-Villanueva-la-Ciudad-Universitaria-de-Caracas-silvia-Hern\u00e1ndez-de-Lasala-.jpg 720w, https:\/\/stepienybarno.es\/blog\/wp-content\/uploads\/2014\/08\/3.-STEPIENYBARNO-BLOG-Carlos-Ra\u00fal-Villanueva-la-Ciudad-Universitaria-de-Caracas-silvia-Hern\u00e1ndez-de-Lasala--180x149.jpg 180w, https:\/\/stepienybarno.es\/blog\/wp-content\/uploads\/2014\/08\/3.-STEPIENYBARNO-BLOG-Carlos-Ra\u00fal-Villanueva-la-Ciudad-Universitaria-de-Caracas-silvia-Hern\u00e1ndez-de-Lasala--550x456.jpg 550w, https:\/\/stepienybarno.es\/blog\/wp-content\/uploads\/2014\/08\/3.-STEPIENYBARNO-BLOG-Carlos-Ra\u00fal-Villanueva-la-Ciudad-Universitaria-de-Caracas-silvia-Hern\u00e1ndez-de-Lasala--316x262.jpg 316w\" sizes=\"(max-width: 720px) 100vw, 720px\" \/><\/a><\/strong><\/span><\/p>\n<p style=\"margin-bottom: 0cm; text-align: center;\"><span style=\"font-size: 13px;\"><strong><a href=\"https:\/\/stepienybarno.es\/blog\/wp-content\/uploads\/2014\/08\/2.-STEPIENYBARNO-BLOG-Carlos-Ra\u00fal-Villanueva-la-Ciudad-Universitaria-de-Caracas-silvia-Hern\u00e1ndez-de-Lasala-.jpg\"><img loading=\"lazy\" decoding=\"async\" class=\"alignnone size-full wp-image-14486\" title=\"2. STEPIENYBARNO-BLOG-Carlos Ra\u00fal Villanueva- la Ciudad Universitaria de Caracas-silvia Hern\u00e1ndez de Lasala\" src=\"https:\/\/stepienybarno.es\/blog\/wp-content\/uploads\/2014\/08\/2.-STEPIENYBARNO-BLOG-Carlos-Ra\u00fal-Villanueva-la-Ciudad-Universitaria-de-Caracas-silvia-Hern\u00e1ndez-de-Lasala-.jpg\" alt=\"2. STEPIENYBARNO-BLOG-Carlos Ra\u00fal Villanueva- la Ciudad Universitaria de Caracas-silvia Hern\u00e1ndez de Lasala\" width=\"720\" height=\"409\" srcset=\"https:\/\/stepienybarno.es\/blog\/wp-content\/uploads\/2014\/08\/2.-STEPIENYBARNO-BLOG-Carlos-Ra\u00fal-Villanueva-la-Ciudad-Universitaria-de-Caracas-silvia-Hern\u00e1ndez-de-Lasala-.jpg 720w, https:\/\/stepienybarno.es\/blog\/wp-content\/uploads\/2014\/08\/2.-STEPIENYBARNO-BLOG-Carlos-Ra\u00fal-Villanueva-la-Ciudad-Universitaria-de-Caracas-silvia-Hern\u00e1ndez-de-Lasala--180x102.jpg 180w, https:\/\/stepienybarno.es\/blog\/wp-content\/uploads\/2014\/08\/2.-STEPIENYBARNO-BLOG-Carlos-Ra\u00fal-Villanueva-la-Ciudad-Universitaria-de-Caracas-silvia-Hern\u00e1ndez-de-Lasala--550x312.jpg 550w, https:\/\/stepienybarno.es\/blog\/wp-content\/uploads\/2014\/08\/2.-STEPIENYBARNO-BLOG-Carlos-Ra\u00fal-Villanueva-la-Ciudad-Universitaria-de-Caracas-silvia-Hern\u00e1ndez-de-Lasala--316x180.jpg 316w\" sizes=\"(max-width: 720px) 100vw, 720px\" \/><\/a><\/strong><\/span><\/p>\n<\/blockquote>\n<p style=\"margin-bottom: 0cm; text-align: center;\"><em>*Fot\u00f3grafo: Paolo Gasparini<\/em><\/p>\n<p style=\"margin-bottom: 0cm;\">\n<p style=\"margin-bottom: 0cm;\"><span style=\"color: #888888;\">Noticia seleccionada por el Canal de arquitectura STEPIENYBARNO.<\/span><\/p>\n<p style=\"margin-bottom: 0cm;\"><a href=\"https:\/\/twitter.com\/stepienybarno\"><span style=\"color: #888888;\">STEPIENYBARNO EN TWITTER _ @stepienybarno<\/span><\/a><\/p>\n<p style=\"margin-bottom: 0cm;\"><a href=\"http:\/\/www.linkedin.com\/company\/stepienybarno\"><span style=\"color: #888888;\">STEPIENYBARNO EN LINKEDIN<\/span><\/a><\/p>\n<p style=\"margin-bottom: 0cm;\"><a href=\"https:\/\/www.facebook.com\/pages\/BLOG-DE-STEPIENYBARNO\/78001079029\"><span style=\"color: #888888;\">STEPIENYBARNO EN FACEBOOK<\/span><\/a><\/p>\n<p style=\"margin-bottom: 0cm;\"><span style=\"color: #888888;\">*Stepienybarno est\u00e1 formado por Agnieszka Stepien y Lorenzo Barn\u00f3 y desde mayo del 2009 estamos en la red con\u00a0 la presente publicaci\u00f3n digital (Blog) de arquitectura.<\/span><\/p>\n<p style=\"margin-bottom: 0cm;\"><span style=\"color: #888888;\">Nuestra actividad se sustenta en tres pilares b\u00e1sicos: la investigaci\u00f3n, la publicaci\u00f3n (comunicaci\u00f3n y difusi\u00f3n) y la redacci\u00f3n de proyectos de arquitectura.<\/span><\/p>\n<p style=\"margin-bottom: 0cm;\"><span style=\"color: #888888;\">A su vez, somos socios cofundadores de\u00a0<a href=\"http:\/\/sinergiasostenible.org\/\">SINERGIA SOSTENIBLE<\/a> y redactores de\u00a0<a href=\"http:\/\/www.laciudadviva.org\/blogs\/?author=45\">LA CIUDAD VIVA<\/a>.<\/span><\/p>\n<p style=\"margin-bottom: 0cm;\"><span style=\"color: #888888;\">* Los editores de esta publicaci\u00f3n digital no nos hacemos cargo de de los comentarios y\u00a0 conceptos vertidos en los textos firmados por otras personas, siendo \u00e9stos de responsabilidad exclusiva de sus autores.<\/span><\/p>\n<p style=\"margin-bottom: 0cm;\"><span style=\"color: #888888;\">* Tu comentario podr\u00e1 ser moderado, por lo tanto, aunque aparezca inmediatamente al ser publicado en la entrada, los editores de esta publicaci\u00f3n digital nos reservamos el derecho tanto de editarlo (si fuera necesario, para hacerlo m\u00e1s legible) como de eliminarlo en el caso de que se usen expresiones incorrectas (descalificaciones, palabras malsonantes\u2026). A su vez, si quieres comentar desde el anonimato puedes hacerlo, aunque, nosotros personalmente, agradecemos que tod@s nos podamos identificar.<\/span><\/p>\n","protected":false},"excerpt":{"rendered":"<p>Por\u00a0Silvia Hern\u00e1ndez de Lasala<\/p>\n","protected":false},"author":2,"featured_media":0,"comment_status":"open","ping_status":"closed","sticky":false,"template":"","format":"standard","meta":{"om_disable_all_campaigns":false,"_monsterinsights_skip_tracking":false,"_monsterinsights_sitenote_active":false,"_monsterinsights_sitenote_note":"","_monsterinsights_sitenote_category":0,"_uf_show_specific_survey":0,"_uf_disable_surveys":false,"episode_type":"","audio_file":"","cover_image":"","cover_image_id":"","duration":"","filesize":"","date_recorded":"","explicit":"","block":"","filesize_raw":"","footnotes":""},"categories":[244],"tags":[3102,3103],"series":[],"class_list":["post-14483","post","type-post","status-publish","format-standard","hentry","category-canal-de-arquitectura","tag-carlos-raul-villanueva","tag-ciudad-universitaria-de-caracas"],"aioseo_notices":[],"episode_featured_image":false,"episode_player_image":"https:\/\/stepienybarno.es\/blog\/wp-content\/uploads\/2020\/11\/stepienybarno-podcast-scaled.jpg","download_link":"","player_link":"","audio_player":false,"episode_data":{"playerMode":"dark","subscribeUrls":[],"rssFeedUrl":"https:\/\/stepienybarno.es\/blog\/feed\/podcast\/podcast-de-stepienybarno","embedCode":"<blockquote class=\"wp-embedded-content\" data-secret=\"V5Ac25tq54\"><a href=\"https:\/\/stepienybarno.es\/blog\/2014\/08\/23\/en-busca-de-lo-sublime-villanueva-y-la-ciudad-universitaria-de-caracas\/\">En busca de lo sublime. VILLANUEVA Y LA CIUDAD UNIVERSITARIA DE CARACAS<\/a><\/blockquote><iframe sandbox=\"allow-scripts\" security=\"restricted\" src=\"https:\/\/stepienybarno.es\/blog\/2014\/08\/23\/en-busca-de-lo-sublime-villanueva-y-la-ciudad-universitaria-de-caracas\/embed\/#?secret=V5Ac25tq54\" width=\"500\" height=\"350\" title=\"\u00abEn busca de lo sublime. VILLANUEVA Y LA CIUDAD UNIVERSITARIA DE CARACAS\u00bb \u2014 Blog de STEPIEN Y BARNO - publicaci\u00f3n digital sobre arquitectura\" data-secret=\"V5Ac25tq54\" frameborder=\"0\" marginwidth=\"0\" marginheight=\"0\" scrolling=\"no\" class=\"wp-embedded-content\"><\/iframe><script type=\"text\/javascript\">\n\/* <![CDATA[ *\/\n\/*! This file is auto-generated *\/\n!function(d,l){\"use strict\";l.querySelector&&d.addEventListener&&\"undefined\"!=typeof URL&&(d.wp=d.wp||{},d.wp.receiveEmbedMessage||(d.wp.receiveEmbedMessage=function(e){var t=e.data;if((t||t.secret||t.message||t.value)&&!\/[^a-zA-Z0-9]\/.test(t.secret)){for(var s,r,n,a=l.querySelectorAll('iframe[data-secret=\"'+t.secret+'\"]'),o=l.querySelectorAll('blockquote[data-secret=\"'+t.secret+'\"]'),c=new RegExp(\"^https?:$\",\"i\"),i=0;i<o.length;i++)o[i].style.display=\"none\";for(i=0;i<a.length;i++)s=a[i],e.source===s.contentWindow&&(s.removeAttribute(\"style\"),\"height\"===t.message?(1e3<(r=parseInt(t.value,10))?r=1e3:~~r<200&&(r=200),s.height=r):\"link\"===t.message&&(r=new URL(s.getAttribute(\"src\")),n=new URL(t.value),c.test(n.protocol))&&n.host===r.host&&l.activeElement===s&&(d.top.location.href=t.value))}},d.addEventListener(\"message\",d.wp.receiveEmbedMessage,!1),l.addEventListener(\"DOMContentLoaded\",function(){for(var e,t,s=l.querySelectorAll(\"iframe.wp-embedded-content\"),r=0;r<s.length;r++)(t=(e=s[r]).getAttribute(\"data-secret\"))||(t=Math.random().toString(36).substring(2,12),e.src+=\"#?secret=\"+t,e.setAttribute(\"data-secret\",t)),e.contentWindow.postMessage({message:\"ready\",secret:t},\"*\")},!1)))}(window,document);\n\/* ]]> *\/\n<\/script>\n"},"_links":{"self":[{"href":"https:\/\/stepienybarno.es\/blog\/wp-json\/wp\/v2\/posts\/14483"}],"collection":[{"href":"https:\/\/stepienybarno.es\/blog\/wp-json\/wp\/v2\/posts"}],"about":[{"href":"https:\/\/stepienybarno.es\/blog\/wp-json\/wp\/v2\/types\/post"}],"author":[{"embeddable":true,"href":"https:\/\/stepienybarno.es\/blog\/wp-json\/wp\/v2\/users\/2"}],"replies":[{"embeddable":true,"href":"https:\/\/stepienybarno.es\/blog\/wp-json\/wp\/v2\/comments?post=14483"}],"version-history":[{"count":1,"href":"https:\/\/stepienybarno.es\/blog\/wp-json\/wp\/v2\/posts\/14483\/revisions"}],"predecessor-version":[{"id":14488,"href":"https:\/\/stepienybarno.es\/blog\/wp-json\/wp\/v2\/posts\/14483\/revisions\/14488"}],"wp:attachment":[{"href":"https:\/\/stepienybarno.es\/blog\/wp-json\/wp\/v2\/media?parent=14483"}],"wp:term":[{"taxonomy":"category","embeddable":true,"href":"https:\/\/stepienybarno.es\/blog\/wp-json\/wp\/v2\/categories?post=14483"},{"taxonomy":"post_tag","embeddable":true,"href":"https:\/\/stepienybarno.es\/blog\/wp-json\/wp\/v2\/tags?post=14483"},{"taxonomy":"series","embeddable":true,"href":"https:\/\/stepienybarno.es\/blog\/wp-json\/wp\/v2\/series?post=14483"}],"curies":[{"name":"wp","href":"https:\/\/api.w.org\/{rel}","templated":true}]}}