{"id":14489,"date":"2014-09-01T09:00:09","date_gmt":"2014-09-01T07:00:09","guid":{"rendered":"https:\/\/www.stepienybarno.es\/blog\/?p=14489"},"modified":"2014-08-23T08:10:59","modified_gmt":"2014-08-23T06:10:59","slug":"escuela-infantil-en-vereda-de-estudiantes-leganes-madrid","status":"publish","type":"post","link":"https:\/\/stepienybarno.es\/blog\/2014\/09\/01\/escuela-infantil-en-vereda-de-estudiantes-leganes-madrid\/","title":{"rendered":"ESCUELA INFANTIL EN VEREDA DE ESTUDIANTES, LEGAN\u00c9S. MADRID"},"content":{"rendered":"<p style=\"margin-bottom: 0cm; text-align: center;\"><em><a><img loading=\"lazy\" decoding=\"async\" class=\"alignnone size-medium wp-image-14490\" title=\"0. STEPIENYBARNO-BLOG-ESCUELA INFANTIL-RUEDA PIZARRO arquitectos _Mar\u00eda Jos\u00e9 Pizarro\u00a0y\u00a0\u00d3scar Rueda.\" src=\"https:\/\/stepienybarno.es\/blog\/wp-content\/uploads\/2014\/08\/0.-STEPIENYBARNO-BLOG-ESCUELA-INFANTIL-RUEDA-PIZARRO-arquitectos-_Mar\u00eda-Jos\u00e9-Pizarro\u00a0y\u00a0\u00d3scar-Rueda.--350x262.jpg\" alt=\"0. STEPIENYBARNO-BLOG-ESCUELA INFANTIL-RUEDA PIZARRO arquitectos _Mar\u00eda Jos\u00e9 Pizarro\u00a0y\u00a0\u00d3scar Rueda.\" width=\"350\" height=\"262\" \/><\/a><\/em><\/p>\n<p style=\"margin-bottom: 0cm;\" align=\"LEFT\"><em><span lang=\"es-ES\">Por RUEDA PIZARRO arquitectos _<\/span><\/em>Mar\u00eda Jos\u00e9 Pizarro\u00a0y\u00a0\u00d3scar Rueda.<\/p>\n<p style=\"margin-bottom: 0cm;\" align=\"LEFT\"><!--more--><\/p>\n<p style=\"margin-bottom: 0cm; text-align: center;\"><a><img loading=\"lazy\" decoding=\"async\" class=\"alignnone size-medium wp-image-14492\" title=\"1. STEPIENYBARNO-BLOG-ESCUELA INFANTIL-RUEDA PIZARRO arquitectos _Mar\u00eda Jos\u00e9 Pizarro\u00a0y\u00a0\u00d3scar Rueda.\" src=\"https:\/\/stepienybarno.es\/blog\/wp-content\/uploads\/2014\/08\/1.-STEPIENYBARNO-BLOG-ESCUELA-INFANTIL-RUEDA-PIZARRO-arquitectos-_Mar\u00eda-Jos\u00e9-Pizarro\u00a0y\u00a0\u00d3scar-Rueda.-1-350x271.jpg\" alt=\"1. STEPIENYBARNO-BLOG-ESCUELA INFANTIL-RUEDA PIZARRO arquitectos _Mar\u00eda Jos\u00e9 Pizarro\u00a0y\u00a0\u00d3scar Rueda.\" width=\"350\" height=\"271\" \/><\/a><\/p>\n<p style=\"margin-bottom: 0cm;\" align=\"LEFT\"><em>\u201c<span lang=\"es-ES\">(&#8230;)El paralelismo con la famosa novela\u00a0\u201cAlicia en el pa\u00eds de las maravillas\u201d\u00a0de Lewis Caroll es inmediato, al transportarnos a un mundo de sensaciones contradictorias donde se combinan imaginaci\u00f3n y realidad, juego y trabajo, diversi\u00f3n y responsabilidad. Un mundo de sensaciones, experiencias, juegos de escalas y color percibido a trav\u00e9s de los ojos de los ni\u00f1os, en convivencia con los adultos, haciendo necesario utilizar una doble escala adaptada a cada uno de ellos. Pero no solo la escala debe adaptarse, tambi\u00e9n la percepci\u00f3n de ese espacio.\u201d<\/span><\/em><\/p>\n<p style=\"margin-bottom: 0cm;\" align=\"LEFT\">\n<blockquote>\n<p style=\"margin-bottom: 0cm; text-align: center;\"><em><span lang=\"es-ES\"><strong>Acceder al post,<a href=\"http:\/\/arquitecturazonacero.blogspot.com.es\/2014\/06\/la-cubierta-un-patio-en-el-cielo.html\"> AQU\u00cd<\/a><\/strong><\/span><\/em><\/p>\n<p style=\"margin-bottom: 0cm; text-align: center;\"><em><span lang=\"es-ES\"><strong><a><img loading=\"lazy\" decoding=\"async\" class=\"alignnone size-large wp-image-14493\" title=\"2. STEPIENYBARNO-BLOG-ESCUELA INFANTIL-RUEDA PIZARRO arquitectos _Mar\u00eda Jos\u00e9 Pizarro\u00a0y\u00a0\u00d3scar Rueda.\" src=\"https:\/\/stepienybarno.es\/blog\/wp-content\/uploads\/2014\/08\/2.-STEPIENYBARNO-BLOG-ESCUELA-INFANTIL-RUEDA-PIZARRO-arquitectos-_Mar\u00eda-Jos\u00e9-Pizarro\u00a0y\u00a0\u00d3scar-Rueda.--1024x419.jpg\" alt=\"2. STEPIENYBARNO-BLOG-ESCUELA INFANTIL-RUEDA PIZARRO arquitectos _Mar\u00eda Jos\u00e9 Pizarro\u00a0y\u00a0\u00d3scar Rueda.\" width=\"1024\" height=\"419\" \/><\/a><\/strong><\/span><\/em><\/p>\n<\/blockquote>\n<p style=\"margin-bottom: 0cm;\" align=\"LEFT\"><em><span style=\"color: #999999;\">Noticia seleccionada por el Canal de arquitectura STEPIENYBARNO.<\/span><\/em><\/p>\n<p style=\"margin-bottom: 0cm;\" align=\"LEFT\"><em><a href=\"https:\/\/twitter.com\/stepienybarno\"><span style=\"color: #999999;\">STEPIENYBARNO EN TWITTER _ @stepienybarno<\/span><\/a><\/em><\/p>\n<p style=\"margin-bottom: 0cm;\" align=\"LEFT\"><em><a href=\"http:\/\/www.linkedin.com\/company\/stepienybarno\"><span style=\"color: #999999;\">STEPIENYBARNO EN LINKEDIN<\/span><\/a><\/em><\/p>\n<p style=\"margin-bottom: 0cm;\" align=\"LEFT\"><em><a href=\"https:\/\/www.facebook.com\/pages\/BLOG-DE-STEPIENYBARNO\/78001079029\"><span style=\"color: #999999;\">STEPIENYBARNO EN FACEBOOK<\/span><\/a><\/em><\/p>\n<p style=\"margin-bottom: 0cm;\" align=\"LEFT\"><em><span style=\"color: #999999;\">*Stepienybarno est\u00e1 formado por Agnieszka Stepien y Lorenzo Barn\u00f3 y desde mayo del 2009 estamos en la red con\u00a0 la presente publicaci\u00f3n digital (Blog) de arquitectura.<\/span><\/em><\/p>\n<p style=\"margin-bottom: 0cm;\" align=\"LEFT\"><em><span style=\"color: #999999;\">Nuestra actividad se sustenta en tres pilares b\u00e1sicos: la investigaci\u00f3n, la publicaci\u00f3n (comunicaci\u00f3n y difusi\u00f3n) y la redacci\u00f3n de proyectos de arquitectura.<\/span><\/em><\/p>\n<p style=\"margin-bottom: 0cm;\" align=\"LEFT\"><em><span style=\"color: #999999;\">A su vez, somos socios cofundadores de\u00a0<a href=\"http:\/\/sinergiasostenible.org\/\">SINERGIA SOSTENIBLE<\/a> y redactores de\u00a0<a href=\"http:\/\/www.laciudadviva.org\/blogs\/?author=45\">LA CIUDAD VIVA<\/a>.<\/span><\/em><\/p>\n<p style=\"margin-bottom: 0cm;\" align=\"LEFT\"><em><span style=\"color: #999999;\">* Los editores de esta publicaci\u00f3n digital no nos hacemos cargo de de los comentarios y\u00a0 conceptos vertidos en los textos firmados por otras personas, siendo \u00e9stos de responsabilidad exclusiva de sus autores.<\/span><\/em><\/p>\n<p style=\"margin-bottom: 0cm;\" align=\"LEFT\"><em><span style=\"color: #999999;\">* Tu comentario podr\u00e1 ser moderado, por lo tanto, aunque aparezca inmediatamente al ser publicado en la entrada, los editores de esta publicaci\u00f3n digital nos reservamos el derecho tanto de editarlo (si fuera necesario, para hacerlo m\u00e1s legible) como de eliminarlo en el caso de que se usen expresiones incorrectas (descalificaciones, palabras malsonantes\u2026). A su vez, si quieres comentar desde el anonimato puedes hacerlo, aunque, nosotros personalmente, agradecemos que tod@s nos podamos identificar.<\/span><\/em><\/p>\n<p style=\"margin-bottom: 0cm;\" align=\"LEFT\"><span style=\"color: #999999;\"><em> <\/em><\/span><\/p>\n","protected":false},"excerpt":{"rendered":"<p>Por RUEDA PIZARRO arquitectos _Mar\u00eda Jos\u00e9 Pizarro\u00a0y\u00a0\u00d3scar Rueda.<\/p>\n","protected":false},"author":2,"featured_media":0,"comment_status":"open","ping_status":"closed","sticky":false,"template":"","format":"standard","meta":{"om_disable_all_campaigns":false,"_monsterinsights_skip_tracking":false,"_monsterinsights_sitenote_active":false,"_monsterinsights_sitenote_note":"","_monsterinsights_sitenote_category":0,"_uf_show_specific_survey":0,"_uf_disable_surveys":false,"episode_type":"","audio_file":"","cover_image":"","cover_image_id":"","duration":"","filesize":"","date_recorded":"","explicit":"","block":"","filesize_raw":"","footnotes":""},"categories":[244],"tags":[3104,3105,3106],"series":[],"class_list":["post-14489","post","type-post","status-publish","format-standard","hentry","category-canal-de-arquitectura","tag-maria-jose-pizarro","tag-oscar-rueda","tag-rueda-pizarro"],"aioseo_notices":[],"episode_featured_image":false,"episode_player_image":"https:\/\/stepienybarno.es\/blog\/wp-content\/uploads\/2020\/11\/stepienybarno-podcast-scaled.jpg","download_link":"","player_link":"","audio_player":false,"episode_data":{"playerMode":"dark","subscribeUrls":[],"rssFeedUrl":"https:\/\/stepienybarno.es\/blog\/feed\/podcast\/podcast-de-stepienybarno","embedCode":"<blockquote class=\"wp-embedded-content\" data-secret=\"yNgg1TJBE4\"><a href=\"https:\/\/stepienybarno.es\/blog\/2014\/09\/01\/escuela-infantil-en-vereda-de-estudiantes-leganes-madrid\/\">ESCUELA INFANTIL EN VEREDA DE ESTUDIANTES, LEGAN\u00c9S. MADRID<\/a><\/blockquote><iframe sandbox=\"allow-scripts\" security=\"restricted\" src=\"https:\/\/stepienybarno.es\/blog\/2014\/09\/01\/escuela-infantil-en-vereda-de-estudiantes-leganes-madrid\/embed\/#?secret=yNgg1TJBE4\" width=\"500\" height=\"350\" title=\"\u00abESCUELA INFANTIL EN VEREDA DE ESTUDIANTES, LEGAN\u00c9S. MADRID\u00bb \u2014 Blog de STEPIEN Y BARNO - publicaci\u00f3n digital sobre arquitectura\" data-secret=\"yNgg1TJBE4\" frameborder=\"0\" marginwidth=\"0\" marginheight=\"0\" scrolling=\"no\" class=\"wp-embedded-content\"><\/iframe><script type=\"text\/javascript\">\n\/* <![CDATA[ *\/\n\/*! This file is auto-generated *\/\n!function(d,l){\"use strict\";l.querySelector&&d.addEventListener&&\"undefined\"!=typeof URL&&(d.wp=d.wp||{},d.wp.receiveEmbedMessage||(d.wp.receiveEmbedMessage=function(e){var t=e.data;if((t||t.secret||t.message||t.value)&&!\/[^a-zA-Z0-9]\/.test(t.secret)){for(var s,r,n,a=l.querySelectorAll('iframe[data-secret=\"'+t.secret+'\"]'),o=l.querySelectorAll('blockquote[data-secret=\"'+t.secret+'\"]'),c=new RegExp(\"^https?:$\",\"i\"),i=0;i<o.length;i++)o[i].style.display=\"none\";for(i=0;i<a.length;i++)s=a[i],e.source===s.contentWindow&&(s.removeAttribute(\"style\"),\"height\"===t.message?(1e3<(r=parseInt(t.value,10))?r=1e3:~~r<200&&(r=200),s.height=r):\"link\"===t.message&&(r=new URL(s.getAttribute(\"src\")),n=new URL(t.value),c.test(n.protocol))&&n.host===r.host&&l.activeElement===s&&(d.top.location.href=t.value))}},d.addEventListener(\"message\",d.wp.receiveEmbedMessage,!1),l.addEventListener(\"DOMContentLoaded\",function(){for(var e,t,s=l.querySelectorAll(\"iframe.wp-embedded-content\"),r=0;r<s.length;r++)(t=(e=s[r]).getAttribute(\"data-secret\"))||(t=Math.random().toString(36).substring(2,12),e.src+=\"#?secret=\"+t,e.setAttribute(\"data-secret\",t)),e.contentWindow.postMessage({message:\"ready\",secret:t},\"*\")},!1)))}(window,document);\n\/* ]]> *\/\n<\/script>\n"},"_links":{"self":[{"href":"https:\/\/stepienybarno.es\/blog\/wp-json\/wp\/v2\/posts\/14489"}],"collection":[{"href":"https:\/\/stepienybarno.es\/blog\/wp-json\/wp\/v2\/posts"}],"about":[{"href":"https:\/\/stepienybarno.es\/blog\/wp-json\/wp\/v2\/types\/post"}],"author":[{"embeddable":true,"href":"https:\/\/stepienybarno.es\/blog\/wp-json\/wp\/v2\/users\/2"}],"replies":[{"embeddable":true,"href":"https:\/\/stepienybarno.es\/blog\/wp-json\/wp\/v2\/comments?post=14489"}],"version-history":[{"count":2,"href":"https:\/\/stepienybarno.es\/blog\/wp-json\/wp\/v2\/posts\/14489\/revisions"}],"predecessor-version":[{"id":14495,"href":"https:\/\/stepienybarno.es\/blog\/wp-json\/wp\/v2\/posts\/14489\/revisions\/14495"}],"wp:attachment":[{"href":"https:\/\/stepienybarno.es\/blog\/wp-json\/wp\/v2\/media?parent=14489"}],"wp:term":[{"taxonomy":"category","embeddable":true,"href":"https:\/\/stepienybarno.es\/blog\/wp-json\/wp\/v2\/categories?post=14489"},{"taxonomy":"post_tag","embeddable":true,"href":"https:\/\/stepienybarno.es\/blog\/wp-json\/wp\/v2\/tags?post=14489"},{"taxonomy":"series","embeddable":true,"href":"https:\/\/stepienybarno.es\/blog\/wp-json\/wp\/v2\/series?post=14489"}],"curies":[{"name":"wp","href":"https:\/\/api.w.org\/{rel}","templated":true}]}}