{"id":14509,"date":"2014-08-27T09:00:09","date_gmt":"2014-08-27T07:00:09","guid":{"rendered":"https:\/\/www.stepienybarno.es\/blog\/?p=14509"},"modified":"2014-08-27T09:24:03","modified_gmt":"2014-08-27T07:24:03","slug":"comisariado-y-delito-o-la-critica-como-narciso","status":"publish","type":"post","link":"https:\/\/stepienybarno.es\/blog\/2014\/08\/27\/comisariado-y-delito-o-la-critica-como-narciso\/","title":{"rendered":"COMISARIADO Y DELITO O LA CR\u00cdTICA COMO NARCISO."},"content":{"rendered":"<p style=\"margin-bottom: 0cm;\">\n<p style=\"margin-bottom: 0cm; text-align: center;\"><a href=\"https:\/\/stepienybarno.es\/blog\/wp-content\/uploads\/2014\/08\/fundacion-arquia-2-500-300x225.jpg\"><img loading=\"lazy\" decoding=\"async\" class=\"alignnone size-full wp-image-14510\" title=\"fundacion-arquia-2-500--300x225\" src=\"https:\/\/stepienybarno.es\/blog\/wp-content\/uploads\/2014\/08\/fundacion-arquia-2-500-300x225.jpg\" alt=\"fundacion-arquia-2-500--300x225\" width=\"300\" height=\"225\" srcset=\"https:\/\/stepienybarno.es\/blog\/wp-content\/uploads\/2014\/08\/fundacion-arquia-2-500-300x225.jpg 300w, https:\/\/stepienybarno.es\/blog\/wp-content\/uploads\/2014\/08\/fundacion-arquia-2-500-300x225-180x135.jpg 180w\" sizes=\"(max-width: 300px) 100vw, 300px\" \/><\/a><\/p>\n<p style=\"margin-bottom: 0cm;\"><em><span lang=\"es-ES\">Por bRijUNi architects\u00a0\u00a0_ Beatriz Villanueva y Francisco Javier Casas Cobo <\/span><\/em><\/p>\n<p style=\"margin-bottom: 0cm;\"><!--more--><\/p>\n<p style=\"margin-bottom: 0cm;\">\n<p style=\"margin-bottom: 0cm;\"><em>\u201c<span lang=\"es-ES\">(&#8230;)Aunque la <\/span><\/em><strong><span lang=\"es-ES\">cr\u00edtica en las revistas de arquitectura<\/span><\/strong><em><span lang=\"es-ES\">, como ya se ha hablado tantas veces, hace tiempo que abandon\u00f3 cualquier atisbo de posicionarse cr\u00edticamente (m\u00e1s all\u00e1 de esa mera selecci\u00f3n s\u00f3lo de lo bueno que se justifica d\u00e9bilmente con la necesidad de no perder el tiempo con lo errado o lo insustancial) queremos se\u00f1alar aqu\u00ed el hecho de que <\/span><\/em><strong><span lang=\"es-ES\">ni la cr\u00edtica de cine ni la de literatura hayan optado por caminos tan poco comprometidos<\/span><\/strong><em><span lang=\"es-ES\">.\u201d<\/span><\/em><\/p>\n<blockquote>\n<p style=\"margin-bottom: 0cm; text-align: center;\"><em><span lang=\"es-ES\"><strong>Acceder al post, <a href=\"http:\/\/blogfundacion.arquia.es\/2014\/07\/comisariado-y-delito-o-la-critica-como-narciso\/\" target=\"_blank\">AQU\u00cd<\/a><\/strong><\/span><\/em><\/p>\n<\/blockquote>\n<p style=\"margin-bottom: 0cm;\">\n<p style=\"margin-bottom: 0cm;\"><em><span style=\"color: #888888;\"><span style=\"font-family: arial, sans-serif;\"><span style=\"font-size: 9pt;\"><span style=\"font-style: normal;\">Noticia seleccionada por el Canal de arquitectura STEPIENYBARNO.<\/span><\/span><\/span><\/span><\/em><\/p>\n<p style=\"margin-top: 0.26cm; margin-bottom: 0.26cm; border: none; padding: 0cm;\" align=\"LEFT\"><em><a href=\"https:\/\/twitter.com\/stepienybarno\"><span style=\"color: #888888;\"><span style=\"text-decoration: none;\"><span style=\"font-family: arial, sans-serif;\"><span style=\"font-size: 9pt;\"><span style=\"font-style: normal;\">STEPIENYBARNO EN TWITTER _ @stepienybarno<\/span><\/span><\/span><\/span><\/span><\/a><\/em><\/p>\n<p style=\"margin-top: 0.26cm; margin-bottom: 0.26cm; border: none; padding: 0cm;\" align=\"LEFT\"><em><a href=\"http:\/\/www.linkedin.com\/company\/stepienybarno\"><span style=\"color: #888888;\"><span style=\"text-decoration: none;\"><span style=\"font-family: arial, sans-serif;\"><span style=\"font-size: 9pt;\"><span style=\"font-style: normal;\">STEPIENYBARNO EN LINKEDIN<\/span><\/span><\/span><\/span><\/span><\/a><\/em><\/p>\n<p style=\"margin-top: 0.26cm; margin-bottom: 0.26cm; border: none; padding: 0cm;\" align=\"LEFT\"><em><a href=\"https:\/\/www.facebook.com\/pages\/BLOG-DE-STEPIENYBARNO\/78001079029\"><span style=\"color: #888888;\"><span style=\"text-decoration: none;\"><span style=\"font-family: arial, sans-serif;\"><span style=\"font-size: 9pt;\"><span style=\"font-style: normal;\">STEPIENYBARNO EN FACEBOOK<\/span><\/span><\/span><\/span><\/span><\/a><\/em><\/p>\n<p style=\"margin-top: 0.26cm; margin-bottom: 0.26cm; border: none; padding: 0cm;\" align=\"LEFT\"><em><span style=\"color: #888888;\"><span style=\"font-family: arial, sans-serif;\"><span style=\"font-size: 9pt;\"><span style=\"font-style: normal;\">*Stepienybarno est\u00e1 formado por Agnieszka Stepien y Lorenzo Barn\u00f3 y desde mayo del 2009 estamos en la red con\u00a0 la presente publicaci\u00f3n digital (Blog) de arquitectura.<\/span><\/span><\/span><\/span><\/em><\/p>\n<p style=\"margin-top: 0.26cm; margin-bottom: 0.26cm; border: none; padding: 0cm;\" align=\"LEFT\"><em><span style=\"color: #888888;\"><span style=\"font-family: arial, sans-serif;\"><span style=\"font-size: 9pt;\"><span style=\"font-style: normal;\">Nuestra actividad se sustenta en tres pilares b\u00e1sicos: la investigaci\u00f3n, la publicaci\u00f3n (comunicaci\u00f3n y difusi\u00f3n) y la redacci\u00f3n de proyectos de arquitectura.<\/span><\/span><\/span><\/span><\/em><\/p>\n<p style=\"margin-top: 0.26cm; margin-bottom: 0.26cm; border: none; padding: 0cm;\" align=\"LEFT\"><em><span style=\"color: #888888;\"><span style=\"font-family: arial, sans-serif;\"><span style=\"font-size: 9pt;\"><span style=\"font-style: normal;\">A su vez, somos socios cofundadores de <\/span><\/span><\/span><\/span><\/em><em><a href=\"http:\/\/sinergiasostenible.org\/\"><span style=\"color: #5e5e5e;\"><span style=\"text-decoration: none;\"><span style=\"font-family: arial, sans-serif;\"><span style=\"font-size: 9pt;\"><span style=\"font-style: normal;\">SINERGIA SOSTENIBLE<\/span><\/span><\/span><\/span><\/span><\/a><\/em><em><span style=\"color: #888888;\"><span style=\"font-family: arial, sans-serif;\"><span style=\"font-size: 9pt;\"><span style=\"font-style: normal;\"> y redactores de <\/span><\/span><\/span><\/span><\/em><em><a href=\"http:\/\/www.laciudadviva.org\/blogs\/?author=45\"><span style=\"color: #5e5e5e;\"><span style=\"text-decoration: none;\"><span style=\"font-family: arial, sans-serif;\"><span style=\"font-size: 9pt;\"><span style=\"font-style: normal;\">LA CIUDAD VIVA<\/span><\/span><\/span><\/span><\/span><\/a><\/em><em><span style=\"color: #888888;\"><span style=\"font-family: arial, sans-serif;\"><span style=\"font-size: 9pt;\"><span style=\"font-style: normal;\">.<\/span><\/span><\/span><\/span><\/em><\/p>\n<p style=\"margin-top: 0.26cm; margin-bottom: 0.26cm; border: none; padding: 0cm;\" align=\"LEFT\"><em><span style=\"color: #888888;\"><span style=\"font-family: arial, sans-serif;\"><span style=\"font-size: 9pt;\"><span style=\"font-style: normal;\">* Los editores de esta publicaci\u00f3n digital no nos hacemos cargo de de los comentarios y\u00a0 conceptos vertidos en los textos firmados por otras personas, siendo \u00e9stos de responsabilidad exclusiva de sus autores.<\/span><\/span><\/span><\/span><\/em><\/p>\n<p style=\"margin-top: 0.26cm; margin-bottom: 0.26cm; border: none; padding: 0cm;\" align=\"LEFT\"><em><span style=\"color: #888888;\"><span style=\"font-family: arial, sans-serif;\"><span style=\"font-size: 9pt;\"><span style=\"font-style: normal;\">* Tu comentario podr\u00e1 ser moderado, por lo tanto, aunque aparezca inmediatamente al ser publicado en la entrada, los editores de esta publicaci\u00f3n digital nos reservamos el derecho tanto de editarlo (si fuera necesario, para hacerlo m\u00e1s legible) como de eliminarlo en el caso de que se usen expresiones incorrectas (descalificaciones, palabras malsonantes\u2026). A su vez, si quieres comentar desde el anonimato puedes hacerlo, aunque, nosotros personalmente, agradecemos que tod@s nos podamos identificar.<\/span><\/span><\/span><\/span><\/em><\/p>\n","protected":false},"excerpt":{"rendered":"<p>Por bRijUNi architects  _ Beatriz Villanueva y Francisco Javier Casas Cobo<\/p>\n","protected":false},"author":2,"featured_media":0,"comment_status":"open","ping_status":"closed","sticky":false,"template":"","format":"standard","meta":{"om_disable_all_campaigns":false,"_monsterinsights_skip_tracking":false,"_monsterinsights_sitenote_active":false,"_monsterinsights_sitenote_note":"","_monsterinsights_sitenote_category":0,"_uf_show_specific_survey":0,"_uf_disable_surveys":false,"episode_type":"","audio_file":"","cover_image":"","cover_image_id":"","duration":"","filesize":"","date_recorded":"","explicit":"","block":"","filesize_raw":"","footnotes":""},"categories":[34,244],"tags":[523,2829,3110,72,3109],"series":[],"class_list":["post-14509","post","type-post","status-publish","format-standard","hentry","category-actualidad","category-canal-de-arquitectura","tag-beatriz-villanueva","tag-brijuni-architects","tag-comisariado","tag-critica","tag-francisco-javier-casas-cobo"],"aioseo_notices":[],"episode_featured_image":false,"episode_player_image":"https:\/\/stepienybarno.es\/blog\/wp-content\/uploads\/2020\/11\/stepienybarno-podcast-scaled.jpg","download_link":"","player_link":"","audio_player":false,"episode_data":{"playerMode":"dark","subscribeUrls":[],"rssFeedUrl":"https:\/\/stepienybarno.es\/blog\/feed\/podcast\/podcast-de-stepienybarno","embedCode":"<blockquote class=\"wp-embedded-content\" data-secret=\"xv1NYR2FzJ\"><a href=\"https:\/\/stepienybarno.es\/blog\/2014\/08\/27\/comisariado-y-delito-o-la-critica-como-narciso\/\">COMISARIADO Y DELITO O LA CR\u00cdTICA COMO NARCISO.<\/a><\/blockquote><iframe sandbox=\"allow-scripts\" security=\"restricted\" src=\"https:\/\/stepienybarno.es\/blog\/2014\/08\/27\/comisariado-y-delito-o-la-critica-como-narciso\/embed\/#?secret=xv1NYR2FzJ\" width=\"500\" height=\"350\" title=\"\u00abCOMISARIADO Y DELITO O LA CR\u00cdTICA COMO NARCISO.\u00bb \u2014 Blog de STEPIEN Y BARNO - publicaci\u00f3n digital sobre arquitectura\" data-secret=\"xv1NYR2FzJ\" frameborder=\"0\" marginwidth=\"0\" marginheight=\"0\" scrolling=\"no\" class=\"wp-embedded-content\"><\/iframe><script type=\"text\/javascript\">\n\/* <![CDATA[ *\/\n\/*! This file is auto-generated *\/\n!function(d,l){\"use strict\";l.querySelector&&d.addEventListener&&\"undefined\"!=typeof URL&&(d.wp=d.wp||{},d.wp.receiveEmbedMessage||(d.wp.receiveEmbedMessage=function(e){var t=e.data;if((t||t.secret||t.message||t.value)&&!\/[^a-zA-Z0-9]\/.test(t.secret)){for(var s,r,n,a=l.querySelectorAll('iframe[data-secret=\"'+t.secret+'\"]'),o=l.querySelectorAll('blockquote[data-secret=\"'+t.secret+'\"]'),c=new RegExp(\"^https?:$\",\"i\"),i=0;i<o.length;i++)o[i].style.display=\"none\";for(i=0;i<a.length;i++)s=a[i],e.source===s.contentWindow&&(s.removeAttribute(\"style\"),\"height\"===t.message?(1e3<(r=parseInt(t.value,10))?r=1e3:~~r<200&&(r=200),s.height=r):\"link\"===t.message&&(r=new URL(s.getAttribute(\"src\")),n=new URL(t.value),c.test(n.protocol))&&n.host===r.host&&l.activeElement===s&&(d.top.location.href=t.value))}},d.addEventListener(\"message\",d.wp.receiveEmbedMessage,!1),l.addEventListener(\"DOMContentLoaded\",function(){for(var e,t,s=l.querySelectorAll(\"iframe.wp-embedded-content\"),r=0;r<s.length;r++)(t=(e=s[r]).getAttribute(\"data-secret\"))||(t=Math.random().toString(36).substring(2,12),e.src+=\"#?secret=\"+t,e.setAttribute(\"data-secret\",t)),e.contentWindow.postMessage({message:\"ready\",secret:t},\"*\")},!1)))}(window,document);\n\/* ]]> *\/\n<\/script>\n"},"_links":{"self":[{"href":"https:\/\/stepienybarno.es\/blog\/wp-json\/wp\/v2\/posts\/14509"}],"collection":[{"href":"https:\/\/stepienybarno.es\/blog\/wp-json\/wp\/v2\/posts"}],"about":[{"href":"https:\/\/stepienybarno.es\/blog\/wp-json\/wp\/v2\/types\/post"}],"author":[{"embeddable":true,"href":"https:\/\/stepienybarno.es\/blog\/wp-json\/wp\/v2\/users\/2"}],"replies":[{"embeddable":true,"href":"https:\/\/stepienybarno.es\/blog\/wp-json\/wp\/v2\/comments?post=14509"}],"version-history":[{"count":5,"href":"https:\/\/stepienybarno.es\/blog\/wp-json\/wp\/v2\/posts\/14509\/revisions"}],"predecessor-version":[{"id":14513,"href":"https:\/\/stepienybarno.es\/blog\/wp-json\/wp\/v2\/posts\/14509\/revisions\/14513"}],"wp:attachment":[{"href":"https:\/\/stepienybarno.es\/blog\/wp-json\/wp\/v2\/media?parent=14509"}],"wp:term":[{"taxonomy":"category","embeddable":true,"href":"https:\/\/stepienybarno.es\/blog\/wp-json\/wp\/v2\/categories?post=14509"},{"taxonomy":"post_tag","embeddable":true,"href":"https:\/\/stepienybarno.es\/blog\/wp-json\/wp\/v2\/tags?post=14509"},{"taxonomy":"series","embeddable":true,"href":"https:\/\/stepienybarno.es\/blog\/wp-json\/wp\/v2\/series?post=14509"}],"curies":[{"name":"wp","href":"https:\/\/api.w.org\/{rel}","templated":true}]}}