{"id":14519,"date":"2014-08-29T08:00:42","date_gmt":"2014-08-29T06:00:42","guid":{"rendered":"https:\/\/www.stepienybarno.es\/blog\/?p=14519"},"modified":"2014-08-27T08:54:14","modified_gmt":"2014-08-27T06:54:14","slug":"arquitectura-e-industrializacion-la-colision-de-la-arquitectura-con-la-crisis-de-la-vivienda-el-auge-de-los-datos-y-la-tecnologia","status":"publish","type":"post","link":"https:\/\/stepienybarno.es\/blog\/2014\/08\/29\/arquitectura-e-industrializacion-la-colision-de-la-arquitectura-con-la-crisis-de-la-vivienda-el-auge-de-los-datos-y-la-tecnologia\/","title":{"rendered":"ARQUITECTURA E INDUSTRIALIZACI\u00d3N.  LA COLISI\u00d3N DE LA ARQUITECTURA CON LA CRISIS DE LA VIVIENDA, EL AUGE DE LOS DATOS Y LA TECNOLOG\u00cdA"},"content":{"rendered":"<p style=\"margin-bottom: 0cm; text-align: center;\"><a href=\"https:\/\/stepienybarno.es\/blog\/wp-content\/uploads\/2014\/08\/Paul_Hoppe_STEPIENYBARNO-BLOG-industria-arquitectura-Daniel-Ayala-Serrano-@ayserrano-.jpg\"><img loading=\"lazy\" decoding=\"async\" class=\"alignnone size-full wp-image-14520\" title=\"Paul_Hoppe_STEPIENYBARNO-BLOG-industria-arquitectura-Daniel Ayala Serrano @ayserrano\" src=\"https:\/\/stepienybarno.es\/blog\/wp-content\/uploads\/2014\/08\/Paul_Hoppe_STEPIENYBARNO-BLOG-industria-arquitectura-Daniel-Ayala-Serrano-@ayserrano-.jpg\" alt=\"Paul_Hoppe_STEPIENYBARNO-BLOG-industria-arquitectura-Daniel Ayala Serrano @ayserrano\" width=\"300\" height=\"151\" srcset=\"https:\/\/stepienybarno.es\/blog\/wp-content\/uploads\/2014\/08\/Paul_Hoppe_STEPIENYBARNO-BLOG-industria-arquitectura-Daniel-Ayala-Serrano-@ayserrano-.jpg 300w, https:\/\/stepienybarno.es\/blog\/wp-content\/uploads\/2014\/08\/Paul_Hoppe_STEPIENYBARNO-BLOG-industria-arquitectura-Daniel-Ayala-Serrano-@ayserrano--180x91.jpg 180w\" sizes=\"(max-width: 300px) 100vw, 300px\" \/><\/a><\/p>\n<p style=\"margin-bottom: 0cm;\"><em><span lang=\"es-ES\">Por Daniel Ayala Serrano @ayserrano<\/span><\/em><\/p>\n<p style=\"margin-bottom: 0cm;\"><em><span lang=\"es-ES\"><!--more--><\/span><\/em><\/p>\n<p style=\"margin-bottom: 0cm;\"><em style=\"font-size: 13px;\">\u201c<span lang=\"es-ES\">(&#8230;) Los arquitectos somos realmente buenos a la hora de <\/span><\/em><strong style=\"font-size: 13px;\"><span lang=\"es-ES\">desarrollar soluciones innovadoras<\/span><\/strong><em style=\"font-size: 13px;\"><span lang=\"es-ES\">, modelar<\/span><\/em><strong style=\"font-size: 13px;\"><span lang=\"es-ES\">estrategias<\/span><\/strong><em style=\"font-size: 13px;\"><span lang=\"es-ES\"> o resolver <\/span><\/em><strong style=\"font-size: 13px;\"><span lang=\"es-ES\">problemas complejos<\/span><\/strong><em style=\"font-size: 13px;\"><span lang=\"es-ES\"> y, por tanto, no debemos temer este cambio de paradigma obsesionados con la idea de producir edificios como objeto de consumo.\u00a0 A diferencia de lo que podr\u00eda parecer, proyectos como <\/span><\/em><em style=\"font-size: 13px;\"><a href=\"http:\/\/www.wikihouse.cc\/\">Wikihouse<\/a><\/em><em style=\"font-size: 13px;\"><span lang=\"es-ES\">, <\/span><\/em><em style=\"font-size: 13px;\"><a href=\"http:\/\/architectureforhumanity.org\/\">Architecture for humanity<\/a><\/em><em style=\"font-size: 13px;\"><span lang=\"es-ES\">, <\/span><\/em><em style=\"font-size: 13px;\"><a href=\"http:\/\/openarchitecturenetwork.org\/\">Open Architecture Network<\/a><\/em><em style=\"font-size: 13px;\"><span lang=\"es-ES\"> o la <\/span><\/em><em style=\"font-size: 13px;\"><a href=\"https:\/\/www.youtube.com\/watch?v=RG8qBy4DeGk\">impresi\u00f3n de una vivienda<\/a><\/em><em style=\"font-size: 13px;\"><span lang=\"es-ES\">, no difieren de los libros-patr\u00f3n para la producci\u00f3n de viviendas a precios razonables que se hicieron populares a principios del siglo pasado. En ambos casos el conocimiento compartido, la tecnolog\u00eda y la autoconstrucci\u00f3n son los pilares de una apuesta que cont\u00f3 con un notable <\/span><\/em><strong style=\"font-size: 13px;\"><span lang=\"es-ES\">\u00e9xito medi\u00e1tico y social.<\/span><\/strong><em style=\"font-size: 13px;\"><span lang=\"es-ES\">\u201d<\/span><\/em><\/p>\n<blockquote>\n<p style=\"margin-bottom: 0cm; text-align: center;\"><em><span lang=\"es-ES\"><strong>Acceder al post, <a href=\"http:\/\/blogfundacion.arquia.es\/2014\/07\/arquitectura-e-industrializacion-la-colision-de-la-arquitectura-con-la-crisis-de-la-vivienda-el-auge-de-los-datos-y-la-tecnologia\/\" target=\"_blank\">AQU\u00cd<\/a><\/strong><\/span><\/em><\/p>\n<\/blockquote>\n<p style=\"margin-bottom: 0cm;\">\n<p style=\"margin-bottom: 0cm;\">\n<p style=\"margin-top: 0.26cm; margin-bottom: 0.26cm; border: none; padding: 0cm;\" align=\"LEFT\"><em><span style=\"color: #888888;\"><span style=\"font-family: arial, sans-serif;\"><span style=\"font-size: 9pt;\"><span style=\"font-style: normal;\">Noticia seleccionada por el Canal de arquitectura STEPIENYBARNO.<\/span><\/span><\/span><\/span><\/em><\/p>\n<p style=\"margin-top: 0.26cm; margin-bottom: 0.26cm; border: none; padding: 0cm;\" align=\"LEFT\"><em><a href=\"https:\/\/twitter.com\/stepienybarno\"><span style=\"color: #888888;\"><span style=\"text-decoration: none;\"><span style=\"font-family: arial, sans-serif;\"><span style=\"font-size: 9pt;\"><span style=\"font-style: normal;\">STEPIENYBARNO EN TWITTER _ @stepienybarno<\/span><\/span><\/span><\/span><\/span><\/a><\/em><\/p>\n<p style=\"margin-top: 0.26cm; margin-bottom: 0.26cm; border: none; padding: 0cm;\" align=\"LEFT\"><em><a href=\"http:\/\/www.linkedin.com\/company\/stepienybarno\"><span style=\"color: #888888;\"><span style=\"text-decoration: none;\"><span style=\"font-family: arial, sans-serif;\"><span style=\"font-size: 9pt;\"><span style=\"font-style: normal;\">STEPIENYBARNO EN LINKEDIN<\/span><\/span><\/span><\/span><\/span><\/a><\/em><\/p>\n<p style=\"margin-top: 0.26cm; margin-bottom: 0.26cm; border: none; padding: 0cm;\" align=\"LEFT\"><em><a href=\"https:\/\/www.facebook.com\/pages\/BLOG-DE-STEPIENYBARNO\/78001079029\"><span style=\"color: #888888;\"><span style=\"text-decoration: none;\"><span style=\"font-family: arial, sans-serif;\"><span style=\"font-size: 9pt;\"><span style=\"font-style: normal;\">STEPIENYBARNO EN FACEBOOK<\/span><\/span><\/span><\/span><\/span><\/a><\/em><\/p>\n<p style=\"margin-top: 0.26cm; margin-bottom: 0.26cm; border: none; padding: 0cm;\" align=\"LEFT\"><em><span style=\"color: #888888;\"><span style=\"font-family: arial, sans-serif;\"><span style=\"font-size: 9pt;\"><span style=\"font-style: normal;\">*Stepienybarno est\u00e1 formado por Agnieszka Stepien y Lorenzo Barn\u00f3 y desde mayo del 2009 estamos en la red con\u00a0 la presente publicaci\u00f3n digital (Blog) de arquitectura.<\/span><\/span><\/span><\/span><\/em><\/p>\n<p style=\"margin-top: 0.26cm; margin-bottom: 0.26cm; border: none; padding: 0cm;\" align=\"LEFT\"><em><span style=\"color: #888888;\"><span style=\"font-family: arial, sans-serif;\"><span style=\"font-size: 9pt;\"><span style=\"font-style: normal;\">Nuestra actividad se sustenta en tres pilares b\u00e1sicos: la investigaci\u00f3n, la publicaci\u00f3n (comunicaci\u00f3n y difusi\u00f3n) y la redacci\u00f3n de proyectos de arquitectura.<\/span><\/span><\/span><\/span><\/em><\/p>\n<p style=\"margin-top: 0.26cm; margin-bottom: 0.26cm; border: none; padding: 0cm;\" align=\"LEFT\"><em><span style=\"color: #888888;\"><span style=\"font-family: arial, sans-serif;\"><span style=\"font-size: 9pt;\"><span style=\"font-style: normal;\">A su vez, somos socios cofundadores de <\/span><\/span><\/span><\/span><\/em><em><a href=\"http:\/\/sinergiasostenible.org\/\"><span style=\"color: #5e5e5e;\"><span style=\"text-decoration: none;\"><span style=\"font-family: arial, sans-serif;\"><span style=\"font-size: 9pt;\"><span style=\"font-style: normal;\">SINERGIA SOSTENIBLE<\/span><\/span><\/span><\/span><\/span><\/a><\/em><em><span style=\"color: #888888;\"><span style=\"font-family: arial, sans-serif;\"><span style=\"font-size: 9pt;\"><span style=\"font-style: normal;\"> y redactores de <\/span><\/span><\/span><\/span><\/em><em><a href=\"http:\/\/www.laciudadviva.org\/blogs\/?author=45\"><span style=\"color: #5e5e5e;\"><span style=\"text-decoration: none;\"><span style=\"font-family: arial, sans-serif;\"><span style=\"font-size: 9pt;\"><span style=\"font-style: normal;\">LA CIUDAD VIVA<\/span><\/span><\/span><\/span><\/span><\/a><\/em><em><span style=\"color: #888888;\"><span style=\"font-family: arial, sans-serif;\"><span style=\"font-size: 9pt;\"><span style=\"font-style: normal;\">.<\/span><\/span><\/span><\/span><\/em><\/p>\n<p style=\"margin-top: 0.26cm; margin-bottom: 0.26cm; border: none; padding: 0cm;\" align=\"LEFT\"><em><span style=\"color: #888888;\"><span style=\"font-family: arial, sans-serif;\"><span style=\"font-size: 9pt;\"><span style=\"font-style: normal;\">* Los editores de esta publicaci\u00f3n digital no nos hacemos cargo de de los comentarios y\u00a0 conceptos vertidos en los textos firmados por otras personas, siendo \u00e9stos de responsabilidad exclusiva de sus autores.<\/span><\/span><\/span><\/span><\/em><\/p>\n<p style=\"margin-top: 0.26cm; margin-bottom: 0.26cm; border: none; padding: 0cm;\" align=\"LEFT\"><em><span style=\"color: #888888;\"><span style=\"font-family: arial, sans-serif;\"><span style=\"font-size: 9pt;\"><span style=\"font-style: normal;\">* Tu comentario podr\u00e1 ser moderado, por lo tanto, aunque aparezca inmediatamente al ser publicado en la entrada, los editores de esta publicaci\u00f3n digital nos reservamos el derecho tanto de editarlo (si fuera necesario, para hacerlo m\u00e1s legible) como de eliminarlo en el caso de que se usen expresiones incorrectas (descalificaciones, palabras malsonantes\u2026). A su vez, si quieres comentar desde el anonimato puedes hacerlo, aunque, nosotros personalmente, agradecemos que tod@s nos podamos identificar.<\/span><\/span><\/span><\/span><\/em><\/p>\n","protected":false},"excerpt":{"rendered":"<p>Por Daniel Ayala Serrano @ayserrano<br \/>\n(m\u00e1s&#8230;)<\/p>\n","protected":false},"author":2,"featured_media":0,"comment_status":"open","ping_status":"closed","sticky":false,"template":"","format":"standard","meta":{"om_disable_all_campaigns":false,"_monsterinsights_skip_tracking":false,"_monsterinsights_sitenote_active":false,"_monsterinsights_sitenote_note":"","_monsterinsights_sitenote_category":0,"_uf_show_specific_survey":0,"_uf_disable_surveys":false,"episode_type":"","audio_file":"","cover_image":"","cover_image_id":"","duration":"","filesize":"","date_recorded":"","explicit":"","block":"","filesize_raw":"","footnotes":""},"categories":[244],"tags":[3112,3114,1335,3116,3117,3115,3113],"series":[],"class_list":["post-14519","post","type-post","status-publish","format-standard","hentry","category-canal-de-arquitectura","tag-ayserrano","tag-architecture-for-humanity","tag-daniel-ayala-serrano","tag-impresion-de-una-vivienda","tag-industria","tag-open-architecture-network","tag-wikihouse"],"aioseo_notices":[],"episode_featured_image":false,"episode_player_image":"https:\/\/stepienybarno.es\/blog\/wp-content\/uploads\/2020\/11\/stepienybarno-podcast-scaled.jpg","download_link":"","player_link":"","audio_player":false,"episode_data":{"playerMode":"dark","subscribeUrls":[],"rssFeedUrl":"https:\/\/stepienybarno.es\/blog\/feed\/podcast\/podcast-de-stepienybarno","embedCode":"<blockquote class=\"wp-embedded-content\" data-secret=\"lK5nefmbes\"><a href=\"https:\/\/stepienybarno.es\/blog\/2014\/08\/29\/arquitectura-e-industrializacion-la-colision-de-la-arquitectura-con-la-crisis-de-la-vivienda-el-auge-de-los-datos-y-la-tecnologia\/\">ARQUITECTURA E INDUSTRIALIZACI\u00d3N.  LA COLISI\u00d3N DE LA ARQUITECTURA CON LA CRISIS DE LA VIVIENDA, EL AUGE DE LOS DATOS Y LA TECNOLOG\u00cdA<\/a><\/blockquote><iframe sandbox=\"allow-scripts\" security=\"restricted\" src=\"https:\/\/stepienybarno.es\/blog\/2014\/08\/29\/arquitectura-e-industrializacion-la-colision-de-la-arquitectura-con-la-crisis-de-la-vivienda-el-auge-de-los-datos-y-la-tecnologia\/embed\/#?secret=lK5nefmbes\" width=\"500\" height=\"350\" title=\"\u00abARQUITECTURA E INDUSTRIALIZACI\u00d3N.  LA COLISI\u00d3N DE LA ARQUITECTURA CON LA CRISIS DE LA VIVIENDA, EL AUGE DE LOS DATOS Y LA TECNOLOG\u00cdA\u00bb \u2014 Blog de STEPIEN Y BARNO - publicaci\u00f3n digital sobre arquitectura\" data-secret=\"lK5nefmbes\" frameborder=\"0\" marginwidth=\"0\" marginheight=\"0\" scrolling=\"no\" class=\"wp-embedded-content\"><\/iframe><script type=\"text\/javascript\">\n\/* <![CDATA[ *\/\n\/*! This file is auto-generated *\/\n!function(d,l){\"use strict\";l.querySelector&&d.addEventListener&&\"undefined\"!=typeof URL&&(d.wp=d.wp||{},d.wp.receiveEmbedMessage||(d.wp.receiveEmbedMessage=function(e){var t=e.data;if((t||t.secret||t.message||t.value)&&!\/[^a-zA-Z0-9]\/.test(t.secret)){for(var s,r,n,a=l.querySelectorAll('iframe[data-secret=\"'+t.secret+'\"]'),o=l.querySelectorAll('blockquote[data-secret=\"'+t.secret+'\"]'),c=new RegExp(\"^https?:$\",\"i\"),i=0;i<o.length;i++)o[i].style.display=\"none\";for(i=0;i<a.length;i++)s=a[i],e.source===s.contentWindow&&(s.removeAttribute(\"style\"),\"height\"===t.message?(1e3<(r=parseInt(t.value,10))?r=1e3:~~r<200&&(r=200),s.height=r):\"link\"===t.message&&(r=new URL(s.getAttribute(\"src\")),n=new URL(t.value),c.test(n.protocol))&&n.host===r.host&&l.activeElement===s&&(d.top.location.href=t.value))}},d.addEventListener(\"message\",d.wp.receiveEmbedMessage,!1),l.addEventListener(\"DOMContentLoaded\",function(){for(var e,t,s=l.querySelectorAll(\"iframe.wp-embedded-content\"),r=0;r<s.length;r++)(t=(e=s[r]).getAttribute(\"data-secret\"))||(t=Math.random().toString(36).substring(2,12),e.src+=\"#?secret=\"+t,e.setAttribute(\"data-secret\",t)),e.contentWindow.postMessage({message:\"ready\",secret:t},\"*\")},!1)))}(window,document);\n\/* ]]> *\/\n<\/script>\n"},"_links":{"self":[{"href":"https:\/\/stepienybarno.es\/blog\/wp-json\/wp\/v2\/posts\/14519"}],"collection":[{"href":"https:\/\/stepienybarno.es\/blog\/wp-json\/wp\/v2\/posts"}],"about":[{"href":"https:\/\/stepienybarno.es\/blog\/wp-json\/wp\/v2\/types\/post"}],"author":[{"embeddable":true,"href":"https:\/\/stepienybarno.es\/blog\/wp-json\/wp\/v2\/users\/2"}],"replies":[{"embeddable":true,"href":"https:\/\/stepienybarno.es\/blog\/wp-json\/wp\/v2\/comments?post=14519"}],"version-history":[{"count":3,"href":"https:\/\/stepienybarno.es\/blog\/wp-json\/wp\/v2\/posts\/14519\/revisions"}],"predecessor-version":[{"id":14523,"href":"https:\/\/stepienybarno.es\/blog\/wp-json\/wp\/v2\/posts\/14519\/revisions\/14523"}],"wp:attachment":[{"href":"https:\/\/stepienybarno.es\/blog\/wp-json\/wp\/v2\/media?parent=14519"}],"wp:term":[{"taxonomy":"category","embeddable":true,"href":"https:\/\/stepienybarno.es\/blog\/wp-json\/wp\/v2\/categories?post=14519"},{"taxonomy":"post_tag","embeddable":true,"href":"https:\/\/stepienybarno.es\/blog\/wp-json\/wp\/v2\/tags?post=14519"},{"taxonomy":"series","embeddable":true,"href":"https:\/\/stepienybarno.es\/blog\/wp-json\/wp\/v2\/series?post=14519"}],"curies":[{"name":"wp","href":"https:\/\/api.w.org\/{rel}","templated":true}]}}