{"id":14633,"date":"2014-10-06T18:04:06","date_gmt":"2014-10-06T16:04:06","guid":{"rendered":"https:\/\/www.stepienybarno.es\/blog\/?p=14633"},"modified":"2014-10-06T18:10:40","modified_gmt":"2014-10-06T16:10:40","slug":"partidas-simultaneas-de-arquitectura","status":"publish","type":"post","link":"https:\/\/stepienybarno.es\/blog\/2014\/10\/06\/partidas-simultaneas-de-arquitectura\/","title":{"rendered":"PARTIDAS SIMULT\u00c1NEAS DE ARQUITECTURA"},"content":{"rendered":"<p style=\"text-align: center;\"><a href=\"https:\/\/stepienybarno.es\/blog\/wp-content\/uploads\/2014\/10\/Judit-Polgar-y-Magnus-Carlsen-_-dos-de-los-MULTIPLES-ni\u00f1@s-prodigio-del-ajedrez-jugando-a-ciegas-.jpg\"><img loading=\"lazy\" decoding=\"async\" class=\"alignnone size-medium wp-image-14635\" title=\"Judit Polgar y Magnus Carlsen _ dos de los MULTIPLES ni\u00f1@s prodigio del ajedrez jugando a ciegas\" src=\"https:\/\/stepienybarno.es\/blog\/wp-content\/uploads\/2014\/10\/Judit-Polgar-y-Magnus-Carlsen-_-dos-de-los-MULTIPLES-ni\u00f1@s-prodigio-del-ajedrez-jugando-a-ciegas--350x255.jpg\" alt=\"Judit Polgar y Magnus Carlsen _ dos de los MULTIPLES ni\u00f1@s prodigio del ajedrez jugando a ciegas\" width=\"350\" height=\"255\" \/><\/a><\/p>\n<p>Hace tiempo que no public\u00e1bamos un post de car\u00e1cter m\u00e1s reflexivo y, aprovechando que es el d\u00eda de la arquitectura, hoy nos animamos a ello.<\/p>\n<p>No es la primera vez que habamos <a href=\"https:\/\/stepienybarno.es\/blog\/2013\/09\/09\/el-ajedrez-de-la-arquitectura\/\">de ajedrez en este blog<\/a> y, con la excusa de las partidas simult\u00e1neas, nos vamos a meter con el d\u00eda a d\u00eda de nuestra profesi\u00f3n.<\/p>\n<p><!--more--><\/p>\n<p><span style=\"font-size: 13px;\">Cada vez, se oyen m\u00e1s voces, entre los propios arquitectos, lament\u00e1ndose de lo poco \u00fatiles que nos ve la sociedad como colectivo. Parece que, muchas veces, solo servimos como <\/span><strong>peaje<\/strong><span style=\"font-size: 13px;\"> para conseguir un papelote que les posibilite hacer una construcci\u00f3n.<\/span><\/p>\n<p>Si a ello sumamos que, para cada <strong>trozo del pastel<\/strong> que sale en juego, somos demasiados arquitectos al acecho, haciendo bajas temerarias para intentar conseguirlo, vemos que el patio est\u00e1 muy mal; peor que nunca.<\/p>\n<p>El por qu\u00e9 esto no estalla y los m\u00e1s de 50.000 arquitectos no hacen alguna que se vea, puede tener m\u00e1s que ver con la\u00a0 <strong>escasa uni\u00f3n del colectivo<\/strong> que con otra cosa. La cohesi\u00f3n, en l\u00edneas generales, tanto desde la base hasta las inh\u00f3spitas esferas que se supone que rigen el devenir de la profesi\u00f3n (pero que pocas veces dan alegr\u00edas a sus representados), no es algo que caracterice al arquitecto que se ha movido m\u00e1s\u00a0 cual llanero solitario que como legi\u00f3n de hormigas.<\/p>\n<p>As\u00ed, conviene plantearse y replantearse la profesi\u00f3n para que seamos un pel\u00edn <strong>m\u00e1s competitivos<\/strong>. A <a href=\"https:\/\/stepienybarno.es\/blog\/2011\/09\/04\/las-fortalezas-del-arquitecto\/\">las<strong> fortalezas<\/strong> del arquitecto<\/a>, <a href=\"https:\/\/stepienybarno.es\/blog\/2011\/09\/04\/las-fortalezas-del-arquitecto\/\">de las que ya hemos hablado previamente<\/a>, siempre insistimos que debiera unirse un m\u00ednimo de <strong>mentalidad empresarial<\/strong>, que, por desgracia, generalmente brilla por su ausencia.<\/p>\n<p>En cualquier caso, desde Stepienybarno, solemos incidir en que hay una cualidad que s\u00ed que nos puede hacer realmente necesarios: <strong>La visi\u00f3n transversal y global<\/strong>. Si sabemos explotarla, quiz\u00e1s, la sociedad no nos vea tanto como un peaje sino como posibles solucionadores de problemas.<\/p>\n<p>En el mundo del<strong> ajedrez<\/strong>, la gran mayor\u00eda de los practicantes, tiene un nivel de aficionado; pero, hay unos cuantos, los que tienen m\u00e1s cualidades y, normalmente han practicado m\u00e1s, que llegan a <strong>maestros.<\/strong> Estos pocos son los que pueden intentar vivir de mover las piezas y todos ellos desarrollan una cualidad de lo m\u00e1s curiosa: <strong>son capaces de jugar una partida de ajedrez sin mirar el tablero; eso es, a ciegas.<\/strong><\/p>\n<p>Tambi\u00e9n apuntar que, los jugadores con un poquito m\u00e1s nivel, los <strong>maestros internacionales<\/strong>, pueden jugar contra varios rivales de alto nivel al mismo tiempo; es decir, <strong>partidas simult\u00e1neas<\/strong>.<\/p>\n<p>Pero, todav\u00eda hay un nivel m\u00e1s alto que pertenece a la <strong>\u00e9lite<\/strong> de los ajedrecistas; \u00e9stos son <strong>capaces de jugar partidas de ajedrez simult\u00e1neas con jugadores experimentados y vencerlos, \u00a1pero con los ojos vendados!<\/strong><\/p>\n<p>Esta capacidad de <strong>ver con otros ojos<\/strong> y ser capaces de dar mate a m\u00e1s de 20 tableros a la vez, est\u00e1 reservada para unos pocos elegidos.<\/p>\n<p>Sin embargo, en nuestro entorno de los arquitectos, creemos firmemente que <strong>la gran mayor\u00eda del colectivo, principalmente por su espec\u00edfica preparaci\u00f3n en proyectos, es capaz de ver donde los dem\u00e1s no ven.<\/strong> No hablamos de ver el nacimiento de un proyecto que responde a tem\u00e1ticas aparentemente tan dispares para los ajenos a la profesi\u00f3n, como el programa, el entorno, la cultura o el presupuesto. Nos referimos a <strong>exportar esta cualidad a la periferia de la arquitectura<\/strong> o incluso a <strong>otras disciplinas<\/strong> que necesiten de un profesional que les haga ver lo que para ellos pasa desapercibido. Hace ya un tiempo, <a href=\"http:\/\/www.laciudadviva.org\/blogs\/?p=6963\">en una entrevista que le hac\u00edamos a<\/a> <strong>Alejandro Aravena<\/strong>, nos contaba que estaba reci\u00e9n llegado de Finlandia. As\u00ed, su visita al pa\u00eds n\u00f3rdico no hab\u00eda sido para realizar un nuevo proyecto, sino para ser el encargado de poner de acuerdo a un mont\u00f3n de expertos que trataban temas medioambientales. Es decir, que \u00e9l era quien facilitaba el proceso para que muchos t\u00e9cnicos y \u00a0cient\u00edficos llegasen a las mayores sinergias posibles.<\/p>\n<p>A su vez, <strong>los arquitectos proyectamos a ciegas<\/strong>; pues, aunque al final el proyecto queda plasmado en un documento, lo m\u00e1s importante es que, desde el propio germen del mismo, la idea est\u00e1 en la cabeza del arquitecto y, si realmente es un buen proyecto, por cada rinc\u00f3n del edificio se habr\u00e1 paseado el proyectista previamente dentro de su imaginaci\u00f3n. \u00a0Uno de los casos m\u00e1s exagerados en el que se ve esta cualidad es cuando se visita un edificio de \u00c1lvaro Siza.<\/p>\n<p>Con todo ello, una vez asumida que tenemos una cualidad, totalmente integrada, de ver con otros ojos distintos de los de las pupilas y ser capaces de encarar muchas situaciones diferentes, que hilamos con un lazo transversal y global, creemos que <strong>podemos postularnos ante la sociedad como un agente m\u00e1s necesario que nunca.<\/strong><\/p>\n<p>Eso s\u00ed, si nunca supimos convencer al mundo extra-arquitectonico de lo realmente \u00fatiles que somos haciendo proyectos de arquitectura; ahora<strong>, tendremos que hacer un esfuerzo m\u00e1ximo para comunicarnos con un interlocutor que en principio no tiene inter\u00e9s especial en nosotros. <\/strong>De hecho, muchas veces, pensar\u00e1 que no nos necesita; por ello, no nos queda otra que hacer lo imposible por encontrar el <strong>canal correcto<\/strong> para hacerle ver que estamos aqu\u00ed para servir y tenemos cualidades realmente \u00fatiles.<\/p>\n<p>En fin, que hay mucho por hacer, mucho por transmitir, y que, como siempre ha ocurrido a lo largo de la historia, la <strong>uni\u00f3n<\/strong> hace la fuerza. Por ello, ser\u00eda mejor que nos hici\u00e9ramos <strong>fuertes desde abajo<\/strong> y no esper\u00e1semos mucho de nuestras esferas que, posiblemente, est\u00e9n m\u00e1s interesadas en aferrarse a la poltrona que en el futuro de la profesi\u00f3n.<\/p>\n<p style=\"text-align: center;\"><strong>Autores de la entrada: <a href=\"http:\/\/www.facebook.com\/col.prudant#!\/StepienybarnoCANAL\">Stepienybarno<\/a> _ Agnieszka Stepien y Lorenzo Barn\u00f3<\/strong><\/p>\n<blockquote><p><strong>Post relacionados en Stepienbyarno:<\/strong><\/p>\n<p><a href=\"https:\/\/stepienybarno.es\/blog\/2013\/04\/29\/la-realidad-del-arquitecto\/\" target=\"_blank\">LA REALIDAD DEL ARQUITECTO<\/a><\/p>\n<blockquote class=\"wp-embedded-content\" data-secret=\"pIVDsK8XYQ\"><p><a href=\"https:\/\/stepienybarno.es\/blog\/2013\/04\/29\/la-realidad-del-arquitecto\/\">LA REALIDAD DEL ARQUITECTO<\/a><\/p><\/blockquote>\n<p><iframe loading=\"lazy\" class=\"wp-embedded-content\" sandbox=\"allow-scripts\" security=\"restricted\" style=\"position: absolute; clip: rect(1px, 1px, 1px, 1px);\" title=\"\u00abLA REALIDAD DEL ARQUITECTO\u00bb \u2014 Blog de STEPIEN Y BARNO - publicaci\u00f3n digital sobre arquitectura\" src=\"https:\/\/stepienybarno.es\/blog\/2013\/04\/29\/la-realidad-del-arquitecto\/embed\/#?secret=pIVDsK8XYQ\" data-secret=\"pIVDsK8XYQ\" width=\"600\" height=\"338\" frameborder=\"0\" marginwidth=\"0\" marginheight=\"0\" scrolling=\"no\"><\/iframe><\/p>\n<p><a href=\"https:\/\/stepienybarno.es\/blog\/2011\/09\/04\/las-fortalezas-del-arquitecto\/\" target=\"_blank\">LAS FORTALEZAS DEL ARQUITECTO<\/a><\/p>\n<p><a href=\"https:\/\/stepienybarno.es\/blog\/2011\/09\/04\/las-fortalezas-del-arquitecto\/\">https:\/\/stepienybarno.es\/blog\/2011\/09\/04\/las-fortalezas-del-arquitecto\/<\/a><\/p>\n<p><a href=\"https:\/\/stepienybarno.es\/blog\/2013\/09\/09\/el-ajedrez-de-la-arquitectura\/\" target=\"_blank\">EL AJEDREZ DE LA ARQUITECTURA<\/a><\/p>\n<p>https:\/\/stepienybarno.es\/blog\/2013\/09\/09\/el-ajedrez-de-la-arquitectura\/<\/p><\/blockquote>\n<p style=\"text-align: center;\"><a style=\"font-size: 12.8000001907349px; text-align: center;\" href=\"https:\/\/stepienybarno.es\/blog\/wp-content\/uploads\/2014\/10\/Gran-Maestro-Alexander-Alekhine-.jpg\"><img loading=\"lazy\" decoding=\"async\" class=\"aligncenter\" title=\"Gran Maestro Alexander Alekhine\" src=\"https:\/\/stepienybarno.es\/blog\/wp-content\/uploads\/2014\/10\/Gran-Maestro-Alexander-Alekhine-.jpg\" alt=\"Gran Maestro Alexander Alekhine\" width=\"624\" height=\"359\" \/><\/a><\/p>\n<blockquote>\n<p style=\"text-align: center;\">Post inspirado en la entrada de Santiago de Molina: A ciegas.<\/p>\n<p style=\"text-align: center;\"><a href=\"http:\/\/www.santiagodemolina.com\/2014\/01\/a-ciegas.html\">http:\/\/www.santiagodemolina.com\/2014\/01\/a-ciegas.html<\/a><\/p>\n<\/blockquote>\n<p><span style=\"color: #888888;\"><em>* Este art\u00edculo ha sido escrito con car\u00e1cter divulgativo y sin ning\u00fan tipo de \u00e1nimo de lucro. As\u00ed que, si te apetece <strong>compartirlo<\/strong> en cualquier otro medio, estaremos encantados de que lo hagas siempre y cuando cites el lugar donde lo has encontrado.<\/em><\/span><\/p>\n<p><a href=\"http:\/\/www.linkedin.com\/company\/stepienybarno\"><span style=\"color: #888888;\"><em>STEPIENYBARNO EN LINKEDIN<\/em><\/span><\/a><\/p>\n<p><a href=\"http:\/\/twitter.com\/stepienybarno\/stepienybarno\"><span style=\"color: #888888;\"><em>STEPIENYBARNO EN TWITTER<\/em><\/span><\/a><\/p>\n<p align=\"left\"><a href=\"https:\/\/www.facebook.com\/pages\/BLOG-DE-STEPIENYBARNO\/78001079029\"><span style=\"color: #888888;\"><em>STEPIENYBARNO EN FACEBOOK<\/em><\/span><\/a><\/p>\n<p><span style=\"color: #888888;\"><em>* Stepienybarno est\u00e1 formado por Agnieszka Stepien y Lorenzo Barn\u00f3 y desde mayo del 2009 estamos en la red con\u00a0 la presente publicaci\u00f3n digital (Blog) de arquitectura.<\/em><\/span><\/p>\n<p><span style=\"color: #888888;\"><em>Nuestra actividad se sustenta en tres pilares b\u00e1sicos: la investigaci\u00f3n, la publicaci\u00f3n y la redacci\u00f3n de proyectos de arquitectura.<\/em><\/span><\/p>\n<p><span style=\"color: #888888;\"><em>A su vez, somos socios cofundadores de <a href=\"http:\/\/sinergiasostenible.org\/\">SINERGIA SOSTENIBLE<\/a> y redactores de <a href=\"http:\/\/www.laciudadviva.org\/blogs\/?author=45\">LA CIUDAD VIVA<\/a>.<\/em><\/span><\/p>\n<p><span style=\"color: #888888;\"><em>* Los editores de esta publicaci\u00f3n digital no nos hacemos cargo de de los comentarios y\u00a0 conceptos vertidos en los textos firmados por otras personas, siendo \u00e9stos de responsabilidad exclusiva de sus autores.<\/em><\/span><\/p>\n<p><span style=\"color: #888888;\"><em>* Tu comentario pudiera ser moderado, por lo tanto, aunque aparezca inmediatamente al ser publicado en la entrada, los editores de esta publicaci\u00f3n digital nos reservamos el derecho tanto de editarlo (si fuera necesario, para hacerlo m\u00e1s legible) como de eliminarlo en el caso de que se usen expresiones incorrectas (descalificaciones, palabras malsonantes\u2026). A su vez, si quieres comentar desde el anonimato puedes hacerlo, aunque, nosotros personalmente, agradecemos que tod@s nos podamos identificar.<\/em><\/span><\/p>\n","protected":false},"excerpt":{"rendered":"<p>Hace tiempo que no public\u00e1bamos un post de car\u00e1cter m\u00e1s reflexivo y, aprovechando que es el d\u00eda de la arquitectura, hoy nos animamos a ello.<\/p>\n<p>No es la primera vez que habamos de ajedrez en este blog y, con la excusa de las partidas simult\u00e1neas, nos vamos a meter con el d\u00eda a d\u00eda de nuestra profesi\u00f3n.<\/p>\n<p>(m\u00e1s&#8230;)<\/p>\n","protected":false},"author":2,"featured_media":0,"comment_status":"open","ping_status":"closed","sticky":false,"template":"","format":"standard","meta":{"om_disable_all_campaigns":false,"_monsterinsights_skip_tracking":false,"_monsterinsights_sitenote_active":false,"_monsterinsights_sitenote_note":"","_monsterinsights_sitenote_category":0,"_uf_show_specific_survey":0,"_uf_disable_surveys":false,"episode_type":"","audio_file":"","cover_image":"","cover_image_id":"","duration":"","filesize":"","date_recorded":"","explicit":"","block":"","filesize_raw":"","footnotes":""},"categories":[2976],"tags":[4274,2577,1367,187],"series":[],"class_list":["post-14633","post","type-post","status-publish","format-standard","hentry","category-profesion-arquitecto","tag-actualidad","tag-ajedrez","tag-el-estado-de-la-profesion","tag-santiago-de-molina"],"aioseo_notices":[],"episode_featured_image":false,"episode_player_image":"https:\/\/stepienybarno.es\/blog\/wp-content\/uploads\/2020\/11\/stepienybarno-podcast-scaled.jpg","download_link":"","player_link":"","audio_player":false,"episode_data":{"playerMode":"dark","subscribeUrls":[],"rssFeedUrl":"https:\/\/stepienybarno.es\/blog\/feed\/podcast\/podcast-de-stepienybarno","embedCode":"<blockquote class=\"wp-embedded-content\" data-secret=\"NWxQIfatIF\"><a href=\"https:\/\/stepienybarno.es\/blog\/2014\/10\/06\/partidas-simultaneas-de-arquitectura\/\">PARTIDAS SIMULT\u00c1NEAS DE ARQUITECTURA<\/a><\/blockquote><iframe sandbox=\"allow-scripts\" security=\"restricted\" src=\"https:\/\/stepienybarno.es\/blog\/2014\/10\/06\/partidas-simultaneas-de-arquitectura\/embed\/#?secret=NWxQIfatIF\" width=\"500\" height=\"350\" title=\"\u00abPARTIDAS SIMULT\u00c1NEAS DE ARQUITECTURA\u00bb \u2014 Blog de STEPIEN Y BARNO - publicaci\u00f3n digital sobre arquitectura\" data-secret=\"NWxQIfatIF\" frameborder=\"0\" marginwidth=\"0\" marginheight=\"0\" scrolling=\"no\" class=\"wp-embedded-content\"><\/iframe><script type=\"text\/javascript\">\n\/* <![CDATA[ *\/\n\/*! This file is auto-generated *\/\n!function(d,l){\"use strict\";l.querySelector&&d.addEventListener&&\"undefined\"!=typeof URL&&(d.wp=d.wp||{},d.wp.receiveEmbedMessage||(d.wp.receiveEmbedMessage=function(e){var t=e.data;if((t||t.secret||t.message||t.value)&&!\/[^a-zA-Z0-9]\/.test(t.secret)){for(var s,r,n,a=l.querySelectorAll('iframe[data-secret=\"'+t.secret+'\"]'),o=l.querySelectorAll('blockquote[data-secret=\"'+t.secret+'\"]'),c=new RegExp(\"^https?:$\",\"i\"),i=0;i<o.length;i++)o[i].style.display=\"none\";for(i=0;i<a.length;i++)s=a[i],e.source===s.contentWindow&&(s.removeAttribute(\"style\"),\"height\"===t.message?(1e3<(r=parseInt(t.value,10))?r=1e3:~~r<200&&(r=200),s.height=r):\"link\"===t.message&&(r=new URL(s.getAttribute(\"src\")),n=new URL(t.value),c.test(n.protocol))&&n.host===r.host&&l.activeElement===s&&(d.top.location.href=t.value))}},d.addEventListener(\"message\",d.wp.receiveEmbedMessage,!1),l.addEventListener(\"DOMContentLoaded\",function(){for(var e,t,s=l.querySelectorAll(\"iframe.wp-embedded-content\"),r=0;r<s.length;r++)(t=(e=s[r]).getAttribute(\"data-secret\"))||(t=Math.random().toString(36).substring(2,12),e.src+=\"#?secret=\"+t,e.setAttribute(\"data-secret\",t)),e.contentWindow.postMessage({message:\"ready\",secret:t},\"*\")},!1)))}(window,document);\n\/* ]]> *\/\n<\/script>\n"},"_links":{"self":[{"href":"https:\/\/stepienybarno.es\/blog\/wp-json\/wp\/v2\/posts\/14633"}],"collection":[{"href":"https:\/\/stepienybarno.es\/blog\/wp-json\/wp\/v2\/posts"}],"about":[{"href":"https:\/\/stepienybarno.es\/blog\/wp-json\/wp\/v2\/types\/post"}],"author":[{"embeddable":true,"href":"https:\/\/stepienybarno.es\/blog\/wp-json\/wp\/v2\/users\/2"}],"replies":[{"embeddable":true,"href":"https:\/\/stepienybarno.es\/blog\/wp-json\/wp\/v2\/comments?post=14633"}],"version-history":[{"count":4,"href":"https:\/\/stepienybarno.es\/blog\/wp-json\/wp\/v2\/posts\/14633\/revisions"}],"predecessor-version":[{"id":14637,"href":"https:\/\/stepienybarno.es\/blog\/wp-json\/wp\/v2\/posts\/14633\/revisions\/14637"}],"wp:attachment":[{"href":"https:\/\/stepienybarno.es\/blog\/wp-json\/wp\/v2\/media?parent=14633"}],"wp:term":[{"taxonomy":"category","embeddable":true,"href":"https:\/\/stepienybarno.es\/blog\/wp-json\/wp\/v2\/categories?post=14633"},{"taxonomy":"post_tag","embeddable":true,"href":"https:\/\/stepienybarno.es\/blog\/wp-json\/wp\/v2\/tags?post=14633"},{"taxonomy":"series","embeddable":true,"href":"https:\/\/stepienybarno.es\/blog\/wp-json\/wp\/v2\/series?post=14633"}],"curies":[{"name":"wp","href":"https:\/\/api.w.org\/{rel}","templated":true}]}}