{"id":14677,"date":"2014-10-20T12:17:19","date_gmt":"2014-10-20T10:17:19","guid":{"rendered":"https:\/\/www.stepienybarno.es\/blog\/?p=14677"},"modified":"2014-10-20T12:25:02","modified_gmt":"2014-10-20T10:25:02","slug":"nueva-edicion-del-foro-arquia-proxima-arquiaforo","status":"publish","type":"post","link":"https:\/\/stepienybarno.es\/blog\/2014\/10\/20\/nueva-edicion-del-foro-arquia-proxima-arquiaforo\/","title":{"rendered":"NUEVA EDICI\u00d3N DEL FORO ARQUIA PROXIMA  #ArquiaForo"},"content":{"rendered":"<p style=\"text-align: center;\"><a href=\"https:\/\/stepienybarno.es\/blog\/wp-content\/uploads\/2014\/10\/Stepienybarno-blog-Foro-Arquia-Proxima-.jpg\"><img loading=\"lazy\" decoding=\"async\" class=\"alignnone size-medium wp-image-14678\" title=\"Stepienybarno-blog- Foro Arquia Proxima\" src=\"https:\/\/stepienybarno.es\/blog\/wp-content\/uploads\/2014\/10\/Stepienybarno-blog-Foro-Arquia-Proxima--350x132.jpg\" alt=\"Stepienybarno-blog- Foro Arquia Proxima\" width=\"350\" height=\"132\" \/><\/a><\/p>\n<p align=\"left\">Interesante cita para este jueves, 23 en Granada. Ser\u00e1 un d\u00eda muy completo, donde mucho de lo mejor de la arquitectura joven del pa\u00eds estar\u00e1 presente.<\/p>\n<p align=\"left\">El aforo ya est\u00e1 agotado, pero si no eres una de las 400 personas que lo ver\u00e1 en vivo y en directo, puedes disfrutar del evento, organizado por la Fundaci\u00f3n Arquia, v\u00eda streaming.<\/p>\n<p align=\"left\">\u00bfM\u00e1s sobre el Foro? Pues a seguir leyendo.<\/p>\n<p align=\"left\"><!--more--><\/p>\n<blockquote>\n<p align=\"left\">\n<p align=\"left\">En Tuiter con el Hashtag:\u00a0<a href=\"https:\/\/www.facebook.com\/hashtag\/arquiaforo?source=feed_text&amp;story_id=1487203801543976\">\u202a#\u200eArquiaForo<\/a><\/p>\n<p align=\"left\">Evento del streaming: <a href=\"https:\/\/www.facebook.com\/events\/877553145602946\/\">https:\/\/www.facebook.com\/events\/877553145602946\/<\/a><\/p>\n<\/blockquote>\n<p align=\"left\">\n<p align=\"left\"><strong>9:30h<\/strong> Presentaci\u00f3n Institucional<\/p>\n<p align=\"left\">IV FORO Arquia\/pr\u00f3xima \u201cFUERA\u201d<\/p>\n<p align=\"left\"><strong>9:45h<\/strong> Presentaci\u00f3n realizaciones<\/p>\n<p align=\"left\">Ana Pe\u00f1alba \/ Arquitectura Expandida \/ Arquitectura-G \/ Carles \u00a0Enrich \/ Carmelo Rodr\u00edguez \/ Colaborativa.eu \/ El Campo de Cebada \/ Elii \/ Fru*Fru \/ Guillermo L\u00f3pez, Anna Puigjaner, Jos\u00e9 Zabala \/ Guti\u00e9rrez-delaFuente Arquitectos y tallerDe2 \/ Guzm\u00e1n de Yarza<\/p>\n<p align=\"left\"><strong>11:30h<\/strong> Pausa<\/p>\n<p align=\"left\"><strong>12:00h<\/strong> Presentaci\u00f3n realizaciones<\/p>\n<p align=\"left\">Huerta Bizarra \/ LaCol \/ Langarita-Navarro Arquitectos \/ Lys Villalba, \u00a0Mar\u00eda Mallo \/ Manuel Clavel Rojo \/ Marina Otero \/ Pau Sarquella \u00a0F\u00e1bregas \/ PKMN \/ todoporlapraxis \/ Unstable \/ Zoohaus<\/p>\n<p align=\"left\"><strong>16:00h<\/strong> Mesa redonda<\/p>\n<p align=\"left\">Moderadora: Eva Franch (comisaria)<\/p>\n<p align=\"left\">Ponentes: Emilio Tu\u00f1\u00f3n (Patrono Fundaci\u00f3n Arquia) \/ Toni Giron\u00e9s (comisario \u00a0l\u00ednea Obra nueva\/Proyecto) \/ Izaskun Chinchilla (comisaria l\u00ednea Interiorismo y Rehabilitaci\u00f3n) \/ Luis \u00darculo (comisario l\u00ednea Cultura, Investigaci\u00f3n y Formaci\u00f3n) \/ Andr\u00e9s Jaque (comisario l\u00ednea Ciudad y Territorio)<\/p>\n<p align=\"left\"><strong>18:00h<\/strong> Pausa<\/p>\n<p align=\"left\"><strong>18:30h<\/strong> CONCURSO BECAS 2015: JUAN DOMINGO SANTOS<\/p>\n<p align=\"left\">Presentaci\u00f3n del tema: \u201cUna torre para volar\u201d por el Jurado del Concurso 2015<\/p>\n<p align=\"left\"><strong>18:40h<\/strong> CONFERENCIA: ALBERTO CAMPO BAEZA<\/p>\n<p align=\"left\">\u201cBuscando con ah\u00ednco la belleza\u201d por el Jurado del Concurso 2014<\/p>\n<p align=\"left\"><strong>19:30h CLAUSURA<\/strong><\/p>\n<p align=\"left\">Entrega de diplomas Arquia\/becas<\/p>\n<p align=\"left\">Entrega Premios: Arquia\/pr\u00f3xima \/ Obra nueva-proyecto \/ Interiorismo y \u00a0rehabilitaci\u00f3n \/ Cultura, investigaci\u00f3n y formaci\u00f3n \/ Ciudad y territorio \/ Votaci\u00f3n \u00a0on-line \/ Comunicaci\u00f3n \/ Opini\u00f3n<\/p>\n<p align=\"left\">\n<blockquote>\n<p align=\"center\"><strong>Y para saberlo todo sobre el Foro puedes clickar\u00a0<a href=\"http:\/\/fundacion.arquia.es\/es\/concursos\/proxima\/ForoProxima\/Foro2014\">aqu\u00ed.<\/a><\/strong><\/p>\n<\/blockquote>\n<p align=\"left\"><span style=\"color: #888888;\"><em>Noticia seleccionada por el Canal de arquitectura STEPIENYBARNO.<\/em><\/span><\/p>\n<p><a href=\"https:\/\/twitter.com\/stepienybarno\"><span style=\"color: #888888;\"><em>STEPIENYBARNO EN TWITTER _ @stepienybarno<\/em><\/span><\/a><\/p>\n<p align=\"left\"><a href=\"http:\/\/www.linkedin.com\/company\/stepienybarno\"><span style=\"color: #888888;\"><em>STEPIENYBARNO EN LINKEDIN<\/em><\/span><\/a><\/p>\n<p align=\"left\"><a href=\"https:\/\/www.facebook.com\/pages\/BLOG-DE-STEPIENYBARNO\/78001079029\"><span style=\"color: #888888;\"><em>STEPIENYBARNO EN FACEBOOK<\/em><\/span><\/a><\/p>\n<p align=\"left\"><span style=\"color: #888888;\"><em>*Stepienybarno est\u00e1 formado por Agnieszka Stepien y Lorenzo Barn\u00f3 y desde mayo del 2009 estamos en la red con\u00a0 la presente publicaci\u00f3n digital (Blog) de arquitectura.<\/em><\/span><\/p>\n<p align=\"left\"><span style=\"color: #888888;\"><em>Nuestra actividad se sustenta en tres pilares b\u00e1sicos: la investigaci\u00f3n, la publicaci\u00f3n (comunicaci\u00f3n y difusi\u00f3n) y la redacci\u00f3n de proyectos de arquitectura.<\/em><\/span><\/p>\n<p align=\"left\"><span style=\"color: #888888;\"><em>A su vez, somos socios cofundadores de <a href=\"http:\/\/sinergiasostenible.org\/\">SINERGIA SOSTENIBLE<\/a> y redactores de <a href=\"http:\/\/www.laciudadviva.org\/blogs\/?author=45\">LA CIUDAD VIVA<\/a>.<\/em><\/span><\/p>\n<p align=\"left\"><span style=\"color: #888888;\"><em>* Los editores de esta publicaci\u00f3n digital no nos hacemos cargo de de los comentarios y\u00a0 conceptos vertidos en los textos firmados por otras personas, siendo \u00e9stos de responsabilidad exclusiva de sus autores.<\/em><\/span><\/p>\n<p align=\"left\"><span style=\"color: #888888;\"><em>* Tu comentario podr\u00e1 ser moderado, por lo tanto, aunque aparezca inmediatamente al ser publicado en la entrada, los editores de esta publicaci\u00f3n digital nos reservamos el derecho tanto de editarlo (si fuera necesario, para hacerlo m\u00e1s legible) como de eliminarlo en el caso de que se usen expresiones incorrectas (descalificaciones, palabras malsonantes\u2026). A su vez, si quieres comentar desde el anonimato puedes hacerlo, aunque, nosotros personalmente, agradecemos que tod@s nos podamos identificar.<\/em><\/span><\/p>\n","protected":false},"excerpt":{"rendered":"<p>Interesante cita para este jueves, 23 en Granada. Ser\u00e1 un d\u00eda muy completo, donde mucho de lo mejor de la arquitectura joven del pa\u00eds estar\u00e1 presente.<\/p>\n<p>El aforo ya est\u00e1 agotado, pero si no eres una de las 400 personas que lo ver\u00e1 en vivo y en directo, puedes disfrutar del evento, organizado por la Fundaci\u00f3n Arquia, v\u00eda streaming.<\/p>\n<p>\u00bfM\u00e1s sobre el Foro? Pues a seguir leyendo.<\/p>\n","protected":false},"author":2,"featured_media":0,"comment_status":"open","ping_status":"closed","sticky":false,"template":"","format":"standard","meta":{"om_disable_all_campaigns":false,"_monsterinsights_skip_tracking":false,"_monsterinsights_sitenote_active":false,"_monsterinsights_sitenote_note":"","_monsterinsights_sitenote_category":0,"_uf_show_specific_survey":0,"_uf_disable_surveys":false,"episode_type":"","audio_file":"","cover_image":"","cover_image_id":"","duration":"","filesize":"","date_recorded":"","explicit":"","block":"","filesize_raw":"","footnotes":""},"categories":[34],"tags":[381,607,3142,237,1138,802],"series":[],"class_list":["post-14677","post","type-post","status-publish","format-standard","hentry","category-actualidad","tag-andres-jaque","tag-emilio-tunon","tag-eva-franch","tag-izaskun-chinchilla","tag-luis-urculo","tag-toni-girones"],"aioseo_notices":[],"episode_featured_image":false,"episode_player_image":"https:\/\/stepienybarno.es\/blog\/wp-content\/uploads\/2020\/11\/stepienybarno-podcast-scaled.jpg","download_link":"","player_link":"","audio_player":false,"episode_data":{"playerMode":"dark","subscribeUrls":[],"rssFeedUrl":"https:\/\/stepienybarno.es\/blog\/feed\/podcast\/podcast-de-stepienybarno","embedCode":"<blockquote class=\"wp-embedded-content\" data-secret=\"qUvleSrndK\"><a href=\"https:\/\/stepienybarno.es\/blog\/2014\/10\/20\/nueva-edicion-del-foro-arquia-proxima-arquiaforo\/\">NUEVA EDICI\u00d3N DEL FORO ARQUIA PROXIMA  #ArquiaForo<\/a><\/blockquote><iframe sandbox=\"allow-scripts\" security=\"restricted\" src=\"https:\/\/stepienybarno.es\/blog\/2014\/10\/20\/nueva-edicion-del-foro-arquia-proxima-arquiaforo\/embed\/#?secret=qUvleSrndK\" width=\"500\" height=\"350\" title=\"\u00abNUEVA EDICI\u00d3N DEL FORO ARQUIA PROXIMA  #ArquiaForo\u00bb \u2014 Blog de STEPIEN Y BARNO - publicaci\u00f3n digital sobre arquitectura\" data-secret=\"qUvleSrndK\" frameborder=\"0\" marginwidth=\"0\" marginheight=\"0\" scrolling=\"no\" class=\"wp-embedded-content\"><\/iframe><script type=\"text\/javascript\">\n\/* <![CDATA[ *\/\n\/*! This file is auto-generated *\/\n!function(d,l){\"use strict\";l.querySelector&&d.addEventListener&&\"undefined\"!=typeof URL&&(d.wp=d.wp||{},d.wp.receiveEmbedMessage||(d.wp.receiveEmbedMessage=function(e){var t=e.data;if((t||t.secret||t.message||t.value)&&!\/[^a-zA-Z0-9]\/.test(t.secret)){for(var s,r,n,a=l.querySelectorAll('iframe[data-secret=\"'+t.secret+'\"]'),o=l.querySelectorAll('blockquote[data-secret=\"'+t.secret+'\"]'),c=new RegExp(\"^https?:$\",\"i\"),i=0;i<o.length;i++)o[i].style.display=\"none\";for(i=0;i<a.length;i++)s=a[i],e.source===s.contentWindow&&(s.removeAttribute(\"style\"),\"height\"===t.message?(1e3<(r=parseInt(t.value,10))?r=1e3:~~r<200&&(r=200),s.height=r):\"link\"===t.message&&(r=new URL(s.getAttribute(\"src\")),n=new URL(t.value),c.test(n.protocol))&&n.host===r.host&&l.activeElement===s&&(d.top.location.href=t.value))}},d.addEventListener(\"message\",d.wp.receiveEmbedMessage,!1),l.addEventListener(\"DOMContentLoaded\",function(){for(var e,t,s=l.querySelectorAll(\"iframe.wp-embedded-content\"),r=0;r<s.length;r++)(t=(e=s[r]).getAttribute(\"data-secret\"))||(t=Math.random().toString(36).substring(2,12),e.src+=\"#?secret=\"+t,e.setAttribute(\"data-secret\",t)),e.contentWindow.postMessage({message:\"ready\",secret:t},\"*\")},!1)))}(window,document);\n\/* ]]> *\/\n<\/script>\n"},"_links":{"self":[{"href":"https:\/\/stepienybarno.es\/blog\/wp-json\/wp\/v2\/posts\/14677"}],"collection":[{"href":"https:\/\/stepienybarno.es\/blog\/wp-json\/wp\/v2\/posts"}],"about":[{"href":"https:\/\/stepienybarno.es\/blog\/wp-json\/wp\/v2\/types\/post"}],"author":[{"embeddable":true,"href":"https:\/\/stepienybarno.es\/blog\/wp-json\/wp\/v2\/users\/2"}],"replies":[{"embeddable":true,"href":"https:\/\/stepienybarno.es\/blog\/wp-json\/wp\/v2\/comments?post=14677"}],"version-history":[{"count":4,"href":"https:\/\/stepienybarno.es\/blog\/wp-json\/wp\/v2\/posts\/14677\/revisions"}],"predecessor-version":[{"id":14680,"href":"https:\/\/stepienybarno.es\/blog\/wp-json\/wp\/v2\/posts\/14677\/revisions\/14680"}],"wp:attachment":[{"href":"https:\/\/stepienybarno.es\/blog\/wp-json\/wp\/v2\/media?parent=14677"}],"wp:term":[{"taxonomy":"category","embeddable":true,"href":"https:\/\/stepienybarno.es\/blog\/wp-json\/wp\/v2\/categories?post=14677"},{"taxonomy":"post_tag","embeddable":true,"href":"https:\/\/stepienybarno.es\/blog\/wp-json\/wp\/v2\/tags?post=14677"},{"taxonomy":"series","embeddable":true,"href":"https:\/\/stepienybarno.es\/blog\/wp-json\/wp\/v2\/series?post=14677"}],"curies":[{"name":"wp","href":"https:\/\/api.w.org\/{rel}","templated":true}]}}