{"id":14722,"date":"2014-11-04T10:09:19","date_gmt":"2014-11-04T08:09:19","guid":{"rendered":"https:\/\/www.stepienybarno.es\/blog\/?p=14722"},"modified":"2014-11-04T10:09:19","modified_gmt":"2014-11-04T08:09:19","slug":"alvaro-fernandes-andrade-centro-de-remo-en-pocinho-portugal","status":"publish","type":"post","link":"https:\/\/stepienybarno.es\/blog\/2014\/11\/04\/alvaro-fernandes-andrade-centro-de-remo-en-pocinho-portugal\/","title":{"rendered":"\u00c1LVARO FERNANDES ANDRADE, CENTRO DE REMO EN POCINHO (PORTUGAL)"},"content":{"rendered":"<p style=\"text-align: center;\"><a href=\"https:\/\/stepienybarno.es\/blog\/wp-content\/uploads\/2014\/11\/Stepienybarno-blog-\u00c1lvaro-Fernandes-Andrade-.jpg\"><img loading=\"lazy\" decoding=\"async\" class=\"alignnone size-medium wp-image-14723\" title=\"Stepienybarno-blog- \u00c1lvaro Fernandes Andrade\" src=\"https:\/\/stepienybarno.es\/blog\/wp-content\/uploads\/2014\/11\/Stepienybarno-blog-\u00c1lvaro-Fernandes-Andrade--350x344.jpg\" alt=\"Stepienybarno-blog- \u00c1lvaro Fernandes Andrade\" width=\"350\" height=\"344\" \/><\/a><\/p>\n<p align=\"left\">Desde Arquitectura Viva.<\/p>\n<p align=\"left\"><!--more--><\/p>\n<p align=\"left\">\u201c(\u2026)Aprovechando la clara delimitaci\u00f3n entre las partes del programa \u2014por un lado, las zonas m\u00e1s privadas; por el otro, las zonas p\u00fablicas y las destinadas al deporte\u2014, el edificio se inspira en el mismo contraste crom\u00e1tico y material que sugiere el paisaje. Como si fuesen bancales, las habitaciones de los deportistas se agrupan en hileras semienterradas que siguen las curvas de nivel y que, si al exterior se mimetizan con el entorno gracias a sus tonos terrosos, al interior evocan su car\u00e1cter tel\u00farico en los acabados de hormig\u00f3n visto de las paredes, tenuemente iluminadas con lucernarios que, de un modo po\u00e9tico, permiten ver el cielo desde las camas.\u00bb<\/p>\n<p align=\"left\"><a href=\"http:\/\/www.arquitecturaviva.com\/es\/Info\/News\/Details\/6208\"><\/a><\/p>\n<p style=\"text-align: center;\"><a href=\"http:\/\/www.arquitecturaviva.com\/es\/Info\/News\/Details\/6208\"><strong>Acceder al post.<\/strong><\/a><\/p>\n<p align=\"left\">\n<p align=\"left\"><span style=\"color: #888888;\"><em>Noticia seleccionada por el Canal de arquitectura STEPIENYBARNO.<\/em><\/span><\/p>\n<p align=\"left\"><a href=\"https:\/\/twitter.com\/stepienybarno\"><span style=\"color: #888888;\"><em>STEPIENYBARNO EN TWITTER _ @stepienybarno<\/em><\/span><\/a><\/p>\n<p align=\"left\"><a href=\"http:\/\/www.linkedin.com\/company\/stepienybarno\"><span style=\"color: #888888;\"><em>STEPIENYBARNO EN LINKEDIN<\/em><\/span><\/a><\/p>\n<p align=\"left\"><a href=\"https:\/\/www.facebook.com\/pages\/BLOG-DE-STEPIENYBARNO\/78001079029\"><span style=\"color: #888888;\"><em>STEPIENYBARNO EN FACEBOOK<\/em><\/span><\/a><\/p>\n<p align=\"left\"><span style=\"color: #888888;\"><em>*Stepienybarno est\u00e1 formado por Agnieszka Stepien y Lorenzo Barn\u00f3 y desde mayo del 2009 estamos en la red con\u00a0 la presente publicaci\u00f3n digital (Blog) de arquitectura.<\/em><\/span><\/p>\n<p align=\"left\"><span style=\"color: #888888;\"><em>Nuestra actividad se sustenta en tres pilares b\u00e1sicos: la investigaci\u00f3n, la publicaci\u00f3n (comunicaci\u00f3n y difusi\u00f3n) y la redacci\u00f3n de proyectos de arquitectura.<\/em><\/span><\/p>\n<p align=\"left\"><span style=\"color: #888888;\"><em>A su vez, somos socios cofundadores de <a href=\"http:\/\/sinergiasostenible.org\/\">SINERGIA SOSTENIBLE<\/a> y redactores de <a href=\"http:\/\/www.laciudadviva.org\/blogs\/?author=45\">LA CIUDAD VIVA<\/a>.<\/em><\/span><\/p>\n<p align=\"left\"><span style=\"color: #888888;\"><em>* Los editores de esta publicaci\u00f3n digital no nos hacemos cargo de de los comentarios y\u00a0 conceptos vertidos en los textos firmados por otras personas, siendo \u00e9stos de responsabilidad exclusiva de sus autores.<\/em><\/span><\/p>\n<p align=\"left\"><span style=\"color: #888888;\"><em>* Tu comentario podr\u00e1 ser moderado, por lo tanto, aunque aparezca inmediatamente al ser publicado en la entrada, los editores de esta publicaci\u00f3n digital nos reservamos el derecho tanto de editarlo (si fuera necesario, para hacerlo m\u00e1s legible) como de eliminarlo en el caso de que se usen expresiones incorrectas (descalificaciones, palabras malsonantes\u2026). A su vez, si quieres comentar desde el anonimato puedes hacerlo, aunque, nosotros personalmente, agradecemos que tod@s nos podamos identificar.<\/em><\/span><\/p>\n","protected":false},"excerpt":{"rendered":"<p>Desde Arquitectura Viva.<\/p>\n","protected":false},"author":2,"featured_media":0,"comment_status":"open","ping_status":"closed","sticky":false,"template":"","format":"standard","meta":{"om_disable_all_campaigns":false,"_monsterinsights_skip_tracking":false,"_monsterinsights_sitenote_active":false,"_monsterinsights_sitenote_note":"","_monsterinsights_sitenote_category":0,"_uf_show_specific_survey":0,"_uf_disable_surveys":false,"episode_type":"","audio_file":"","cover_image":"","cover_image_id":"","duration":"","filesize":"","date_recorded":"","explicit":"","block":"","filesize_raw":"","footnotes":""},"categories":[244],"tags":[3145],"series":[],"class_list":["post-14722","post","type-post","status-publish","format-standard","hentry","category-canal-de-arquitectura","tag-alvaro-fernandes-andrade"],"aioseo_notices":[],"episode_featured_image":false,"episode_player_image":"https:\/\/stepienybarno.es\/blog\/wp-content\/uploads\/2020\/11\/stepienybarno-podcast-scaled.jpg","download_link":"","player_link":"","audio_player":false,"episode_data":{"playerMode":"dark","subscribeUrls":[],"rssFeedUrl":"https:\/\/stepienybarno.es\/blog\/feed\/podcast\/podcast-de-stepienybarno","embedCode":"<blockquote class=\"wp-embedded-content\" data-secret=\"9jxLHKO1s1\"><a href=\"https:\/\/stepienybarno.es\/blog\/2014\/11\/04\/alvaro-fernandes-andrade-centro-de-remo-en-pocinho-portugal\/\">\u00c1LVARO FERNANDES ANDRADE, CENTRO DE REMO EN POCINHO (PORTUGAL)<\/a><\/blockquote><iframe sandbox=\"allow-scripts\" security=\"restricted\" src=\"https:\/\/stepienybarno.es\/blog\/2014\/11\/04\/alvaro-fernandes-andrade-centro-de-remo-en-pocinho-portugal\/embed\/#?secret=9jxLHKO1s1\" width=\"500\" height=\"350\" title=\"\u00ab\u00c1LVARO FERNANDES ANDRADE, CENTRO DE REMO EN POCINHO (PORTUGAL)\u00bb \u2014 Blog de STEPIEN Y BARNO - publicaci\u00f3n digital sobre arquitectura\" data-secret=\"9jxLHKO1s1\" frameborder=\"0\" marginwidth=\"0\" marginheight=\"0\" scrolling=\"no\" class=\"wp-embedded-content\"><\/iframe><script type=\"text\/javascript\">\n\/* <![CDATA[ *\/\n\/*! This file is auto-generated *\/\n!function(d,l){\"use strict\";l.querySelector&&d.addEventListener&&\"undefined\"!=typeof URL&&(d.wp=d.wp||{},d.wp.receiveEmbedMessage||(d.wp.receiveEmbedMessage=function(e){var t=e.data;if((t||t.secret||t.message||t.value)&&!\/[^a-zA-Z0-9]\/.test(t.secret)){for(var s,r,n,a=l.querySelectorAll('iframe[data-secret=\"'+t.secret+'\"]'),o=l.querySelectorAll('blockquote[data-secret=\"'+t.secret+'\"]'),c=new RegExp(\"^https?:$\",\"i\"),i=0;i<o.length;i++)o[i].style.display=\"none\";for(i=0;i<a.length;i++)s=a[i],e.source===s.contentWindow&&(s.removeAttribute(\"style\"),\"height\"===t.message?(1e3<(r=parseInt(t.value,10))?r=1e3:~~r<200&&(r=200),s.height=r):\"link\"===t.message&&(r=new URL(s.getAttribute(\"src\")),n=new URL(t.value),c.test(n.protocol))&&n.host===r.host&&l.activeElement===s&&(d.top.location.href=t.value))}},d.addEventListener(\"message\",d.wp.receiveEmbedMessage,!1),l.addEventListener(\"DOMContentLoaded\",function(){for(var e,t,s=l.querySelectorAll(\"iframe.wp-embedded-content\"),r=0;r<s.length;r++)(t=(e=s[r]).getAttribute(\"data-secret\"))||(t=Math.random().toString(36).substring(2,12),e.src+=\"#?secret=\"+t,e.setAttribute(\"data-secret\",t)),e.contentWindow.postMessage({message:\"ready\",secret:t},\"*\")},!1)))}(window,document);\n\/* ]]> *\/\n<\/script>\n"},"_links":{"self":[{"href":"https:\/\/stepienybarno.es\/blog\/wp-json\/wp\/v2\/posts\/14722"}],"collection":[{"href":"https:\/\/stepienybarno.es\/blog\/wp-json\/wp\/v2\/posts"}],"about":[{"href":"https:\/\/stepienybarno.es\/blog\/wp-json\/wp\/v2\/types\/post"}],"author":[{"embeddable":true,"href":"https:\/\/stepienybarno.es\/blog\/wp-json\/wp\/v2\/users\/2"}],"replies":[{"embeddable":true,"href":"https:\/\/stepienybarno.es\/blog\/wp-json\/wp\/v2\/comments?post=14722"}],"version-history":[{"count":2,"href":"https:\/\/stepienybarno.es\/blog\/wp-json\/wp\/v2\/posts\/14722\/revisions"}],"predecessor-version":[{"id":14725,"href":"https:\/\/stepienybarno.es\/blog\/wp-json\/wp\/v2\/posts\/14722\/revisions\/14725"}],"wp:attachment":[{"href":"https:\/\/stepienybarno.es\/blog\/wp-json\/wp\/v2\/media?parent=14722"}],"wp:term":[{"taxonomy":"category","embeddable":true,"href":"https:\/\/stepienybarno.es\/blog\/wp-json\/wp\/v2\/categories?post=14722"},{"taxonomy":"post_tag","embeddable":true,"href":"https:\/\/stepienybarno.es\/blog\/wp-json\/wp\/v2\/tags?post=14722"},{"taxonomy":"series","embeddable":true,"href":"https:\/\/stepienybarno.es\/blog\/wp-json\/wp\/v2\/series?post=14722"}],"curies":[{"name":"wp","href":"https:\/\/api.w.org\/{rel}","templated":true}]}}