{"id":14795,"date":"2014-11-12T09:42:27","date_gmt":"2014-11-12T07:42:27","guid":{"rendered":"https:\/\/www.stepienybarno.es\/blog\/?p=14795"},"modified":"2014-11-12T09:42:27","modified_gmt":"2014-11-12T07:42:27","slug":"la-escuela-informal","status":"publish","type":"post","link":"https:\/\/stepienybarno.es\/blog\/2014\/11\/12\/la-escuela-informal\/","title":{"rendered":"LA ESCUELA INFORMAL"},"content":{"rendered":"<p style=\"text-align: center;\"><span style=\"color: #333333;\"><a><img loading=\"lazy\" decoding=\"async\" class=\"alignnone size-medium wp-image-14796\" title=\"Stepienybarno- Miguel \u00c1ngel D\u00edaz Camacho-P\u00e1rrafos de arquitectura.\" src=\"https:\/\/stepienybarno.es\/blog\/wp-content\/uploads\/2014\/11\/Stepienybarno-Miguel-\u00c1ngel-D\u00edaz-Camacho-P\u00e1rrafos-de-arquitectura.-350x350.jpg\" alt=\"Stepienybarno- Miguel \u00c1ngel D\u00edaz Camacho-P\u00e1rrafos de arquitectura.\" width=\"350\" height=\"350\" \/><\/a><\/span><\/p>\n<p align=\"left\"><span style=\"color: #333333;\"> <\/span><\/p>\n<p align=\"left\"><span style=\"color: #333333;\">Por Miguel \u00c1ngel D\u00edaz Camacho<\/span><\/p>\n<p align=\"left\"><span style=\"color: #333333;\">Desde el cada vez m\u00e1s interesante blog de P\u00e1rrafos de arquitectura.<\/span><\/p>\n<p align=\"left\"><span style=\"color: #333333;\"><!--more--><br \/>\n\u201d(\u2026) En los a\u00f1os 80 tiene lugar la conocida intervenci\u00f3n de Coderch, una propuesta org\u00e1nica, horizontal y de ladrillo que ocupa el interior de la parcela, salvando el desnivel existente y conectando la Diagonal con la calle paralela Pau Gargallo (6). La ampliaci\u00f3n de Coderch contrasta en todo con la propuesta de Bona i Puig y, sin embargo, se oculta en el interior del conjunto como un paisaje ondulado ajeno al ruido del tr\u00e1fico y la mirada de los turistas.\u201d<\/span><\/p>\n<blockquote>\n<p style=\"text-align: center;\"><span style=\"color: #333333;\"><strong>Acceder al post, <a href=\"http:\/\/madc-texts.blogspot.com.es\/2014\/11\/la-escuela-informal.html\"><span style=\"color: #333333;\">aqu\u00ed.<\/span><\/a><\/strong><\/span><\/p>\n<\/blockquote>\n<p align=\"left\"><span style=\"color: #333333;\"> <\/span><\/p>\n<p align=\"left\"><span style=\"color: #999999;\"><em>Noticia seleccionada por el Canal de arquitectura STEPIENYBARNO.<\/em><\/span><\/p>\n<p align=\"left\"><span style=\"color: #333333;\"><a href=\"https:\/\/twitter.com\/stepienybarno\"><span style=\"color: #999999;\"><em>STEPIENYBARNO EN TWITTER _ @stepienybarno<\/em><\/span><\/a><\/span><\/p>\n<p align=\"left\"><span style=\"color: #333333;\"><a href=\"http:\/\/www.linkedin.com\/company\/stepienybarno\"><span style=\"color: #999999;\"><em>STEPIENYBARNO EN LINKEDIN<\/em><\/span><\/a><\/span><\/p>\n<p align=\"left\"><span style=\"color: #333333;\"><a href=\"https:\/\/www.facebook.com\/pages\/BLOG-DE-STEPIENYBARNO\/78001079029\"><span style=\"color: #999999;\"><em>STEPIENYBARNO EN FACEBOOK<\/em><\/span><\/a><\/span><\/p>\n<p align=\"left\"><span style=\"color: #999999;\"><em>*Stepienybarno est\u00e1 formado por Agnieszka Stepien y Lorenzo Barn\u00f3 y desde mayo del 2009 estamos en la red con\u00a0 la presente publicaci\u00f3n digital (Blog) de arquitectura. <\/em><\/span><\/p>\n<p align=\"left\"><span style=\"color: #999999;\"><em>Nuestra actividad se sustenta en tres pilares b\u00e1sicos: la investigaci\u00f3n, la publicaci\u00f3n (comunicaci\u00f3n y difusi\u00f3n) y la redacci\u00f3n de proyectos de arquitectura.<\/em><\/span><\/p>\n<p align=\"left\"><span style=\"color: #999999;\"><em>A su vez, somos socios cofundadores de <a href=\"http:\/\/sinergiasostenible.org\/\">SINERGIA SOSTENIBLE<\/a> y redactores de <a href=\"http:\/\/www.laciudadviva.org\/blogs\/?author=45\">LA CIUDAD VIVA<\/a>.<\/em><\/span><\/p>\n<p align=\"left\"><span style=\"color: #999999;\"><em>* Los editores de esta publicaci\u00f3n digital no nos hacemos cargo de de los comentarios y\u00a0 conceptos vertidos en los textos firmados por otras personas, siendo \u00e9stos de responsabilidad exclusiva de sus autores.<\/em><\/span><\/p>\n<p align=\"left\"><span style=\"color: #999999;\"><em>* Tu comentario podr\u00e1 ser moderado, por lo tanto, aunque aparezca inmediatamente al ser publicado en la entrada, los editores de esta publicaci\u00f3n digital nos reservamos el derecho tanto de editarlo (si fuera necesario, para hacerlo m\u00e1s legible) como de eliminarlo en el caso de que se usen expresiones incorrectas (descalificaciones, palabras malsonantes\u2026). A su vez, si quieres comentar desde el anonimato puedes hacerlo, aunque, nosotros personalmente, agradecemos que tod@s nos podamos identificar.<\/em><\/span><\/p>\n","protected":false},"excerpt":{"rendered":"<p>Por Miguel \u00c1ngel D\u00edaz Camacho<\/p>\n<p>Desde el cada vez m\u00e1s interesante blog de P\u00e1rrafos de arquitectura.<\/p>\n<p>(m\u00e1s&#8230;)<\/p>\n","protected":false},"author":2,"featured_media":0,"comment_status":"open","ping_status":"closed","sticky":false,"template":"","format":"standard","meta":{"om_disable_all_campaigns":false,"_monsterinsights_skip_tracking":false,"_monsterinsights_sitenote_active":false,"_monsterinsights_sitenote_note":"","_monsterinsights_sitenote_category":0,"_uf_show_specific_survey":0,"_uf_disable_surveys":false,"episode_type":"","audio_file":"","cover_image":"","cover_image_id":"","duration":"","filesize":"","date_recorded":"","explicit":"","block":"","filesize_raw":"","footnotes":""},"categories":[34,244],"tags":[1387,952,2980],"series":[],"class_list":["post-14795","post","type-post","status-publish","format-standard","hentry","category-actualidad","category-canal-de-arquitectura","tag-coderch","tag-miguel-angel-diaz-camacho","tag-parrafos-de-arquitectura"],"aioseo_notices":[],"episode_featured_image":false,"episode_player_image":"https:\/\/stepienybarno.es\/blog\/wp-content\/uploads\/2020\/11\/stepienybarno-podcast-scaled.jpg","download_link":"","player_link":"","audio_player":false,"episode_data":{"playerMode":"dark","subscribeUrls":[],"rssFeedUrl":"https:\/\/stepienybarno.es\/blog\/feed\/podcast\/podcast-de-stepienybarno","embedCode":"<blockquote class=\"wp-embedded-content\" data-secret=\"TleO8NU9CZ\"><a href=\"https:\/\/stepienybarno.es\/blog\/2014\/11\/12\/la-escuela-informal\/\">LA ESCUELA INFORMAL<\/a><\/blockquote><iframe sandbox=\"allow-scripts\" security=\"restricted\" src=\"https:\/\/stepienybarno.es\/blog\/2014\/11\/12\/la-escuela-informal\/embed\/#?secret=TleO8NU9CZ\" width=\"500\" height=\"350\" title=\"\u00abLA ESCUELA INFORMAL\u00bb \u2014 Blog de STEPIEN Y BARNO - publicaci\u00f3n digital sobre arquitectura\" data-secret=\"TleO8NU9CZ\" frameborder=\"0\" marginwidth=\"0\" marginheight=\"0\" scrolling=\"no\" class=\"wp-embedded-content\"><\/iframe><script type=\"text\/javascript\">\n\/* <![CDATA[ *\/\n\/*! This file is auto-generated *\/\n!function(d,l){\"use strict\";l.querySelector&&d.addEventListener&&\"undefined\"!=typeof URL&&(d.wp=d.wp||{},d.wp.receiveEmbedMessage||(d.wp.receiveEmbedMessage=function(e){var t=e.data;if((t||t.secret||t.message||t.value)&&!\/[^a-zA-Z0-9]\/.test(t.secret)){for(var s,r,n,a=l.querySelectorAll('iframe[data-secret=\"'+t.secret+'\"]'),o=l.querySelectorAll('blockquote[data-secret=\"'+t.secret+'\"]'),c=new RegExp(\"^https?:$\",\"i\"),i=0;i<o.length;i++)o[i].style.display=\"none\";for(i=0;i<a.length;i++)s=a[i],e.source===s.contentWindow&&(s.removeAttribute(\"style\"),\"height\"===t.message?(1e3<(r=parseInt(t.value,10))?r=1e3:~~r<200&&(r=200),s.height=r):\"link\"===t.message&&(r=new URL(s.getAttribute(\"src\")),n=new URL(t.value),c.test(n.protocol))&&n.host===r.host&&l.activeElement===s&&(d.top.location.href=t.value))}},d.addEventListener(\"message\",d.wp.receiveEmbedMessage,!1),l.addEventListener(\"DOMContentLoaded\",function(){for(var e,t,s=l.querySelectorAll(\"iframe.wp-embedded-content\"),r=0;r<s.length;r++)(t=(e=s[r]).getAttribute(\"data-secret\"))||(t=Math.random().toString(36).substring(2,12),e.src+=\"#?secret=\"+t,e.setAttribute(\"data-secret\",t)),e.contentWindow.postMessage({message:\"ready\",secret:t},\"*\")},!1)))}(window,document);\n\/* ]]> *\/\n<\/script>\n"},"_links":{"self":[{"href":"https:\/\/stepienybarno.es\/blog\/wp-json\/wp\/v2\/posts\/14795"}],"collection":[{"href":"https:\/\/stepienybarno.es\/blog\/wp-json\/wp\/v2\/posts"}],"about":[{"href":"https:\/\/stepienybarno.es\/blog\/wp-json\/wp\/v2\/types\/post"}],"author":[{"embeddable":true,"href":"https:\/\/stepienybarno.es\/blog\/wp-json\/wp\/v2\/users\/2"}],"replies":[{"embeddable":true,"href":"https:\/\/stepienybarno.es\/blog\/wp-json\/wp\/v2\/comments?post=14795"}],"version-history":[{"count":2,"href":"https:\/\/stepienybarno.es\/blog\/wp-json\/wp\/v2\/posts\/14795\/revisions"}],"predecessor-version":[{"id":14798,"href":"https:\/\/stepienybarno.es\/blog\/wp-json\/wp\/v2\/posts\/14795\/revisions\/14798"}],"wp:attachment":[{"href":"https:\/\/stepienybarno.es\/blog\/wp-json\/wp\/v2\/media?parent=14795"}],"wp:term":[{"taxonomy":"category","embeddable":true,"href":"https:\/\/stepienybarno.es\/blog\/wp-json\/wp\/v2\/categories?post=14795"},{"taxonomy":"post_tag","embeddable":true,"href":"https:\/\/stepienybarno.es\/blog\/wp-json\/wp\/v2\/tags?post=14795"},{"taxonomy":"series","embeddable":true,"href":"https:\/\/stepienybarno.es\/blog\/wp-json\/wp\/v2\/series?post=14795"}],"curies":[{"name":"wp","href":"https:\/\/api.w.org\/{rel}","templated":true}]}}