{"id":14825,"date":"2014-11-17T21:08:30","date_gmt":"2014-11-17T19:08:30","guid":{"rendered":"https:\/\/www.stepienybarno.es\/blog\/?p=14825"},"modified":"2014-11-19T18:46:44","modified_gmt":"2014-11-19T16:46:44","slug":"arquientrevista-con-pereda-perez-arquitectos","status":"publish","type":"post","link":"https:\/\/stepienybarno.es\/blog\/2014\/11\/17\/arquientrevista-con-pereda-perez-arquitectos\/","title":{"rendered":"#ArquiEntrevista con PEREDA P\u00c9REZ ARQUITECTOS"},"content":{"rendered":"<p align=\"left\">\n<p style=\"text-align: center;\" align=\"left\"><a style=\"font-size: 12.8000001907349px; text-align: center;\" href=\"https:\/\/stepienybarno.es\/blog\/wp-content\/uploads\/2014\/11\/Pereda-P+\u00aerez_estudio.JPG\"><img loading=\"lazy\" decoding=\"async\" class=\"aligncenter\" title=\"Pereda P+\u00aerez_estudio\" src=\"https:\/\/stepienybarno.es\/blog\/wp-content\/uploads\/2014\/11\/Pereda-P+\u00aerez_estudio.JPG\" alt=\"Pereda P+\u00aerez_estudio\" width=\"350\" height=\"350\" \/><\/a><\/p>\n<p align=\"left\">\n<p align=\"left\">Vamos con una nueva edici\u00f3n de nuestra secci\u00f3n #ArquiEntrevista. En esta ocasi\u00f3n tenemos el placer de volver a traer a primer plano de nuestro blog a nuestros paisanos, Pereda P\u00e9rez arquitectos. Pasen, vean y disfruten.<\/p>\n<p align=\"left\"><!--more--><\/p>\n<p align=\"left\">\n<p align=\"left\"><span style=\"color: #808080;\">1_ \u00bfCu\u00e1les son vuestros mejores recuerdos de la etapa universitaria?<\/span><\/p>\n<p align=\"left\">Comenzar a incorporar a nuestro c\u00edrculo de amistades personas alrededor de <strong>la inquietud por<\/strong> <strong>la arquitectura que han enriquecido nuestra vida personal<\/strong>, movimiento que a d\u00eda de hoy no ha cesado\u2026<\/p>\n<p align=\"left\">\n<p align=\"left\"><span style=\"color: #808080;\">2_ \u00bfC\u00f3mo fue vuestro desembarco en el mundo profesional?<\/span><\/p>\n<p align=\"left\">Ambos trabajando intensamente en estudios de otros arquitectos durante varios a\u00f1os.<\/p>\n<p align=\"left\">\n<p align=\"left\"><span style=\"color: #808080;\">3_ \u00bfCu\u00e1les son vuestras principales influencias o referencias?<\/span><\/p>\n<p align=\"left\">M\u00e1s all\u00e1 de personas, nuestra referencia sobre la que pivotamos nuestro trabajo, es siempre que <strong>la nuestra es una profesi\u00f3n de servicio donde atender de forma detenida a nuestros clientes.<\/strong> Encontrando ah\u00ed la satisfacci\u00f3n de nuestra presencia \u00fatil\u00a0 que afirmaba Alejandro de La Sota.<\/p>\n<p align=\"left\">\n<p align=\"left\"><span style=\"color: #808080;\">4_ Contarnos de qu\u00e9 proyecto os sent\u00eds m\u00e1s orgullosos de todos los que hab\u00e9is hecho.<\/span><\/p>\n<p align=\"left\">\u00a1Siempre del \u00faltimo! sinceramente, cada vez nos cuestan m\u00e1s y por eso siempre es el \u00faltimo.<\/p>\n<p align=\"left\">\n<p align=\"left\"><span style=\"color: #808080;\">5_ Del actual panorama arquitect\u00f3nico \u00bfqu\u00e9 es lo que m\u00e1s os interesa? Decirnos nombres de arquitectos y proyectos.<\/span><\/p>\n<p align=\"left\">Desde la maestr\u00eda de las obras de Siza, pasando por la belleza y precisi\u00f3n de las obras de\u00a0 Alberto Campo, Tu\u00f1\u00f3n y Mansilla o Caruso St John, hasta la inteligencia y po\u00e9tica material de RCR, Christian Kerez o Valerio Olgiati\u2026 Entre otras muchas, podr\u00edamos ejemplificar sin equivocarnos el Museo M\u00edmesis, las oficinas para la Junta de Castilla y Le\u00f3n, el Museo de las Colecciones Reales,\u00a0 el Jyv\u00e4skyl\u00e4 Music and Arts Centre, el Museo Soulages, la Escuela Leutschenbach o el Plantahof Auditorium entre tantas otras obras y arquitectos. Para nosotros, <strong>cada d\u00eda adquieren mayor valor aquellas obras que, sin pretender deslumbrar, haciendo de la mesura un gran valor, se ajustan verdaderamente al cumplimiento de lo que se les pide.<\/strong><\/p>\n<p align=\"left\">\n<p align=\"left\"><span style=\"color: #808080;\">6_ \u00bfC\u00f3mo veis a las Escuelas de arquitectura a d\u00eda de hoy?<\/span><\/p>\n<p align=\"left\">Desgraciadamente,<strong> en algunos casos parecen m\u00e1s una expendedora de t\u00edtulos que unas verdaderas Escuelas entorno al conocimiento<\/strong>, con cierta profundidad, del complejo mundo de la arquitectura. Pero sin olvidar que la carrera es corta,\u00a0 pero lo suficientemente larga para que los alumnos caigan en la cuenta de la arquitectura y a partir de ah\u00ed, todos, debemos seguir avanzando sin descanso en su conocimiento.<\/p>\n<p align=\"left\">\n<p align=\"left\"><span style=\"color: #808080;\">7_ \u00bfCu\u00e1l es vuestra opini\u00f3n sobre los Colegios de arquitectura? \u00bfC\u00f3mo os los imaginas en un futuro?<\/span><\/p>\n<p align=\"left\">El modelo profesional est\u00e1 cambiando y, por tanto, los Colegios deben adaptarse a este movimiento; las vemos como Asociaciones Profesionales milim\u00e9tricamente pegados al servicio de la Arquitectura y los arquitectos en este cambio.<\/p>\n<p align=\"left\">\n<p align=\"left\"><span style=\"color: #808080;\">8_ \u00bfQu\u00e9 nos cont\u00e1is del mundo de los blogs de arquitectura? \u00bfCu\u00e1les son vuestros preferidos?<\/span><\/p>\n<p align=\"left\"><strong>La red ya es un mundo propio, es un nuevo espacio p\u00fablico<\/strong>\u2026 pero sin olvidarnos que la arquitectura y nuestra actividad como arquitectos se mueve en la realidad.<\/p>\n<p align=\"left\">Hoy en d\u00eda, los blogs y webs de arquitectura forman parte muy importante del conocimiento\u00a0 y difusi\u00f3n de la Arquitectura; adem\u00e1s de Stepienybarno, miramos habitualmente <a href=\"http:\/\/hicarquitectura.com\/\">hicarquitectura<\/a>, <a href=\"https:\/\/axonometrica.wordpress.com\/\">axonom\u00e9trica.wordpress<\/a>, <a href=\"http:\/\/arquitecturazonacero.blogspot.com.es\/\">arquitectura zona cero<\/a>, <a href=\"http:\/\/blogs.elpais.com\/del-tirador-a-la-ciudad\/\">del tirador a la ciudad<\/a>, <a href=\"http:\/\/tectonicablog.com\/\">tect\u00f3nica blog<\/a>, <span style=\"background-image: initial; background-attachment: initial; background-size: initial; background-origin: initial; background-clip: initial; background-position: initial; background-repeat: initial;\"><a href=\"http:\/\/jaumeprat.com\/\">Arquitectura entre otras soluciones<\/a>, <a href=\"http:\/\/madc-texts.blogspot.com.es\/\">P\u00e1rrafos de arquitectura<\/a>, <a href=\"http:\/\/www.santiagodemolina.com\/\">m\u00faltiples estrategias de arquitectura<\/a>, <a href=\"http:\/\/blogfundacion.arquia.es\/\">blog de Fundaci\u00f3n arquia<\/a>, redfundamanteos <\/span>o arquitectura beta entre otros muchos y sin olvidar la fant\u00e1stica difusi\u00f3n en diferentes redes de Agua architects y Vaumm arquitectos.<\/p>\n<p align=\"left\">\n<p align=\"left\"><span style=\"color: #808080;\">9_ \u00bfQu\u00e9 papel juega la red y las redes sociales, a la hora de dar visibilidad a vuestro trabajo?<\/span><\/p>\n<p align=\"left\">In crescendo, aunque cada vez tenemos m\u00e1s claro que la distancia \u201cinfinita\u201d de este mundo es una cuesti\u00f3n a mesurar.<\/p>\n<p align=\"left\">\n<p align=\"left\"><span style=\"color: #808080;\">10_ \u00bfD\u00f3nde os imagin\u00e1is dentro de cinco a\u00f1os? \u00bfAlg\u00fan sue\u00f1o que os gustar\u00eda que se cumpliese?<\/span><\/p>\n<p align=\"left\">Si no puede ser en las Maldivas, en el estudio no estamos tan mal. \u00bfAlguno? Tenemos tantos\u2026.<\/p>\n<p style=\"text-align: center;\"><a href=\"https:\/\/stepienybarno.es\/blog\/wp-content\/uploads\/2014\/11\/Pereda-P+\u00aerez_actividad.JPG\"><img loading=\"lazy\" decoding=\"async\" class=\"size-full wp-image-14827 aligncenter\" title=\"Pereda P+\u00aerez_actividad\" src=\"https:\/\/stepienybarno.es\/blog\/wp-content\/uploads\/2014\/11\/Pereda-P+\u00aerez_actividad.JPG\" alt=\"Pereda P+\u00aerez_actividad\" width=\"500\" height=\"500\" srcset=\"https:\/\/stepienybarno.es\/blog\/wp-content\/uploads\/2014\/11\/Pereda-P+\u00aerez_actividad.JPG 500w, https:\/\/stepienybarno.es\/blog\/wp-content\/uploads\/2014\/11\/Pereda-P+\u00aerez_actividad-180x180.jpg 180w, https:\/\/stepienybarno.es\/blog\/wp-content\/uploads\/2014\/11\/Pereda-P+\u00aerez_actividad-224x224.jpg 224w, https:\/\/stepienybarno.es\/blog\/wp-content\/uploads\/2014\/11\/Pereda-P+\u00aerez_actividad-316x316.jpg 316w\" sizes=\"(max-width: 500px) 100vw, 500px\" \/><\/a><span style=\"font-size: 13px; text-align: center;\"> <\/span><\/p>\n<blockquote>\n<p align=\"left\">Cr\u00e9ditos fotogr\u00e1ficos:\u00a0<span style=\"font-size: 13px;\">Carlos Pereda<\/span><\/p>\n<\/blockquote>\n<blockquote>\n<p align=\"left\">PEREDA | P\u00c9REZ | ARQUITECTOS<br \/>\nTraves\u00eda Monte Monjard\u00edn 8 bajo 31006 Pamplona Spain<\/p>\n<p align=\"left\">T 948292308 | F 948292309 | E\u00a0estudio@peredaperez.com\u00a0|<\/p>\n<p align=\"left\">W\u00a0www.peredaperez.com<\/p>\n<p align=\"left\">Facebook | Carlos Pereda Iglesias<\/p>\n<p align=\"left\">Twitter | @carlos_pereda_<\/p>\n<\/blockquote>\n<p align=\"left\">\n<p style=\"text-align: center;\"><a href=\"https:\/\/stepienybarno.es\/blog\/wp-content\/uploads\/2014\/11\/2_Escuela-Infantil-en-Paplona_PPA_PPF_2011.jpg\"><img loading=\"lazy\" decoding=\"async\" class=\"alignnone size-full wp-image-14824\" title=\"2_Escuela-Infantil-en-Paplona_PPA_PPF_2011\" src=\"https:\/\/stepienybarno.es\/blog\/wp-content\/uploads\/2014\/11\/2_Escuela-Infantil-en-Paplona_PPA_PPF_2011.jpg\" alt=\"2_Escuela-Infantil-en-Paplona_PPA_PPF_2011\" width=\"500\" height=\"443\" srcset=\"https:\/\/stepienybarno.es\/blog\/wp-content\/uploads\/2014\/11\/2_Escuela-Infantil-en-Paplona_PPA_PPF_2011.jpg 500w, https:\/\/stepienybarno.es\/blog\/wp-content\/uploads\/2014\/11\/2_Escuela-Infantil-en-Paplona_PPA_PPF_2011-180x159.jpg 180w, https:\/\/stepienybarno.es\/blog\/wp-content\/uploads\/2014\/11\/2_Escuela-Infantil-en-Paplona_PPA_PPF_2011-316x280.jpg 316w\" sizes=\"(max-width: 500px) 100vw, 500px\" \/><\/a><\/p>\n<blockquote>\n<p align=\"left\"><strong>Post relacionados:<\/strong><\/p>\n<p align=\"left\">ARQUITECTOS VASCO-NAVARROS 9 _ PEREDA P\u00c9REZ ARQUITECTOS<\/p>\n<p align=\"left\">Acceder: <a href=\"http:\/\/kcy.me\/11i8e\">http:\/\/kcy.me\/11i8e<\/a><\/p>\n<\/blockquote>\n<p align=\"left\">\n<p align=\"left\">*<span style=\"color: #999999;\"><em> Este art\u00edculo ha sido escrito con car\u00e1cter divulgativo y sin ning\u00fan tipo de \u00e1nimo de lucro. As\u00ed que, si te apetece compartirlo en cualquier otro medio, estaremos encantados de que lo hagas siempre y cuando cites el lugar donde lo has encontrado.<\/em><\/span><\/p>\n<p align=\"left\"><a href=\"https:\/\/twitter.com\/stepienybarno\"><span style=\"color: #999999;\"><em>STEPIENYBARNO EN TWITTER _ @stepienybarno<\/em><\/span><\/a><\/p>\n<p align=\"left\"><a href=\"http:\/\/www.linkedin.com\/company\/stepienybarno\"><span style=\"color: #999999;\"><em>STEPIENYBARNO EN LINKEDIN<\/em><\/span><\/a><\/p>\n<p align=\"left\"><a href=\"https:\/\/www.facebook.com\/pages\/BLOG-DE-STEPIENYBARNO\/78001079029\"><span style=\"color: #999999;\"><em>STEPIENYBARNO EN FACEBOOK<\/em><\/span><\/a><\/p>\n<p align=\"left\"><span style=\"color: #999999;\"><em>* Stepienybarno est\u00e1 formado por Agnieszka Stepien y Lorenzo Barn\u00f3 y desde mayo del 2009 estamos en la red con\u00a0 la presente publicaci\u00f3n digital (Blog) de arquitectura.<\/em><\/span><\/p>\n<p align=\"left\"><span style=\"color: #999999;\"><em>Nuestra actividad se sustenta en tres pilares b\u00e1sicos: la investigaci\u00f3n, la publicaci\u00f3n y la redacci\u00f3n de proyectos de arquitectura.<\/em><\/span><\/p>\n<p align=\"left\"><span style=\"color: #999999;\"><em>A su vez, somos socios cofundadores de <a href=\"http:\/\/sinergiasostenible.org\/\">SINERGIA SOSTENIBLE<\/a> y redactores de <a href=\"http:\/\/www.laciudadviva.org\/blogs\/?author=45\">LA CIUDAD VIVA<\/a>.<\/em><\/span><\/p>\n<p align=\"left\"><span style=\"color: #999999;\"><em>* Los editores de esta publicaci\u00f3n digital no nos hacemos cargo de de los comentarios y\u00a0 conceptos vertidos en los textos firmados por otras personas, siendo \u00e9stos de responsabilidad exclusiva de sus autores.<\/em><\/span><\/p>\n<p align=\"left\"><span style=\"color: #999999;\"><em>* Tu comentario pudiera ser moderado, por lo tanto, aunque aparezca inmediatamente al ser publicado en la entrada, los editores de esta publicaci\u00f3n digital nos reservamos el derecho tanto de editarlo (si fuera necesario, para hacerlo m\u00e1s legible) como de eliminarlo en el caso de que se usen expresiones incorrectas (descalificaciones, palabras malsonantes\u2026). A su vez, si quieres comentar desde el anonimato puedes hacerlo, aunque, nosotros personalmente, agradecemos que tod@s nos podamos identificar.<\/em><\/span><\/p>\n","protected":false},"excerpt":{"rendered":"<p>Vamos con una nueva edici\u00f3n de nuestra secci\u00f3n #ArquiEntrevista. En esta ocasi\u00f3n tenemos el placer de volver a traer a primer plano de nuestro blog a nuestros paisanos, Pereda P\u00e9rez arquitectos. Pasen, vean y disfruten.<\/p>\n<p>(m\u00e1s&#8230;)<\/p>\n","protected":false},"author":2,"featured_media":0,"comment_status":"open","ping_status":"closed","sticky":false,"template":"","format":"standard","meta":{"om_disable_all_campaigns":false,"_monsterinsights_skip_tracking":false,"_monsterinsights_sitenote_active":false,"_monsterinsights_sitenote_note":"","_monsterinsights_sitenote_category":0,"_uf_show_specific_survey":0,"_uf_disable_surveys":false,"episode_type":"","audio_file":"","cover_image":"","cover_image_id":"","duration":"","filesize":"","date_recorded":"","explicit":"","block":"","filesize_raw":"","footnotes":""},"categories":[34,63,4],"tags":[3146,4274,9,1336],"series":[],"class_list":["post-14825","post","type-post","status-publish","format-standard","hentry","category-actualidad","category-arqui-entrevista","category-arquilectura","tag-arquientrevista","tag-actualidad","tag-arquitectura","tag-pereda-perez-arquitectos"],"aioseo_notices":[],"episode_featured_image":false,"episode_player_image":"https:\/\/stepienybarno.es\/blog\/wp-content\/uploads\/2020\/11\/stepienybarno-podcast-scaled.jpg","download_link":"","player_link":"","audio_player":false,"episode_data":{"playerMode":"dark","subscribeUrls":[],"rssFeedUrl":"https:\/\/stepienybarno.es\/blog\/feed\/podcast\/podcast-de-stepienybarno","embedCode":"<blockquote class=\"wp-embedded-content\" data-secret=\"WRU6HQD6pp\"><a href=\"https:\/\/stepienybarno.es\/blog\/2014\/11\/17\/arquientrevista-con-pereda-perez-arquitectos\/\">#ArquiEntrevista con PEREDA P\u00c9REZ ARQUITECTOS<\/a><\/blockquote><iframe sandbox=\"allow-scripts\" security=\"restricted\" src=\"https:\/\/stepienybarno.es\/blog\/2014\/11\/17\/arquientrevista-con-pereda-perez-arquitectos\/embed\/#?secret=WRU6HQD6pp\" width=\"500\" height=\"350\" title=\"\u00ab#ArquiEntrevista con PEREDA P\u00c9REZ ARQUITECTOS\u00bb \u2014 Blog de STEPIEN Y BARNO - publicaci\u00f3n digital sobre arquitectura\" data-secret=\"WRU6HQD6pp\" frameborder=\"0\" marginwidth=\"0\" marginheight=\"0\" scrolling=\"no\" class=\"wp-embedded-content\"><\/iframe><script type=\"text\/javascript\">\n\/* <![CDATA[ *\/\n\/*! This file is auto-generated *\/\n!function(d,l){\"use strict\";l.querySelector&&d.addEventListener&&\"undefined\"!=typeof URL&&(d.wp=d.wp||{},d.wp.receiveEmbedMessage||(d.wp.receiveEmbedMessage=function(e){var t=e.data;if((t||t.secret||t.message||t.value)&&!\/[^a-zA-Z0-9]\/.test(t.secret)){for(var s,r,n,a=l.querySelectorAll('iframe[data-secret=\"'+t.secret+'\"]'),o=l.querySelectorAll('blockquote[data-secret=\"'+t.secret+'\"]'),c=new RegExp(\"^https?:$\",\"i\"),i=0;i<o.length;i++)o[i].style.display=\"none\";for(i=0;i<a.length;i++)s=a[i],e.source===s.contentWindow&&(s.removeAttribute(\"style\"),\"height\"===t.message?(1e3<(r=parseInt(t.value,10))?r=1e3:~~r<200&&(r=200),s.height=r):\"link\"===t.message&&(r=new URL(s.getAttribute(\"src\")),n=new URL(t.value),c.test(n.protocol))&&n.host===r.host&&l.activeElement===s&&(d.top.location.href=t.value))}},d.addEventListener(\"message\",d.wp.receiveEmbedMessage,!1),l.addEventListener(\"DOMContentLoaded\",function(){for(var e,t,s=l.querySelectorAll(\"iframe.wp-embedded-content\"),r=0;r<s.length;r++)(t=(e=s[r]).getAttribute(\"data-secret\"))||(t=Math.random().toString(36).substring(2,12),e.src+=\"#?secret=\"+t,e.setAttribute(\"data-secret\",t)),e.contentWindow.postMessage({message:\"ready\",secret:t},\"*\")},!1)))}(window,document);\n\/* ]]> *\/\n<\/script>\n"},"_links":{"self":[{"href":"https:\/\/stepienybarno.es\/blog\/wp-json\/wp\/v2\/posts\/14825"}],"collection":[{"href":"https:\/\/stepienybarno.es\/blog\/wp-json\/wp\/v2\/posts"}],"about":[{"href":"https:\/\/stepienybarno.es\/blog\/wp-json\/wp\/v2\/types\/post"}],"author":[{"embeddable":true,"href":"https:\/\/stepienybarno.es\/blog\/wp-json\/wp\/v2\/users\/2"}],"replies":[{"embeddable":true,"href":"https:\/\/stepienybarno.es\/blog\/wp-json\/wp\/v2\/comments?post=14825"}],"version-history":[{"count":4,"href":"https:\/\/stepienybarno.es\/blog\/wp-json\/wp\/v2\/posts\/14825\/revisions"}],"predecessor-version":[{"id":14830,"href":"https:\/\/stepienybarno.es\/blog\/wp-json\/wp\/v2\/posts\/14825\/revisions\/14830"}],"wp:attachment":[{"href":"https:\/\/stepienybarno.es\/blog\/wp-json\/wp\/v2\/media?parent=14825"}],"wp:term":[{"taxonomy":"category","embeddable":true,"href":"https:\/\/stepienybarno.es\/blog\/wp-json\/wp\/v2\/categories?post=14825"},{"taxonomy":"post_tag","embeddable":true,"href":"https:\/\/stepienybarno.es\/blog\/wp-json\/wp\/v2\/tags?post=14825"},{"taxonomy":"series","embeddable":true,"href":"https:\/\/stepienybarno.es\/blog\/wp-json\/wp\/v2\/series?post=14825"}],"curies":[{"name":"wp","href":"https:\/\/api.w.org\/{rel}","templated":true}]}}