{"id":14889,"date":"2014-11-24T11:57:29","date_gmt":"2014-11-24T09:57:29","guid":{"rendered":"https:\/\/www.stepienybarno.es\/blog\/?p=14889"},"modified":"2014-11-24T13:08:33","modified_gmt":"2014-11-24T11:08:33","slug":"urbact-infodays-sigue-en-directo-la-presentacion-de-urbact-iii","status":"publish","type":"post","link":"https:\/\/stepienybarno.es\/blog\/2014\/11\/24\/urbact-infodays-sigue-en-directo-la-presentacion-de-urbact-iii\/","title":{"rendered":"URBACT Infodays: SIGUE EN DIRECTO LA PRESENTACI\u00d3N DE URBACT III"},"content":{"rendered":"<p style=\"text-align: center;\"><a href=\"https:\/\/stepienybarno.es\/blog\/wp-content\/uploads\/2014\/11\/9621605312_c4ef3cdabb_h.jpg\"><img loading=\"lazy\" decoding=\"async\" class=\"size-medium wp-image-14890 aligncenter\" title=\"9621605312_c4ef3cdabb_h\" src=\"https:\/\/stepienybarno.es\/blog\/wp-content\/uploads\/2014\/11\/9621605312_c4ef3cdabb_h-350x233.jpg\" alt=\"9621605312_c4ef3cdabb_h\" width=\"350\" height=\"233\" \/><\/a><\/p>\n<p>Os animamos a estar muy atentos a esta m\u00e1s que interesante cita para el d\u00eda, martes,  25 de noviembre en Madrid (9:30-14:00h).<br \/>\nStreaming: http:\/\/ecosistemaurbano.org\/urbactdirecto<\/p>\n<p><!--more--><\/p>\n<p><span style=\"font-size: 13px;\">\u00bfQu\u00e9 pueden hacer las ciudades para favorecer el desarrollo urbano sostenible ya desde la propia creaci\u00f3n de pol\u00edticas? \u00bfQu\u00e9 est\u00e1n, de hecho, haciendo las ciudades europeas en ese sentido? \u00bfC\u00f3mo podemos transferir la experiencia y el conocimiento de unas a otras?<\/span><\/p>\n<p>A esas preguntas, entre otras, trata de responder URBACT, un programa europeo de colaboraci\u00f3n en red entre ciudades. Bajo la orientaci\u00f3n y la financiaci\u00f3n que proporciona este programa, ciudades de toda Europa se conectan formando redes, comparten experiencias y generan conocimiento para elaborar planes de acci\u00f3n en torno a una problem\u00e1tica concreta y con la participaci\u00f3n de agentes locales.<\/p>\n<p>Las distintas redes de URBACT abordan un amplio abanico de problemas o \u201cdesaf\u00edos\u201d urbanos, tratando temas como el empleo y la innovaci\u00f3n social, el fracaso escolar, la alimentaci\u00f3n sostenible, la revitalizaci\u00f3n de los mercados, la inclusi\u00f3n social, la salud, la regeneraci\u00f3n de centros hist\u00f3ricos, la movilidad, la gesti\u00f3n de recursos financieros, la calidad de los espacios p\u00fablicos, etc. El programa, por tanto, entra en el campo de inter\u00e9s tanto de profesionales urbanos independientes como de t\u00e9cnicos y representantes de distintos niveles de la administraci\u00f3n.<\/p>\n<p>\u00bfInteresado en conocerlo m\u00e1s de cerca? \u00bfDe ver las posibilidades de participar desde tu ciudad? El pr\u00f3ximo d\u00eda 25 de noviembre se celebra en Madrid un evento clave para el futuro del programa: la jornada de presentaci\u00f3n de URBACT III, la siguiente edici\u00f3n del programa, y su inminente convocatoria abierta.<\/p>\n<p>Este evento estar\u00e1 abierto a todos los agentes interesados o implicados en planificar y ejecutar proyectos de desarrollo urbano integrado, sostenible y participativo, y que quieran conocer de cerca la propuesta del programa URBACT para la colaboraci\u00f3n y el aprendizaje transnacional.<\/p>\n<p>Se comentar\u00e1n algunos resultados de URBACT II desde la experiencia de las ciudades socias, y se debatir\u00e1 sobre la consecuci\u00f3n de un desarrollo urbano integrado comentando el valor a\u00f1adido del m\u00e9todo URBACT, resultados concretos, etc. A continuaci\u00f3n, desde la Red de Iniciativas Urbanas (RIU) se explicar\u00e1 el marco nacional para el desarrollo urbano sostenible con vistas al per\u00edodo 2014-2020, y se responder\u00e1 a la pregunta clave del d\u00eda:<\/p>\n<p>\u00bfPor qu\u00e9 puede URBACT interesar a las ciudades, c\u00f3mo pueden unirse y cu\u00e1ndo?<\/p>\n<p>Habr\u00e1 varios espacios para el debate y la formulaci\u00f3n de preguntas por parte de los asistentes, y una breve presentaci\u00f3n de las actividades del Punto de Difusi\u00f3n Nacional de URBACT.<\/p>\n<blockquote>\n<p style=\"text-align: center;\">Aunque las inscripciones ya est\u00e1n cerradas con m\u00e1s de 250 personas inscritas, la jornada podr\u00e1 ser seguida en directo en esta direcci\u00f3n:<\/p>\n<p style=\"text-align: center;\"><strong><a href=\"Streaming: http:\/\/ecosistemaurbano.org\/urbactdirecto\" target=\"_blank\">Streaming: http:\/\/ecosistemaurbano.org\/urbactdirecto &#8211; Martes 25, 9:30-14:00h.<\/a><\/strong><\/p>\n<\/blockquote>\n<p style=\"text-align: center;\"><strong><br \/>\n<\/strong><\/p>\n<blockquote><p>Aqu\u00ed pod\u00e9is ver el programa del evento en PDF:<\/p>\n<p>http:\/\/www.dgfc.sgpg.meh.es\/sitios\/dgfc\/es-ES\/Documents\/AGENDAURBACTInfodayES25NOV.pdf<\/p>\n<p>Y un folleto que resume las bases de URBACT III:<\/p>\n<p><iframe loading=\"lazy\" class=\"scribd_iframe_embed\" src=\"https:\/\/www.scribd.com\/embeds\/246920492\/content\" data-aspect-ratio=\"0.7162162162162162\" scrolling=\"no\" id=\"246920492\" width=\"911\" height=\"1000\" frameborder=\"0\"><\/iframe><script type=\"text\/javascript\">          (function() { var scribd = document.createElement(\"script\"); scribd.type = \"text\/javascript\"; scribd.async = true; scribd.src = \"https:\/\/www.scribd.com\/javascripts\/embed_code\/inject.js\"; var s = document.getElementsByTagName(\"script\")[0]; s.parentNode.insertBefore(scribd, s); })()        <\/script><\/p>\n<p>Otros art\u00edculos de inter\u00e9s sobre URBACT:<br \/>\n&#8211; URBACT Tribune: documentando cuatro desaf\u00edos para el futuro de las ciudades en Europa<br \/>\n&#8211; C\u00f3mo aprender de otras ciudades: buceando en los resultados del programa URBACT<\/p>\n<p>M\u00e1s informaci\u00f3n y noticias sobre URBACT en Espa\u00f1ol:<br \/>\nhttp:\/\/ecosistemaurbano.org\/urbact<\/p><\/blockquote>\n<p>* Autor de la imagen: URBACT<\/p>\n<p style=\"text-align: center;\"><a href=\"https:\/\/stepienybarno.es\/blog\/wp-content\/uploads\/2014\/11\/87035491@N08.jpg\"><img loading=\"lazy\" decoding=\"async\" class=\"alignnone size-full wp-image-14891\" title=\"87035491@N08\" src=\"https:\/\/stepienybarno.es\/blog\/wp-content\/uploads\/2014\/11\/87035491@N08.jpg\" alt=\"87035491@N08\" width=\"48\" height=\"48\" \/><\/a><\/p>\n<blockquote><p><strong>Post relacionados:<\/strong><br \/>\nEcosistema Urbano en La ciudad viva<br \/>\nhttp:\/\/www.laciudadviva.org\/blogs\/?author=40<\/p><\/blockquote>\n<p>* Este art\u00edculo ha sido escrito con car\u00e1cter divulgativo y sin ning\u00fan tipo de \u00e1nimo de lucro. As\u00ed que, si te apetece compartirlo en cualquier otro medio, estaremos encantados de que lo hagas siempre y cuando cites el lugar donde lo has encontrado.<br \/>\nSTEPIENYBARNO EN TWITTER _ @stepienybarno<br \/>\nSTEPIENYBARNO EN LINKEDIN<br \/>\nSTEPIENYBARNO EN FACEBOOK<br \/>\n* Stepienybarno est\u00e1 formado por Agnieszka Stepien y Lorenzo Barn\u00f3 y desde mayo del 2009 estamos en la red con  la presente publicaci\u00f3n digital (Blog) de arquitectura.<br \/>\nNuestra actividad se sustenta en tres pilares b\u00e1sicos: la investigaci\u00f3n, la publicaci\u00f3n y la redacci\u00f3n de proyectos de arquitectura.<br \/>\nA su vez, somos socios cofundadores de SINERGIA SOSTENIBLE y redactores de LA CIUDAD VIVA.<br \/>\n* Los editores de esta publicaci\u00f3n digital no nos hacemos cargo de de los comentarios y  conceptos vertidos en los textos firmados por otras personas, siendo \u00e9stos de responsabilidad exclusiva de sus autores.<br \/>\n* Tu comentario pudiera ser moderado, por lo tanto, aunque aparezca inmediatamente al ser publicado en la entrada, los editores de esta publicaci\u00f3n digital nos reservamos el derecho tanto de editarlo (si fuera necesario, para hacerlo m\u00e1s legible) como de eliminarlo en el caso de que se usen expresiones incorrectas (descalificaciones, palabras malsonantes\u2026). A su vez, si quieres comentar desde el anonimato puedes hacerlo, aunque, nosotros personalmente, agradecemos que tod@s nos podamos identificar.<\/p>\n<p style=\"text-align: center;\"><a href=\"https:\/\/stepienybarno.es\/blog\/wp-content\/uploads\/2014\/11\/9621605312_1818e05e08_n.jpg\"><img loading=\"lazy\" decoding=\"async\" class=\"alignnone size-full wp-image-14893\" title=\"9621605312_1818e05e08_n\" src=\"https:\/\/stepienybarno.es\/blog\/wp-content\/uploads\/2014\/11\/9621605312_1818e05e08_n.jpg\" alt=\"9621605312_1818e05e08_n\" width=\"320\" height=\"213\" srcset=\"https:\/\/stepienybarno.es\/blog\/wp-content\/uploads\/2014\/11\/9621605312_1818e05e08_n.jpg 320w, https:\/\/stepienybarno.es\/blog\/wp-content\/uploads\/2014\/11\/9621605312_1818e05e08_n-180x120.jpg 180w, https:\/\/stepienybarno.es\/blog\/wp-content\/uploads\/2014\/11\/9621605312_1818e05e08_n-316x210.jpg 316w\" sizes=\"(max-width: 320px) 100vw, 320px\" \/><\/a><\/p>\n","protected":false},"excerpt":{"rendered":"<p>Os animamos a estar muy atentos a esta m\u00e1s que interesante cita para el d\u00eda, martes, 25 de noviembre en Madrid (9:30-14:00h).<br \/>\nStreaming: http:\/\/ecosistemaurbano.org\/urbactdirecto<\/p>\n<p>(m\u00e1s&#8230;)<\/p>\n","protected":false},"author":2,"featured_media":0,"comment_status":"open","ping_status":"closed","sticky":false,"template":"","format":"standard","meta":{"om_disable_all_campaigns":false,"_monsterinsights_skip_tracking":false,"_monsterinsights_sitenote_active":false,"_monsterinsights_sitenote_note":"","_monsterinsights_sitenote_category":0,"_uf_show_specific_survey":0,"_uf_disable_surveys":false,"episode_type":"","audio_file":"","cover_image":"","cover_image_id":"","duration":"","filesize":"","date_recorded":"","explicit":"","block":"","filesize_raw":"","footnotes":""},"categories":[1010,244,15],"tags":[4274,9,269,3185,54],"series":[],"class_list":["post-14889","post","type-post","status-publish","format-standard","hentry","category-urbanismorealya-urbanismo","category-canal-de-arquitectura","category-sostenibilidad","tag-actualidad","tag-arquitectura","tag-ecosistema-urbano","tag-urbact","tag-urbanismo-sostenible"],"aioseo_notices":[],"episode_featured_image":false,"episode_player_image":"https:\/\/stepienybarno.es\/blog\/wp-content\/uploads\/2020\/11\/stepienybarno-podcast-scaled.jpg","download_link":"","player_link":"","audio_player":false,"episode_data":{"playerMode":"dark","subscribeUrls":[],"rssFeedUrl":"https:\/\/stepienybarno.es\/blog\/feed\/podcast\/podcast-de-stepienybarno","embedCode":"<blockquote class=\"wp-embedded-content\" data-secret=\"zKbjMmdSIS\"><a href=\"https:\/\/stepienybarno.es\/blog\/2014\/11\/24\/urbact-infodays-sigue-en-directo-la-presentacion-de-urbact-iii\/\">URBACT Infodays: SIGUE EN DIRECTO LA PRESENTACI\u00d3N DE URBACT III<\/a><\/blockquote><iframe sandbox=\"allow-scripts\" security=\"restricted\" src=\"https:\/\/stepienybarno.es\/blog\/2014\/11\/24\/urbact-infodays-sigue-en-directo-la-presentacion-de-urbact-iii\/embed\/#?secret=zKbjMmdSIS\" width=\"500\" height=\"350\" title=\"\u00abURBACT Infodays: SIGUE EN DIRECTO LA PRESENTACI\u00d3N DE URBACT III\u00bb \u2014 Blog de STEPIEN Y BARNO - publicaci\u00f3n digital sobre arquitectura\" data-secret=\"zKbjMmdSIS\" frameborder=\"0\" marginwidth=\"0\" marginheight=\"0\" scrolling=\"no\" class=\"wp-embedded-content\"><\/iframe><script type=\"text\/javascript\">\n\/* <![CDATA[ *\/\n\/*! This file is auto-generated *\/\n!function(d,l){\"use strict\";l.querySelector&&d.addEventListener&&\"undefined\"!=typeof URL&&(d.wp=d.wp||{},d.wp.receiveEmbedMessage||(d.wp.receiveEmbedMessage=function(e){var t=e.data;if((t||t.secret||t.message||t.value)&&!\/[^a-zA-Z0-9]\/.test(t.secret)){for(var s,r,n,a=l.querySelectorAll('iframe[data-secret=\"'+t.secret+'\"]'),o=l.querySelectorAll('blockquote[data-secret=\"'+t.secret+'\"]'),c=new RegExp(\"^https?:$\",\"i\"),i=0;i<o.length;i++)o[i].style.display=\"none\";for(i=0;i<a.length;i++)s=a[i],e.source===s.contentWindow&&(s.removeAttribute(\"style\"),\"height\"===t.message?(1e3<(r=parseInt(t.value,10))?r=1e3:~~r<200&&(r=200),s.height=r):\"link\"===t.message&&(r=new URL(s.getAttribute(\"src\")),n=new URL(t.value),c.test(n.protocol))&&n.host===r.host&&l.activeElement===s&&(d.top.location.href=t.value))}},d.addEventListener(\"message\",d.wp.receiveEmbedMessage,!1),l.addEventListener(\"DOMContentLoaded\",function(){for(var e,t,s=l.querySelectorAll(\"iframe.wp-embedded-content\"),r=0;r<s.length;r++)(t=(e=s[r]).getAttribute(\"data-secret\"))||(t=Math.random().toString(36).substring(2,12),e.src+=\"#?secret=\"+t,e.setAttribute(\"data-secret\",t)),e.contentWindow.postMessage({message:\"ready\",secret:t},\"*\")},!1)))}(window,document);\n\/* ]]> *\/\n<\/script>\n"},"_links":{"self":[{"href":"https:\/\/stepienybarno.es\/blog\/wp-json\/wp\/v2\/posts\/14889"}],"collection":[{"href":"https:\/\/stepienybarno.es\/blog\/wp-json\/wp\/v2\/posts"}],"about":[{"href":"https:\/\/stepienybarno.es\/blog\/wp-json\/wp\/v2\/types\/post"}],"author":[{"embeddable":true,"href":"https:\/\/stepienybarno.es\/blog\/wp-json\/wp\/v2\/users\/2"}],"replies":[{"embeddable":true,"href":"https:\/\/stepienybarno.es\/blog\/wp-json\/wp\/v2\/comments?post=14889"}],"version-history":[{"count":7,"href":"https:\/\/stepienybarno.es\/blog\/wp-json\/wp\/v2\/posts\/14889\/revisions"}],"predecessor-version":[{"id":14904,"href":"https:\/\/stepienybarno.es\/blog\/wp-json\/wp\/v2\/posts\/14889\/revisions\/14904"}],"wp:attachment":[{"href":"https:\/\/stepienybarno.es\/blog\/wp-json\/wp\/v2\/media?parent=14889"}],"wp:term":[{"taxonomy":"category","embeddable":true,"href":"https:\/\/stepienybarno.es\/blog\/wp-json\/wp\/v2\/categories?post=14889"},{"taxonomy":"post_tag","embeddable":true,"href":"https:\/\/stepienybarno.es\/blog\/wp-json\/wp\/v2\/tags?post=14889"},{"taxonomy":"series","embeddable":true,"href":"https:\/\/stepienybarno.es\/blog\/wp-json\/wp\/v2\/series?post=14889"}],"curies":[{"name":"wp","href":"https:\/\/api.w.org\/{rel}","templated":true}]}}