{"id":15064,"date":"2014-12-15T13:26:28","date_gmt":"2014-12-15T11:26:28","guid":{"rendered":"https:\/\/www.stepienybarno.es\/blog\/?p=15064"},"modified":"2014-12-15T13:26:56","modified_gmt":"2014-12-15T11:26:56","slug":"edificios-en-la-2-y-rtve-es","status":"publish","type":"post","link":"https:\/\/stepienybarno.es\/blog\/2014\/12\/15\/edificios-en-la-2-y-rtve-es\/","title":{"rendered":"&#8216;EDIFICIOS&#8217; EN LA 2 Y RTVE.ES"},"content":{"rendered":"<p style=\"text-align: center;\"><a href=\"https:\/\/stepienybarno.es\/blog\/wp-content\/uploads\/2014\/12\/Fabrizio-Barozzi-Alberto-Veiga-stepienybarno.png\"><img loading=\"lazy\" decoding=\"async\" class=\"alignnone size-medium wp-image-15065\" title=\"Fabrizio Barozzi , Alberto Veiga -stepienybarno\" src=\"https:\/\/stepienybarno.es\/blog\/wp-content\/uploads\/2014\/12\/Fabrizio-Barozzi-Alberto-Veiga-stepienybarno-350x200.png\" alt=\"Fabrizio Barozzi , Alberto Veiga -stepienybarno\" width=\"350\" height=\"200\" \/><\/a><\/p>\n<p>Siempre nos quejamos de que no sale arquitectura de verdad en la tele, pero en esta ocasi\u00f3n no podemos seguir haci\u00e9ndolo.<\/p>\n<p>Aunque los cap\u00edtulos, seguramente, se podr\u00edan haber enfocado de una manera menos \u201ccl\u00e1sica\u201d hay que aplaudir la iniciativa de RTVE.es<\/p>\n<p><!--more--><\/p>\n<blockquote><\/blockquote>\n<p>La 2 y RTVE.es estrenan &#8216;Edificios&#8217;, una serie documental sobre la arquitectura espa\u00f1ola contempor\u00e1nea.<\/p>\n<p>Edificios &#8211; Entre \u00e1rboles<\/p>\n<p><a href=\"http:\/\/www.rtve.es\/alacarta\/videos\/edificios\/edificios-entre-arboles\/2893239\/\">http:\/\/www.rtve.es\/alacarta\/videos\/edificios\/edificios-entre-arboles\/2893239\/<\/a><\/p>\n<p>Edificios &#8211; Sanidad a distintas escalas<\/p>\n<p><a href=\"http:\/\/www.rtve.es\/alacarta\/videos\/edificios\/edificios-sanidad-distintas-escalas\/2905715\/\">http:\/\/www.rtve.es\/alacarta\/videos\/edificios\/edificios-sanidad-distintas-escalas\/2905715\/<\/a><\/p>\n<p>Edificios &#8211; Educaci\u00f3n en contexto<\/p>\n<p><a href=\"http:\/\/www.rtve.es\/alacarta\/videos\/edificios\/edificios-educacion-contexto\/2881479\/\">http:\/\/www.rtve.es\/alacarta\/videos\/edificios\/edificios-educacion-contexto\/2881479\/<\/a><\/p>\n<p>Edificios &#8211; Escena mediterr\u00e1nea<\/p>\n<p><a href=\"http:\/\/www.rtve.es\/alacarta\/videos\/edificios\/edificios-escena-mediterranea\/2870438\/\">http:\/\/www.rtve.es\/alacarta\/videos\/edificios\/edificios-escena-mediterranea\/2870438\/<\/a><\/p>\n<p>Edificios &#8211; Tradici\u00f3n contempor\u00e1nea<\/p>\n<p>http:\/\/www.rtve.es\/alacarta\/videos\/edificios\/edificios-tradicion-contemporanea\/2860996\/<\/p>\n<blockquote>\n<p style=\"text-align: center;\"><strong>Acceder al post, <a href=\"http:\/\/www.rtve.es\/alacarta\/videos\/edificios\/\">aqu\u00ed.<\/a><\/strong><\/p>\n<p style=\"text-align: center;\"><strong><a href=\"https:\/\/stepienybarno.es\/blog\/wp-content\/uploads\/2014\/12\/arquitectura-tve-tve2-stepienybarno.png\"><img loading=\"lazy\" decoding=\"async\" class=\"alignnone size-large wp-image-15066\" title=\"arquitectura-tve-tve2-stepienybarno\" src=\"https:\/\/stepienybarno.es\/blog\/wp-content\/uploads\/2014\/12\/arquitectura-tve-tve2-stepienybarno-1024x113.png\" alt=\"arquitectura-tve-tve2-stepienybarno\" width=\"1024\" height=\"113\" srcset=\"https:\/\/stepienybarno.es\/blog\/wp-content\/uploads\/2014\/12\/arquitectura-tve-tve2-stepienybarno-1024x113.png 1024w, https:\/\/stepienybarno.es\/blog\/wp-content\/uploads\/2014\/12\/arquitectura-tve-tve2-stepienybarno-180x20.png 180w, https:\/\/stepienybarno.es\/blog\/wp-content\/uploads\/2014\/12\/arquitectura-tve-tve2-stepienybarno-550x61.png 550w, https:\/\/stepienybarno.es\/blog\/wp-content\/uploads\/2014\/12\/arquitectura-tve-tve2-stepienybarno-316x35.png 316w, https:\/\/stepienybarno.es\/blog\/wp-content\/uploads\/2014\/12\/arquitectura-tve-tve2-stepienybarno.png 1346w\" sizes=\"(max-width: 1024px) 100vw, 1024px\" \/><\/a><\/strong><\/p>\n<\/blockquote>\n<p><span style=\"color: #888888;\"><em>Noticia seleccionada por el Canal de arquitectura STEPIENYBARNO.<\/em><\/span><\/p>\n<p><a href=\"https:\/\/twitter.com\/stepienybarno\"><span style=\"color: #888888;\"><em>STEPIENYBARNO EN TWITTER _ @stepienybarno<\/em><\/span><\/a><\/p>\n<p><a href=\"http:\/\/www.linkedin.com\/company\/stepienybarno\"><span style=\"color: #888888;\"><em>STEPIENYBARNO EN LINKEDIN<\/em><\/span><\/a><\/p>\n<p><a href=\"https:\/\/www.facebook.com\/pages\/BLOG-DE-STEPIENYBARNO\/78001079029\"><span style=\"color: #888888;\"><em>STEPIENYBARNO EN FACEBOOK<\/em><\/span><\/a><\/p>\n<p><span style=\"color: #888888;\"><em>*Stepienybarno est\u00e1 formado por Agnieszka Stepien y Lorenzo Barn\u00f3 y desde mayo del 2009 estamos en la red con\u00a0 la presente publicaci\u00f3n digital (Blog) de arquitectura.<\/em><\/span><\/p>\n<p><span style=\"color: #888888;\"><em>Nuestra actividad se sustenta en tres pilares b\u00e1sicos: la investigaci\u00f3n, la publicaci\u00f3n (comunicaci\u00f3n y difusi\u00f3n) y la redacci\u00f3n de proyectos de arquitectura.<\/em><\/span><\/p>\n<p><span style=\"color: #888888;\"><em>A su vez, somos socios cofundadores de <a href=\"http:\/\/sinergiasostenible.org\/\">SINERGIA SOSTENIBLE<\/a> y redactores de <a href=\"http:\/\/www.laciudadviva.org\/blogs\/?author=45\">LA CIUDAD VIVA<\/a>.<\/em><\/span><\/p>\n<p><span style=\"color: #888888;\"><em>* Los editores de esta publicaci\u00f3n digital no nos hacemos cargo de de los comentarios y\u00a0 conceptos vertidos en los textos firmados por otras personas, siendo \u00e9stos de responsabilidad exclusiva de sus autores.<\/em><\/span><\/p>\n<p><span style=\"color: #888888;\"><em>* Tu comentario podr\u00e1 ser moderado, por lo tanto, aunque aparezca inmediatamente al ser publicado en la entrada, los editores de esta publicaci\u00f3n digital nos reservamos el derecho tanto de editarlo (si fuera necesario, para hacerlo m\u00e1s legible) como de eliminarlo en el caso de que se usen expresiones incorrectas (descalificaciones, palabras malsonantes\u2026). A su vez, si quieres comentar desde el anonimato puedes hacerlo, aunque, nosotros personalmente, agradecemos que tod@s nos podamos identificar.<\/em><\/span><\/p>\n","protected":false},"excerpt":{"rendered":"<p>Siempre nos quejamos de que no sale arquitectura de verdad en la tele, pero en esta ocasi\u00f3n no podemos seguir haci\u00e9ndolo.<\/p>\n<p>Aunque los cap\u00edtulos, seguramente, se podr\u00edan haber enfocado de una manera menos \u201ccl\u00e1sica\u201d hay que aplaudir la iniciativa de RTVE.es<\/p>\n<p>(m\u00e1s&#8230;)<\/p>\n","protected":false},"author":2,"featured_media":0,"comment_status":"open","ping_status":"closed","sticky":false,"template":"","format":"standard","meta":{"om_disable_all_campaigns":false,"_monsterinsights_skip_tracking":false,"_monsterinsights_sitenote_active":false,"_monsterinsights_sitenote_note":"","_monsterinsights_sitenote_category":0,"_uf_show_specific_survey":0,"_uf_disable_surveys":false,"episode_type":"","audio_file":"","cover_image":"","cover_image_id":"","duration":"","filesize":"","date_recorded":"","explicit":"","block":"","filesize_raw":"","footnotes":""},"categories":[34,244],"tags":[4274,9],"series":[],"class_list":["post-15064","post","type-post","status-publish","format-standard","hentry","category-actualidad","category-canal-de-arquitectura","tag-actualidad","tag-arquitectura"],"aioseo_notices":[],"episode_featured_image":false,"episode_player_image":"https:\/\/stepienybarno.es\/blog\/wp-content\/uploads\/2020\/11\/stepienybarno-podcast-scaled.jpg","download_link":"","player_link":"","audio_player":false,"episode_data":{"playerMode":"dark","subscribeUrls":[],"rssFeedUrl":"https:\/\/stepienybarno.es\/blog\/feed\/podcast\/podcast-de-stepienybarno","embedCode":"<blockquote class=\"wp-embedded-content\" data-secret=\"it9lOEN8BX\"><a href=\"https:\/\/stepienybarno.es\/blog\/2014\/12\/15\/edificios-en-la-2-y-rtve-es\/\">&#8216;EDIFICIOS&#8217; EN LA 2 Y RTVE.ES<\/a><\/blockquote><iframe sandbox=\"allow-scripts\" security=\"restricted\" src=\"https:\/\/stepienybarno.es\/blog\/2014\/12\/15\/edificios-en-la-2-y-rtve-es\/embed\/#?secret=it9lOEN8BX\" width=\"500\" height=\"350\" title=\"\u00ab&#8216;EDIFICIOS&#8217; EN LA 2 Y RTVE.ES\u00bb \u2014 Blog de STEPIEN Y BARNO - publicaci\u00f3n digital sobre arquitectura\" data-secret=\"it9lOEN8BX\" frameborder=\"0\" marginwidth=\"0\" marginheight=\"0\" scrolling=\"no\" class=\"wp-embedded-content\"><\/iframe><script type=\"text\/javascript\">\n\/* <![CDATA[ *\/\n\/*! This file is auto-generated *\/\n!function(d,l){\"use strict\";l.querySelector&&d.addEventListener&&\"undefined\"!=typeof URL&&(d.wp=d.wp||{},d.wp.receiveEmbedMessage||(d.wp.receiveEmbedMessage=function(e){var t=e.data;if((t||t.secret||t.message||t.value)&&!\/[^a-zA-Z0-9]\/.test(t.secret)){for(var s,r,n,a=l.querySelectorAll('iframe[data-secret=\"'+t.secret+'\"]'),o=l.querySelectorAll('blockquote[data-secret=\"'+t.secret+'\"]'),c=new RegExp(\"^https?:$\",\"i\"),i=0;i<o.length;i++)o[i].style.display=\"none\";for(i=0;i<a.length;i++)s=a[i],e.source===s.contentWindow&&(s.removeAttribute(\"style\"),\"height\"===t.message?(1e3<(r=parseInt(t.value,10))?r=1e3:~~r<200&&(r=200),s.height=r):\"link\"===t.message&&(r=new URL(s.getAttribute(\"src\")),n=new URL(t.value),c.test(n.protocol))&&n.host===r.host&&l.activeElement===s&&(d.top.location.href=t.value))}},d.addEventListener(\"message\",d.wp.receiveEmbedMessage,!1),l.addEventListener(\"DOMContentLoaded\",function(){for(var e,t,s=l.querySelectorAll(\"iframe.wp-embedded-content\"),r=0;r<s.length;r++)(t=(e=s[r]).getAttribute(\"data-secret\"))||(t=Math.random().toString(36).substring(2,12),e.src+=\"#?secret=\"+t,e.setAttribute(\"data-secret\",t)),e.contentWindow.postMessage({message:\"ready\",secret:t},\"*\")},!1)))}(window,document);\n\/* ]]> *\/\n<\/script>\n"},"_links":{"self":[{"href":"https:\/\/stepienybarno.es\/blog\/wp-json\/wp\/v2\/posts\/15064"}],"collection":[{"href":"https:\/\/stepienybarno.es\/blog\/wp-json\/wp\/v2\/posts"}],"about":[{"href":"https:\/\/stepienybarno.es\/blog\/wp-json\/wp\/v2\/types\/post"}],"author":[{"embeddable":true,"href":"https:\/\/stepienybarno.es\/blog\/wp-json\/wp\/v2\/users\/2"}],"replies":[{"embeddable":true,"href":"https:\/\/stepienybarno.es\/blog\/wp-json\/wp\/v2\/comments?post=15064"}],"version-history":[{"count":3,"href":"https:\/\/stepienybarno.es\/blog\/wp-json\/wp\/v2\/posts\/15064\/revisions"}],"predecessor-version":[{"id":15069,"href":"https:\/\/stepienybarno.es\/blog\/wp-json\/wp\/v2\/posts\/15064\/revisions\/15069"}],"wp:attachment":[{"href":"https:\/\/stepienybarno.es\/blog\/wp-json\/wp\/v2\/media?parent=15064"}],"wp:term":[{"taxonomy":"category","embeddable":true,"href":"https:\/\/stepienybarno.es\/blog\/wp-json\/wp\/v2\/categories?post=15064"},{"taxonomy":"post_tag","embeddable":true,"href":"https:\/\/stepienybarno.es\/blog\/wp-json\/wp\/v2\/tags?post=15064"},{"taxonomy":"series","embeddable":true,"href":"https:\/\/stepienybarno.es\/blog\/wp-json\/wp\/v2\/series?post=15064"}],"curies":[{"name":"wp","href":"https:\/\/api.w.org\/{rel}","templated":true}]}}