{"id":15110,"date":"2014-12-16T20:53:52","date_gmt":"2014-12-16T18:53:52","guid":{"rendered":"https:\/\/www.stepienybarno.es\/blog\/?p=15110"},"modified":"2014-12-16T20:55:31","modified_gmt":"2014-12-16T18:55:31","slug":"420-nominados-a-los-premios-mies-van-der-rohe-2015","status":"publish","type":"post","link":"https:\/\/stepienybarno.es\/blog\/2014\/12\/16\/420-nominados-a-los-premios-mies-van-der-rohe-2015\/","title":{"rendered":"420 NOMINADOS A LOS PREMIOS MIES VAN DER ROHE 2015."},"content":{"rendered":"<p style=\"text-align: center;\"><a href=\"https:\/\/stepienybarno.es\/blog\/wp-content\/uploads\/2014\/12\/PREMIOS-MIES-VAN-DER-ROHE-stepienybarno.jpg\"><img loading=\"lazy\" decoding=\"async\" class=\"alignnone size-full wp-image-15112\" title=\"PREMIOS MIES VAN DER ROHE-stepienybarno\" src=\"https:\/\/stepienybarno.es\/blog\/wp-content\/uploads\/2014\/12\/PREMIOS-MIES-VAN-DER-ROHE-stepienybarno.jpg\" alt=\"PREMIOS MIES VAN DER ROHE-stepienybarno\" width=\"350\" height=\"125\" srcset=\"https:\/\/stepienybarno.es\/blog\/wp-content\/uploads\/2014\/12\/PREMIOS-MIES-VAN-DER-ROHE-stepienybarno.jpg 350w, https:\/\/stepienybarno.es\/blog\/wp-content\/uploads\/2014\/12\/PREMIOS-MIES-VAN-DER-ROHE-stepienybarno-180x64.jpg 180w, https:\/\/stepienybarno.es\/blog\/wp-content\/uploads\/2014\/12\/PREMIOS-MIES-VAN-DER-ROHE-stepienybarno-316x113.jpg 316w\" sizes=\"(max-width: 350px) 100vw, 350px\" \/><\/a><\/p>\n<p align=\"left\">Desde Metalocus.<\/p>\n<p align=\"left\">De los nominados, 35 proyectos est\u00e1n en Espa\u00f1a.<\/p>\n<p align=\"left\"><!--more--><\/p>\n<blockquote>\n<p align=\"left\">\u201cLos <strong>miembros del Jurado<\/strong> que elegir\u00e1n las obras seleccionadas y finalistas del Premio 2015 a finales de Enero de 2015 ser\u00e1n:<\/p>\n<p align=\"left\">Arquitectos<br \/>\nCino Zucchi, Presidente del Jurat<br \/>\nDirector, Cino Zucchi\u00a0 Architetti, Mil\u00e1n<br \/>\nMargarita Jover<br \/>\nDirectora, aldayjover architecture and landscape, Charlottesville y Barcelona<br \/>\nLene Tranberg<br \/>\nDirectora, Lundgaard &amp; Tranberg, Copenhague<br \/>\nPeter L. Wilson<br \/>\nDirector, Bolles + Wilson, M\u00fcnster<\/p>\n<p>Cr\u00edtico de Arquitectura<br \/>\nLi Xiangning<br \/>\nDeputy Dean, College of Architecture &amp; Urban Planning, Tongji University, Shangh\u00e1i<\/p>\n<p>Cr\u00edtico de Arquitectura y Representante del Comit\u00e9 Asesor del Premio<br \/>\nTony Chapman<br \/>\nJefe de Premios del RIBA, Londres<\/p>\n<p>Cliente<br \/>\nHansj\u00f6rg M\u00f6lk<br \/>\nCEO MPreis, V\u00f6ls, Tirol<\/p>\n<p>Secretario del Jurado (sin derecho a voto)<br \/>\nGiovanna Carnevali<br \/>\nDirectora Fundaci\u00f3 Mies van der Rohe, Barcelona.<\/p>\n<p>Coordinador del Premi (sin derecho a voto)<br \/>\nIvan Blasi<br \/>\nArquitecto<\/p><\/blockquote>\n<p align=\"left\">\n<blockquote>\n<p style=\"text-align: center;\"><strong><span style=\"color: #ff0000;\">Acceder al post, <a href=\"http:\/\/www.metalocus.es\/content\/es\/blog\/420-nominados-a-los-premios-mies-van-der-rohe-2015\">aqu\u00ed.<\/a><\/span><\/strong><\/p>\n<\/blockquote>\n<p style=\"text-align: center;\"><a href=\"https:\/\/stepienybarno.es\/blog\/wp-content\/uploads\/2014\/12\/mies-van-der-rohe-premio-stepienybarno-11.png\"><img loading=\"lazy\" decoding=\"async\" class=\"alignnone size-full wp-image-15113\" title=\"mies-van-der-rohe-premio-stepienybarno 1\" src=\"https:\/\/stepienybarno.es\/blog\/wp-content\/uploads\/2014\/12\/mies-van-der-rohe-premio-stepienybarno-11.png\" alt=\"mies-van-der-rohe-premio-stepienybarno 1\" width=\"500\" height=\"412\" srcset=\"https:\/\/stepienybarno.es\/blog\/wp-content\/uploads\/2014\/12\/mies-van-der-rohe-premio-stepienybarno-11.png 500w, https:\/\/stepienybarno.es\/blog\/wp-content\/uploads\/2014\/12\/mies-van-der-rohe-premio-stepienybarno-11-180x148.png 180w, https:\/\/stepienybarno.es\/blog\/wp-content\/uploads\/2014\/12\/mies-van-der-rohe-premio-stepienybarno-11-316x260.png 316w\" sizes=\"(max-width: 500px) 100vw, 500px\" \/><\/a><\/p>\n<p align=\"left\"><span style=\"color: #999999;\"><em>Noticia seleccionada por el Canal de arquitectura STEPIENYBARNO.<\/em><\/span><\/p>\n<p><a href=\"https:\/\/twitter.com\/stepienybarno\"><span style=\"color: #999999;\"><em>STEPIENYBARNO EN TWITTER _ @stepienybarno<\/em><\/span><\/a><\/p>\n<p align=\"left\"><a href=\"http:\/\/www.linkedin.com\/company\/stepienybarno\"><span style=\"color: #999999;\"><em>STEPIENYBARNO EN LINKEDIN<\/em><\/span><\/a><\/p>\n<p align=\"left\"><a href=\"https:\/\/www.facebook.com\/pages\/BLOG-DE-STEPIENYBARNO\/78001079029\"><span style=\"color: #999999;\"><em>STEPIENYBARNO EN FACEBOOK<\/em><\/span><\/a><\/p>\n<p align=\"left\"><span style=\"color: #999999;\"><em>*Stepienybarno est\u00e1 formado por Agnieszka Stepien y Lorenzo Barn\u00f3 y desde mayo del 2009 estamos en la red con\u00a0 la presente publicaci\u00f3n digital (Blog) de arquitectura.<\/em><\/span><\/p>\n<p align=\"left\"><span style=\"color: #999999;\"><em>Nuestra actividad se sustenta en tres pilares b\u00e1sicos: la investigaci\u00f3n, la publicaci\u00f3n (comunicaci\u00f3n y difusi\u00f3n) y la redacci\u00f3n de proyectos de arquitectura.<\/em><\/span><\/p>\n<p align=\"left\"><span style=\"color: #999999;\"><em>A su vez, somos socios cofundadores de <a href=\"http:\/\/sinergiasostenible.org\/\">SINERGIA SOSTENIBLE<\/a> y redactores de <a href=\"http:\/\/www.laciudadviva.org\/blogs\/?author=45\">LA CIUDAD VIVA<\/a>.<\/em><\/span><\/p>\n<p align=\"left\"><span style=\"color: #999999;\"><em>* Los editores de esta publicaci\u00f3n digital no nos hacemos cargo de de los comentarios y\u00a0 conceptos vertidos en los textos firmados por otras personas, siendo \u00e9stos de responsabilidad exclusiva de sus autores.<\/em><\/span><\/p>\n<p align=\"left\"><span style=\"color: #999999;\"><em>* Tu comentario podr\u00e1 ser moderado, por lo tanto, aunque aparezca inmediatamente al ser publicado en la entrada, los editores de esta publicaci\u00f3n digital nos reservamos el derecho tanto de editarlo (si fuera necesario, para hacerlo m\u00e1s legible) como de eliminarlo en el caso de que se usen expresiones incorrectas (descalificaciones, palabras malsonantes\u2026). A su vez, si quieres comentar desde el anonimato puedes hacerlo, aunque, nosotros personalmente, agradecemos que tod@s nos podamos identificar.<\/em><\/span><\/p>\n","protected":false},"excerpt":{"rendered":"<p>Desde Metalocus.<\/p>\n<p>De los nominados, 35 proyectos est\u00e1n en Espa\u00f1a.<\/p>\n<p>(m\u00e1s&#8230;)<\/p>\n","protected":false},"author":2,"featured_media":0,"comment_status":"open","ping_status":"closed","sticky":false,"template":"","format":"standard","meta":{"om_disable_all_campaigns":false,"_monsterinsights_skip_tracking":false,"_monsterinsights_sitenote_active":false,"_monsterinsights_sitenote_note":"","_monsterinsights_sitenote_category":0,"_uf_show_specific_survey":0,"_uf_disable_surveys":false,"episode_type":"","audio_file":"","cover_image":"","cover_image_id":"","duration":"","filesize":"","date_recorded":"","explicit":"","block":"","filesize_raw":"","footnotes":""},"categories":[34,244],"tags":[665],"series":[],"class_list":["post-15110","post","type-post","status-publish","format-standard","hentry","category-actualidad","category-canal-de-arquitectura","tag-mies-van-der-rohe"],"aioseo_notices":[],"episode_featured_image":false,"episode_player_image":"https:\/\/stepienybarno.es\/blog\/wp-content\/uploads\/2020\/11\/stepienybarno-podcast-scaled.jpg","download_link":"","player_link":"","audio_player":false,"episode_data":{"playerMode":"dark","subscribeUrls":[],"rssFeedUrl":"https:\/\/stepienybarno.es\/blog\/feed\/podcast\/podcast-de-stepienybarno","embedCode":"<blockquote class=\"wp-embedded-content\" data-secret=\"LrtSV5MZ8K\"><a href=\"https:\/\/stepienybarno.es\/blog\/2014\/12\/16\/420-nominados-a-los-premios-mies-van-der-rohe-2015\/\">420 NOMINADOS A LOS PREMIOS MIES VAN DER ROHE 2015.<\/a><\/blockquote><iframe sandbox=\"allow-scripts\" security=\"restricted\" src=\"https:\/\/stepienybarno.es\/blog\/2014\/12\/16\/420-nominados-a-los-premios-mies-van-der-rohe-2015\/embed\/#?secret=LrtSV5MZ8K\" width=\"500\" height=\"350\" title=\"\u00ab420 NOMINADOS A LOS PREMIOS MIES VAN DER ROHE 2015.\u00bb \u2014 Blog de STEPIEN Y BARNO - publicaci\u00f3n digital sobre arquitectura\" data-secret=\"LrtSV5MZ8K\" frameborder=\"0\" marginwidth=\"0\" marginheight=\"0\" scrolling=\"no\" class=\"wp-embedded-content\"><\/iframe><script type=\"text\/javascript\">\n\/* <![CDATA[ *\/\n\/*! This file is auto-generated *\/\n!function(d,l){\"use strict\";l.querySelector&&d.addEventListener&&\"undefined\"!=typeof URL&&(d.wp=d.wp||{},d.wp.receiveEmbedMessage||(d.wp.receiveEmbedMessage=function(e){var t=e.data;if((t||t.secret||t.message||t.value)&&!\/[^a-zA-Z0-9]\/.test(t.secret)){for(var s,r,n,a=l.querySelectorAll('iframe[data-secret=\"'+t.secret+'\"]'),o=l.querySelectorAll('blockquote[data-secret=\"'+t.secret+'\"]'),c=new RegExp(\"^https?:$\",\"i\"),i=0;i<o.length;i++)o[i].style.display=\"none\";for(i=0;i<a.length;i++)s=a[i],e.source===s.contentWindow&&(s.removeAttribute(\"style\"),\"height\"===t.message?(1e3<(r=parseInt(t.value,10))?r=1e3:~~r<200&&(r=200),s.height=r):\"link\"===t.message&&(r=new URL(s.getAttribute(\"src\")),n=new URL(t.value),c.test(n.protocol))&&n.host===r.host&&l.activeElement===s&&(d.top.location.href=t.value))}},d.addEventListener(\"message\",d.wp.receiveEmbedMessage,!1),l.addEventListener(\"DOMContentLoaded\",function(){for(var e,t,s=l.querySelectorAll(\"iframe.wp-embedded-content\"),r=0;r<s.length;r++)(t=(e=s[r]).getAttribute(\"data-secret\"))||(t=Math.random().toString(36).substring(2,12),e.src+=\"#?secret=\"+t,e.setAttribute(\"data-secret\",t)),e.contentWindow.postMessage({message:\"ready\",secret:t},\"*\")},!1)))}(window,document);\n\/* ]]> *\/\n<\/script>\n"},"_links":{"self":[{"href":"https:\/\/stepienybarno.es\/blog\/wp-json\/wp\/v2\/posts\/15110"}],"collection":[{"href":"https:\/\/stepienybarno.es\/blog\/wp-json\/wp\/v2\/posts"}],"about":[{"href":"https:\/\/stepienybarno.es\/blog\/wp-json\/wp\/v2\/types\/post"}],"author":[{"embeddable":true,"href":"https:\/\/stepienybarno.es\/blog\/wp-json\/wp\/v2\/users\/2"}],"replies":[{"embeddable":true,"href":"https:\/\/stepienybarno.es\/blog\/wp-json\/wp\/v2\/comments?post=15110"}],"version-history":[{"count":3,"href":"https:\/\/stepienybarno.es\/blog\/wp-json\/wp\/v2\/posts\/15110\/revisions"}],"predecessor-version":[{"id":15115,"href":"https:\/\/stepienybarno.es\/blog\/wp-json\/wp\/v2\/posts\/15110\/revisions\/15115"}],"wp:attachment":[{"href":"https:\/\/stepienybarno.es\/blog\/wp-json\/wp\/v2\/media?parent=15110"}],"wp:term":[{"taxonomy":"category","embeddable":true,"href":"https:\/\/stepienybarno.es\/blog\/wp-json\/wp\/v2\/categories?post=15110"},{"taxonomy":"post_tag","embeddable":true,"href":"https:\/\/stepienybarno.es\/blog\/wp-json\/wp\/v2\/tags?post=15110"},{"taxonomy":"series","embeddable":true,"href":"https:\/\/stepienybarno.es\/blog\/wp-json\/wp\/v2\/series?post=15110"}],"curies":[{"name":"wp","href":"https:\/\/api.w.org\/{rel}","templated":true}]}}