{"id":15124,"date":"2014-12-17T13:19:27","date_gmt":"2014-12-17T11:19:27","guid":{"rendered":"https:\/\/www.stepienybarno.es\/blog\/?p=15124"},"modified":"2014-12-17T13:22:18","modified_gmt":"2014-12-17T11:22:18","slug":"arquitentrevista-con-creusecarrasco","status":"publish","type":"post","link":"https:\/\/stepienybarno.es\/blog\/2014\/12\/17\/arquitentrevista-con-creusecarrasco\/","title":{"rendered":"#arquientrevista con CREUSeCARRASCO"},"content":{"rendered":"<p style=\"text-align: center;\"><a href=\"https:\/\/stepienybarno.es\/blog\/wp-content\/uploads\/2014\/12\/Stepienybarno-blog-CREUSeCARRASCO.jpg\"><img loading=\"lazy\" decoding=\"async\" class=\"alignnone size-medium wp-image-15125\" title=\"Stepienybarno-blog- CREUSeCARRASCO\" src=\"https:\/\/stepienybarno.es\/blog\/wp-content\/uploads\/2014\/12\/Stepienybarno-blog-CREUSeCARRASCO-350x230.jpg\" alt=\"Stepienybarno-blog- CREUSeCARRASCO\" width=\"350\" height=\"230\" \/><\/a><\/p>\n<p>Esta semana, como veis, repetimos con la secci\u00f3n de #arquitentrevista. En esta ocasi\u00f3n tenemos el placer de presentar a Juan Creus y Covadonga Carrasco\u00a0\u00a0\u00a0 que nos responden de manera muy sosegada y delicada las preguntas que les planteamos.<\/p>\n<p>\u00a1Seguro que os gusta leerla!<\/p>\n<p><!--more--><\/p>\n<p><span style=\"color: #888888;\">1_ \u00bfCu\u00e1les son vuestros mejores recuerdos de la etapa universitaria?<\/span><\/p>\n<p>La impresi\u00f3n de <strong>estar metidos dentro de una lavadora<\/strong>. Todo revuelto entraba un dibujo a carboncillo, las matrices, la historia y las caracter\u00edsticas de los materiales. De vez en cuando, al parar, ten\u00edas un proyecto y te apetec\u00eda abrir la puerta y salir a ver y comprobar c\u00f3mo resolv\u00eda todo aquello la realidad. Recordamos los <strong>viajes<\/strong>.<\/p>\n<p><span style=\"color: #888888;\">2_ \u00bfC\u00f3mo fue vuestro desembarco en el mundo profesional?<\/span><\/p>\n<p>Proyecto y obra de dos viviendas en un valle de Asturias para <strong>dos hermanos granjeros.<\/strong> Viv\u00edan en la casa de la granja, al lado de la parcela, con sus padres. Siempre nos recib\u00edan los cuatro juntos, entorno a la mesa de la cocina. Tal vez por vivir entre leche, nos daban un caf\u00e9 negro y fuerte. Los dos se llamaban Jos\u00e9. Sus casas eran iguales, holgadas en superficie, sim\u00e9tricas y con cada p\u00e9rgola orientada de forma diferente. <strong>Las construyeron con sus manos, con mucho \u00e1nimo<\/strong>, pero no llegaron a habitarlas, quiz\u00e1s les asust\u00f3 el matiz. O el salto. Cerca, a pocos kil\u00f3metros, fuimos haciendo, casi a la vez, la rehabilitaci\u00f3n de una peque\u00f1a construcci\u00f3n de 15 m2 de planta para dos hermanas en la que, con dobles alturas, conseguimos amplitud interior y un programa completo de vivienda. <strong>Recordamos sus meriendas y mucha gente en casa. En la arquitectura influye mucho el acercamiento. <\/strong><\/p>\n<p><span style=\"color: #888888;\">3_ \u00bfCu\u00e1les son vuestras principales influencias o referencias?<\/span><\/p>\n<p>A veces vemos mejor la arquitectura cuando no la miramos como arquitectos. Tambi\u00e9n, <strong>nos intriga la buena arquitectura sin arquitectos.<\/strong> <strong>Si nos gusta, la dibujamos y se la regalamos al propietario como el proyecto que nunca tuvo.<\/strong> La Casa Kiwi o la Casa de Man fueron eso. En los 60 coincidieron en muchos pa\u00edses pensamientos de este tipo, arquitectos y arquitecturas que incorporaban a la gente, la tecnolog\u00eda y las formas del lugar como partes fundamentales de lo construido. Es una \u00e9poca de maestros y de disc\u00edpulos que nos llega hasta hoy.<\/p>\n<p><span style=\"color: #888888;\">4_ Contarnos de qu\u00e9 proyecto os sent\u00eds m\u00e1s orgullosos de todos los que hab\u00e9is hecho.<\/span><\/p>\n<p>Siempre hay algo que caracteriza a un proyecto frente a otro. En todos vemos cualidades, pero tambi\u00e9n defectos. <strong>Estamos orgullosos de intentarlo en diferentes escalas y diferentes usos<\/strong>. Nunca hemos renunciado a hacer vivienda, nos parece el mayor ejercicio de aproximaci\u00f3n a la realidad y el mejor servicio que puede hacer la arquitectura.<\/p>\n<p><span style=\"color: #888888;\">5_ Del actual panorama arquitect\u00f3nico \u00bfqu\u00e9 es lo que m\u00e1s os interesa? Decirnos nombres de arquitectos y proyectos.<\/span><\/p>\n<p>Se siguen haciendo buenas obras. Notamos el inter\u00e9s en regiones que hasta hace unos a\u00f1os apenas destacaban por la obra de sus arquitectos locales.<strong> Las escuelas de arquitectura perif\u00e9ricas y la difusi\u00f3n en red han influido en esto. <\/strong>Pero, tambi\u00e9n, la actitud por vislumbrar un panorama diferente en el que la interpretaci\u00f3n del lugar de uno puede llegar a convertirse en una interesante sugerencia global.<\/p>\n<p><span style=\"color: #888888;\">6_ \u00bfC\u00f3mo veis a las Escuelas de arquitectura a d\u00eda de hoy?<\/span><\/p>\n<p>Llenas de maletas. Los viernes los alumnos traen sus maletas a clase. Es una premonici\u00f3n de lo que piensan hacer. Se preparan para algo que van a hacer en otro sitio. Se entrenan. No es un entrenamiento para jugar aqu\u00ed y no nos reconocen como entrenadores. Supervisamos sus papeles, su salvoconducto.<strong> Aprecian nuestra labor pero oyen los ecos de otro lugar. Es triste. <\/strong>Nos desconecta de las necesidades reales y ya no miramos lo que pasa aqu\u00ed dentro. Lo que todav\u00eda puede hacer la arquitectura por nuestros lugares. Muchos creen que es una emergencia que se resuelve con arquitectura de emergencia pero, como siempre, se trata de saber ver y saber hacer. Por eso las escuelas deben aproximarse a los problemas y dejar de expedir maletas.<\/p>\n<p><span style=\"color: #888888;\">7_ \u00bfCu\u00e1l es vuestra opini\u00f3n sobre los Colegios de arquitectura? \u00bfC\u00f3mo os los imaginas en un futuro?<\/span><\/p>\n<p>En los colegios ha habido una estampida. <strong>Las defensas directas del arquitecto y de la arquitectura frente a las instituciones nunca han estado tan bajas.<\/strong> La capacidad sigue intacta, pero se han mermado mucho las competencias. Al arquitecto no se le considera necesario y se le cuestiona. La muerte del arquitecto estrella sirve tambi\u00e9n para matar a cualquier arquitecto. El advenimiento de lo soluble, de lo que se deshace, por supuesto que tambi\u00e9n. <strong>Los colegios resistir\u00e1n en la medida que defiendan la arquitectura.<\/strong> Si no, desaparecer\u00e1n y ser\u00e1 la lucha individual y de los peque\u00f1os colectivos lo \u00fanico que quede.<\/p>\n<p><span style=\"color: #888888;\">8_ \u00bfQu\u00e9 nos cont\u00e1is del mundo de los blogs de arquitectura? \u00bfCu\u00e1les son vuestros preferidos?<\/span><\/p>\n<p>Debemos reconocer que no los seguimos demasiado. No por inter\u00e9s, sino por cuestiones de tiempo. <strong>Nos cuesta estar encima de todo lo que sucede. A la arquitectura tambi\u00e9n le pesa la arquitectura.<\/strong> Por eso, nos gusta la informaci\u00f3n que nos descubre otras cosas, otras formas de ver. Ese es un trabajo interesante para los blogs. Tenemos muy pr\u00f3ximos a <a href=\"http:\/\/veredes.es\/\">Veredes<\/a> y <a href=\"http:\/\/www.tectonica.es\/\">Tect\u00f3nica<\/a> y, por supuesto, los pioneros como vosotros, Stepienybarno, <a href=\"http:\/\/www.santiagodemolina.com\/\">M\u00faltiples estrategias de arquitectura<\/a>, <a href=\"http:\/\/cajondearquitecto.com\/\">Caj\u00f3n de arquitecto<\/a>,\u00a0<a href=\"http:\/\/abcblogs.abc.es\/fredy-massad\/\">La viga en el ojo<\/a>\u2026 pero tambi\u00e9n otros menos conocidos como A sangre fr\u00eda, Ergosfera, \u00a0Amalonda\u2026 o los de acad\u00e9micos como Jos\u00e9 Fari\u00f1a o Torres (Mise Au Point). Seguro que hay muchos m\u00e1s que deber\u00edamos conocer.<\/p>\n<p><span style=\"color: #888888;\">9_ \u00bfQu\u00e9 papel juega la red y las redes sociales, a la hora de dar visibilidad a vuestro trabajo?<\/span><\/p>\n<p>Cada vez m\u00e1s, aunque nosotros hace a\u00f1os que ya difundimos nuestro trabajo desde la <a href=\"http:\/\/www.creusecarrasco.com\/\">propia web del estudio<\/a> y de nuestra revista de reflexi\u00f3n RESINA. Reconocemos que cada vez nos piden publicar en otras webs y escribir en plataformas digitales. Eso nos exige tener actualizada la informaci\u00f3n y registrar con bastante frecuencia noticias de las obras y proyectos. Son de gran valor, pues reconocemos el inter\u00e9s que pueden despertar las cosas que hacemos. Como todo, <strong>hay que hacer buen uso de toda esa informaci\u00f3n y no llegar a ella como un mero devorador de contenidos. La arquitectura es un hecho real.<\/strong><\/p>\n<p><span style=\"color: #888888;\">10_ \u00bfD\u00f3nde os imagin\u00e1is dentro de cinco a\u00f1os? \u00bfAlg\u00fan sue\u00f1o que os gustar\u00eda que se cumpliese?<\/span><\/p>\n<p>Nos imaginamos al pie de una obra, aunque \u00e9sta sea m\u00ednima. Hablando con quien la construye y con quien est\u00e1 dispuesto a usarla. Acerc\u00e1ndonos como hemos hecho hasta ahora, con prudencia pero tambi\u00e9n confianza en lo que podemos llegar a hacer. <strong>La intriga propia de los razonables misterios. A\u00f1oramos los viajes.<\/strong><\/p>\n<p style=\"text-align: center;\"><a href=\"https:\/\/stepienybarno.es\/blog\/wp-content\/uploads\/2014\/12\/CasaPaloma-Stepienybarno-blog-CREUSeCARRASCO.jpg\"><img loading=\"lazy\" decoding=\"async\" class=\"alignnone size-full wp-image-15123\" title=\"CasaPaloma-Stepienybarno-blog- CREUSeCARRASCO\" src=\"https:\/\/stepienybarno.es\/blog\/wp-content\/uploads\/2014\/12\/CasaPaloma-Stepienybarno-blog-CREUSeCARRASCO.jpg\" alt=\"CasaPaloma-Stepienybarno-blog- CREUSeCARRASCO\" width=\"530\" height=\"816\" srcset=\"https:\/\/stepienybarno.es\/blog\/wp-content\/uploads\/2014\/12\/CasaPaloma-Stepienybarno-blog-CREUSeCARRASCO.jpg 530w, https:\/\/stepienybarno.es\/blog\/wp-content\/uploads\/2014\/12\/CasaPaloma-Stepienybarno-blog-CREUSeCARRASCO-117x180.jpg 117w, https:\/\/stepienybarno.es\/blog\/wp-content\/uploads\/2014\/12\/CasaPaloma-Stepienybarno-blog-CREUSeCARRASCO-357x550.jpg 357w, https:\/\/stepienybarno.es\/blog\/wp-content\/uploads\/2014\/12\/CasaPaloma-Stepienybarno-blog-CREUSeCARRASCO-455x700.jpg 455w, https:\/\/stepienybarno.es\/blog\/wp-content\/uploads\/2014\/12\/CasaPaloma-Stepienybarno-blog-CREUSeCARRASCO-260x400.jpg 260w\" sizes=\"(max-width: 530px) 100vw, 530px\" \/><\/a><\/p>\n<p align=\"center\">Proyecto: <a href=\"http:\/\/www.creusecarrasco.com\/index.php?d=oBRAcONSTRUIDA\/CasaLaPaloma95\/mas\">Casa Paloma<\/a><\/p>\n<p align=\"center\">Web de los protagonistas: <a href=\"http:\/\/www.creusecarrasco.com\/\">http:\/\/www.creusecarrasco.com\/<\/a><\/p>\n<blockquote><p><strong>Post relacionados:<\/strong><\/p>\n<p>#ArquiEntrevista en Stepienybarno<\/p>\n<p><a href=\"https:\/\/stepienybarno.es\/blog\/tag\/arquientrevista\/\">https:\/\/stepienybarno.es\/blog\/tag\/arquientrevista\/<\/a><\/p><\/blockquote>\n<p>* <span style=\"color: #888888;\"><em>Este art\u00edculo ha sido escrito con car\u00e1cter divulgativo y sin ning\u00fan tipo de \u00e1nimo de lucro. As\u00ed que, si te apetece compartirlo en cualquier otro medio, estaremos encantados de que lo hagas siempre y cuando cites el lugar donde lo has encontrado.<\/em><\/span><\/p>\n<p><a href=\"https:\/\/twitter.com\/stepienybarno\"><span style=\"color: #888888;\"><em>STEPIENYBARNO EN TWITTER _ @stepienybarno<\/em><\/span><\/a><\/p>\n<p><a href=\"http:\/\/www.linkedin.com\/company\/stepienybarno\"><span style=\"color: #888888;\"><em>STEPIENYBARNO EN LINKEDIN<\/em><\/span><\/a><\/p>\n<p><a href=\"https:\/\/www.facebook.com\/pages\/BLOG-DE-STEPIENYBARNO\/78001079029\"><span style=\"color: #888888;\"><em>STEPIENYBARNO EN FACEBOOK<\/em><\/span><\/a><\/p>\n<p><span style=\"color: #888888;\"><em>* Stepienybarno est\u00e1 formado por Agnieszka Stepien y Lorenzo Barn\u00f3 y desde mayo del 2009 estamos en la red con\u00a0 la presente publicaci\u00f3n digital (Blog) de arquitectura.<\/em><\/span><\/p>\n<p><span style=\"color: #888888;\"><em>Nuestra actividad se sustenta en tres pilares b\u00e1sicos: la investigaci\u00f3n, la publicaci\u00f3n y la redacci\u00f3n de proyectos de arquitectura.<\/em><\/span><\/p>\n<p><span style=\"color: #888888;\"><em>A su vez, somos socios cofundadores de <a href=\"http:\/\/sinergiasostenible.org\/\">SINERGIA SOSTENIBLE<\/a> y redactores de <a href=\"http:\/\/www.laciudadviva.org\/blogs\/?author=45\">LA CIUDAD VIVA<\/a>.<\/em><\/span><\/p>\n<p><span style=\"color: #888888;\"><em>* Los editores de esta publicaci\u00f3n digital no nos hacemos cargo de de los comentarios y\u00a0 conceptos vertidos en los textos firmados por otras personas, siendo \u00e9stos de responsabilidad exclusiva de sus autores.<\/em><\/span><\/p>\n<p><span style=\"color: #888888;\"><em>* Tu comentario pudiera ser moderado, por lo tanto, aunque aparezca inmediatamente al ser publicado en la entrada, los editores de esta publicaci\u00f3n digital nos reservamos el derecho tanto de editarlo (si fuera necesario, para hacerlo m\u00e1s legible) como de eliminarlo en el caso de que se usen expresiones incorrectas (descalificaciones, palabras malsonantes\u2026). A su vez, si quieres comentar desde el anonimato puedes hacerlo, aunque, nosotros personalmente, agradecemos que tod@s nos podamos identificar.<\/em><\/span><\/p>\n","protected":false},"excerpt":{"rendered":"<p>Esta semana, como veis, repetimos con la secci\u00f3n de #arquitentrevista. En esta ocasi\u00f3n tenemos el placer de presentar a Juan Creus y Covadonga Carrasco    que nos responden de manera muy sosegada y delicada las preguntas que les planteamos.<\/p>\n<p>\u00a1Seguro que os gusta leerla!<\/p>\n<p>(m\u00e1s&#8230;)<\/p>\n","protected":false},"author":2,"featured_media":0,"comment_status":"open","ping_status":"closed","sticky":false,"template":"","format":"standard","meta":{"om_disable_all_campaigns":false,"_monsterinsights_skip_tracking":false,"_monsterinsights_sitenote_active":false,"_monsterinsights_sitenote_note":"","_monsterinsights_sitenote_category":0,"_uf_show_specific_survey":0,"_uf_disable_surveys":false,"episode_type":"","audio_file":"","cover_image":"","cover_image_id":"","duration":"","filesize":"","date_recorded":"","explicit":"","block":"","filesize_raw":"","footnotes":""},"categories":[34,63,4],"tags":[3219,1533,1531,1532,3154,189,293,2765],"series":[],"class_list":["post-15124","post","type-post","status-publish","format-standard","hentry","category-actualidad","category-arqui-entrevista","category-arquilectura","tag-arquitentrevista","tag-covadonga-carrasco","tag-creusecarrasco","tag-juan-creus","tag-la-viga-en-el-ojo","tag-multiples-estrategias-de-arquitectura","tag-tectonica","tag-veredes-arquitectura-y-divulgacion"],"aioseo_notices":[],"episode_featured_image":false,"episode_player_image":"https:\/\/stepienybarno.es\/blog\/wp-content\/uploads\/2020\/11\/stepienybarno-podcast-scaled.jpg","download_link":"","player_link":"","audio_player":false,"episode_data":{"playerMode":"dark","subscribeUrls":[],"rssFeedUrl":"https:\/\/stepienybarno.es\/blog\/feed\/podcast\/podcast-de-stepienybarno","embedCode":"<blockquote class=\"wp-embedded-content\" data-secret=\"i3N0aoUF97\"><a href=\"https:\/\/stepienybarno.es\/blog\/2014\/12\/17\/arquitentrevista-con-creusecarrasco\/\">#arquientrevista con CREUSeCARRASCO<\/a><\/blockquote><iframe sandbox=\"allow-scripts\" security=\"restricted\" src=\"https:\/\/stepienybarno.es\/blog\/2014\/12\/17\/arquitentrevista-con-creusecarrasco\/embed\/#?secret=i3N0aoUF97\" width=\"500\" height=\"350\" title=\"\u00ab#arquientrevista con CREUSeCARRASCO\u00bb \u2014 Blog de STEPIEN Y BARNO - publicaci\u00f3n digital sobre arquitectura\" data-secret=\"i3N0aoUF97\" frameborder=\"0\" marginwidth=\"0\" marginheight=\"0\" scrolling=\"no\" class=\"wp-embedded-content\"><\/iframe><script type=\"text\/javascript\">\n\/* <![CDATA[ *\/\n\/*! This file is auto-generated *\/\n!function(d,l){\"use strict\";l.querySelector&&d.addEventListener&&\"undefined\"!=typeof URL&&(d.wp=d.wp||{},d.wp.receiveEmbedMessage||(d.wp.receiveEmbedMessage=function(e){var t=e.data;if((t||t.secret||t.message||t.value)&&!\/[^a-zA-Z0-9]\/.test(t.secret)){for(var s,r,n,a=l.querySelectorAll('iframe[data-secret=\"'+t.secret+'\"]'),o=l.querySelectorAll('blockquote[data-secret=\"'+t.secret+'\"]'),c=new RegExp(\"^https?:$\",\"i\"),i=0;i<o.length;i++)o[i].style.display=\"none\";for(i=0;i<a.length;i++)s=a[i],e.source===s.contentWindow&&(s.removeAttribute(\"style\"),\"height\"===t.message?(1e3<(r=parseInt(t.value,10))?r=1e3:~~r<200&&(r=200),s.height=r):\"link\"===t.message&&(r=new URL(s.getAttribute(\"src\")),n=new URL(t.value),c.test(n.protocol))&&n.host===r.host&&l.activeElement===s&&(d.top.location.href=t.value))}},d.addEventListener(\"message\",d.wp.receiveEmbedMessage,!1),l.addEventListener(\"DOMContentLoaded\",function(){for(var e,t,s=l.querySelectorAll(\"iframe.wp-embedded-content\"),r=0;r<s.length;r++)(t=(e=s[r]).getAttribute(\"data-secret\"))||(t=Math.random().toString(36).substring(2,12),e.src+=\"#?secret=\"+t,e.setAttribute(\"data-secret\",t)),e.contentWindow.postMessage({message:\"ready\",secret:t},\"*\")},!1)))}(window,document);\n\/* ]]> *\/\n<\/script>\n"},"_links":{"self":[{"href":"https:\/\/stepienybarno.es\/blog\/wp-json\/wp\/v2\/posts\/15124"}],"collection":[{"href":"https:\/\/stepienybarno.es\/blog\/wp-json\/wp\/v2\/posts"}],"about":[{"href":"https:\/\/stepienybarno.es\/blog\/wp-json\/wp\/v2\/types\/post"}],"author":[{"embeddable":true,"href":"https:\/\/stepienybarno.es\/blog\/wp-json\/wp\/v2\/users\/2"}],"replies":[{"embeddable":true,"href":"https:\/\/stepienybarno.es\/blog\/wp-json\/wp\/v2\/comments?post=15124"}],"version-history":[{"count":4,"href":"https:\/\/stepienybarno.es\/blog\/wp-json\/wp\/v2\/posts\/15124\/revisions"}],"predecessor-version":[{"id":15128,"href":"https:\/\/stepienybarno.es\/blog\/wp-json\/wp\/v2\/posts\/15124\/revisions\/15128"}],"wp:attachment":[{"href":"https:\/\/stepienybarno.es\/blog\/wp-json\/wp\/v2\/media?parent=15124"}],"wp:term":[{"taxonomy":"category","embeddable":true,"href":"https:\/\/stepienybarno.es\/blog\/wp-json\/wp\/v2\/categories?post=15124"},{"taxonomy":"post_tag","embeddable":true,"href":"https:\/\/stepienybarno.es\/blog\/wp-json\/wp\/v2\/tags?post=15124"},{"taxonomy":"series","embeddable":true,"href":"https:\/\/stepienybarno.es\/blog\/wp-json\/wp\/v2\/series?post=15124"}],"curies":[{"name":"wp","href":"https:\/\/api.w.org\/{rel}","templated":true}]}}