{"id":15178,"date":"2014-12-22T21:31:47","date_gmt":"2014-12-22T19:31:47","guid":{"rendered":"https:\/\/www.stepienybarno.es\/blog\/?p=15178"},"modified":"2014-12-24T07:24:31","modified_gmt":"2014-12-24T05:24:31","slug":"14-blogs-de-arquitectura-para-el-2014","status":"publish","type":"post","link":"https:\/\/stepienybarno.es\/blog\/2014\/12\/22\/14-blogs-de-arquitectura-para-el-2014\/","title":{"rendered":"14 BLOGS DE ARQUITECTURA PARA EL 2014"},"content":{"rendered":"<p style=\"text-align: center;\"><a href=\"https:\/\/stepienybarno.es\/blog\/wp-content\/uploads\/2014\/12\/BLOG-ARQUITECTURA-2014-STEPIENYBARNO.png\"><img loading=\"lazy\" decoding=\"async\" class=\"alignnone size-full wp-image-15179\" title=\"BLOG-ARQUITECTURA-2014-STEPIENYBARNO\" src=\"https:\/\/stepienybarno.es\/blog\/wp-content\/uploads\/2014\/12\/BLOG-ARQUITECTURA-2014-STEPIENYBARNO.png\" alt=\"BLOG-ARQUITECTURA-2014-STEPIENYBARNO\" width=\"350\" height=\"339\" srcset=\"https:\/\/stepienybarno.es\/blog\/wp-content\/uploads\/2014\/12\/BLOG-ARQUITECTURA-2014-STEPIENYBARNO.png 350w, https:\/\/stepienybarno.es\/blog\/wp-content\/uploads\/2014\/12\/BLOG-ARQUITECTURA-2014-STEPIENYBARNO-180x174.png 180w, https:\/\/stepienybarno.es\/blog\/wp-content\/uploads\/2014\/12\/BLOG-ARQUITECTURA-2014-STEPIENYBARNO-316x306.png 316w\" sizes=\"(max-width: 350px) 100vw, 350px\" \/><\/a><\/p>\n<p>Llega el final del a\u00f1o y parece oportuno hacer un recuento o balance de lo que m\u00e1s nos ha interesado. As\u00ed que, con la entrada de hoy, traemos a primer plano los 14 blogs de arquitectura que m\u00e1s nos han interesado a lo largo del 2014. No es ning\u00fan ranking de blogs, ni son los 14 mejores blogs de arquitectura; solo son los que m\u00e1s nos han ido llamando la atenci\u00f3n a lo largo del a\u00f1o.<\/p>\n<p>Muchos y muy buenos, se quedan fuera y esperamos que no se sientan ofendidos.<\/p>\n<p>\u00a1Ah\u00ed va la lista!<\/p>\n<p><!--more--><\/p>\n<blockquote>\n<h1>14 BLOGS DE ARQUITECTURA PARA EL 2014<\/h1>\n<p><span style=\"color: #3366ff;\">1_<strong><a title=\"Del tirador a la ciudad\" href=\"http:\/\/blogs.elpais.com\/del-tirador-a-la-ciudad\/\" target=\"_blank\">Del tirador a la ciudad<\/a><\/strong><\/span><\/p>\n<p><span style=\"color: #3366ff;\">2_<strong><a title=\"El Blog De Jos\u00e9 Fari\u00f1A\" href=\"http:\/\/elblogdefarina.blogspot.com\/\" target=\"_blank\">El Blog de Jos\u00e9 Fari\u00f1a<\/a><\/strong><\/span><\/p>\n<p><span style=\"color: #3366ff;\">3_<strong><a title=\"multiples estrategias de arquitectura\" href=\"http:\/\/www.santiagodemolina.com\/\" target=\"_blank\">M\u00faltiples estrategias de arquitectura<\/a><\/strong><\/span><\/p>\n<p><span style=\"color: #3366ff;\">4_<strong><a title=\"P\u00e1rrafos de Arquitectura\" href=\"http:\/\/madc-texts.blogspot.com\/\" target=\"_blank\">P\u00e1rrafos de arquitectura<\/a><\/strong><\/span><\/p>\n<p><span style=\"color: #3366ff;\">5_<strong><a title=\"HIC Arquitectura\" href=\"http:\/\/hicarquitectura.com\/\" target=\"_blank\">HIC Arquitectura<\/a><\/strong><\/span><\/p>\n<p><span style=\"color: #3366ff;\">6_<strong><a title=\"n+1\" href=\"http:\/\/nmas1.wordpress.com\/\" target=\"_blank\">N+1<\/a><\/strong><\/span><\/p>\n<p><span style=\"color: #3366ff;\">7_<strong> <a href=\"http:\/\/www.metalocus.es\/content\" target=\"_blank\">METALOCUS<\/a><\/strong><\/span><\/p>\n<p><span style=\"color: #3366ff;\">8_<strong><a title=\"veredes\" href=\"http:\/\/veredes.es\/blog\" target=\"_blank\">Veredes<\/a><\/strong><\/span><\/p>\n<p><span style=\"color: #3366ff;\">9_<strong><a title=\"TECT\u00d3NICAblog\" href=\"http:\/\/tectonicablog.com\/\" target=\"_blank\">Tect\u00f3nica <\/a><\/strong><\/span><\/p>\n<p><span style=\"color: #3366ff;\">10_<strong><a title=\"PedacicosArquitectonicos\" href=\"http:\/\/pedacicosarquitectonicos.com\/\" target=\"_blank\">Pedacicos Arquitectonicos<\/a><\/strong><\/span><\/p>\n<p><span style=\"color: #3366ff;\">11_<strong><a title=\"caj\u00f3n (de sastre) de arquitecto\" href=\"http:\/\/cajondearquitecto.com\/\" target=\"_blank\">Caj\u00f3n (de sastre) de arquitecto<\/a><\/strong><\/span><\/p>\n<p><span style=\"color: #3366ff;\">12_<strong><a title=\"Arquitectamos locos?\" href=\"http:\/\/arquitectamoslocos.blogspot.com\/\" target=\"_blank\">Arquitectamos Locos?<\/a><\/strong><\/span><\/p>\n<p><span style=\"color: #3366ff;\">13_ <strong><a href=\"http:\/\/arquitextonica.net\/\">Arquitextonica<\/a><\/strong><\/span><\/p>\n<p><span style=\"color: #3366ff;\">14_<strong><a title=\"Arquitectura entre otras soluciones\" href=\"http:\/\/jaumeprat.com\/\" target=\"_blank\">Arquitectura entre otras soluciones<\/a><\/strong><\/span><\/p><\/blockquote>\n<p align=\"left\"><strong> <\/strong><\/p>\n<blockquote>\n<p align=\"left\"><strong>Post relacionados:<\/strong><\/p>\n<p>111 BLOGS DE ARQUITECTURA<\/p>\n<p><a href=\"https:\/\/stepienybarno.es\/blog\/2012\/11\/28\/111-blogs-de-arquitectura\/\">https:\/\/stepienybarno.es\/blog\/2012\/11\/28\/111-blogs-de-arquitectura\/<\/a><\/p>\n<p>ACTA DEL JURADO PARA LA ELECCI\u00d3N DE LOS MEJORES BLOGS DE ARQUITECTURA DEL A\u00d1O 2013<\/p>\n<p><a href=\"https:\/\/stepienybarno.es\/blog\/2014\/02\/06\/acta-del-jurado-para-la-eleccion-de-los-mejores-blogs-de-arquitectura-del-ano-2013\/\">https:\/\/stepienybarno.es\/blog\/2014\/02\/06\/acta-del-jurado-para-la-eleccion-de-los-mejores-blogs-de-arquitectura-del-ano-2013\/<\/a><\/p><\/blockquote>\n<p>* <span style=\"color: #888888;\"><em>Este art\u00edculo ha sido escrito con car\u00e1cter divulgativo y sin ning\u00fan tipo de \u00e1nimo de lucro. As\u00ed que, si te apetece compartirlo en cualquier otro medio, estaremos encantados de que lo hagas siempre y cuando cites el lugar donde lo has encontrado.<\/em><\/span><\/p>\n<p><a href=\"https:\/\/twitter.com\/stepienybarno\"><span style=\"color: #888888;\"><em>STEPIENYBARNO EN TWITTER _ @stepienybarno<\/em><\/span><\/a><\/p>\n<p><a href=\"http:\/\/www.linkedin.com\/company\/stepienybarno\"><span style=\"color: #888888;\"><em>STEPIENYBARNO EN LINKEDIN<\/em><\/span><\/a><\/p>\n<p><a href=\"https:\/\/www.facebook.com\/pages\/BLOG-DE-STEPIENYBARNO\/78001079029\"><span style=\"color: #888888;\"><em>STEPIENYBARNO EN FACEBOOK<\/em><\/span><\/a><\/p>\n<p><span style=\"color: #888888;\"><em>* Stepienybarno est\u00e1 formado por Agnieszka Stepien y Lorenzo Barn\u00f3 y desde mayo del 2009 estamos en la red con\u00a0 la presente publicaci\u00f3n digital (Blog) de arquitectura.<\/em><\/span><\/p>\n<p><span style=\"color: #888888;\"><em>Nuestra actividad se sustenta en tres pilares b\u00e1sicos: la investigaci\u00f3n, la publicaci\u00f3n y la redacci\u00f3n de proyectos de arquitectura.<\/em><\/span><\/p>\n<p><span style=\"color: #888888;\"><em>A su vez, somos socios cofundadores de <a href=\"http:\/\/sinergiasostenible.org\/\">SINERGIA SOSTENIBLE<\/a> y redactores de <a href=\"http:\/\/www.laciudadviva.org\/blogs\/?author=45\">LA CIUDAD VIVA<\/a>.<\/em><\/span><\/p>\n<p><span style=\"color: #888888;\"><em>* Los editores de esta publicaci\u00f3n digital no nos hacemos cargo de de los comentarios y\u00a0 conceptos vertidos en los textos firmados por otras personas, siendo \u00e9stos de responsabilidad exclusiva de sus autores.<\/em><\/span><\/p>\n<p><span style=\"color: #888888;\"><em>* Tu comentario pudiera ser moderado, por lo tanto, aunque aparezca inmediatamente al ser publicado en la entrada, los editores de esta publicaci\u00f3n digital nos reservamos el derecho tanto de editarlo (si fuera necesario, para hacerlo m\u00e1s legible) como de eliminarlo en el caso de que se usen expresiones incorrectas (descalificaciones, palabras malsonantes\u2026). A su vez, si quieres comentar desde el anonimato puedes hacerlo, aunque, nosotros personalmente, agradecemos que tod@s nos podamos identificar.<\/em><\/span><\/p>\n","protected":false},"excerpt":{"rendered":"<p>Llega el final del a\u00f1o y parece oportuno hacer un recuento o balance de lo que m\u00e1s nos ha interesado. As\u00ed que, con la entrada de hoy, traemos a primer plano los 14 blogs de arquitectura que m\u00e1s nos han interesado a lo largo del 2014. No es ning\u00fan ranking de blogs, ni son los 14 mejores blogs de arquitectura; solo son los que m\u00e1s nos han ido llamando la atenci\u00f3n a lo largo del a\u00f1o.<\/p>\n<p>Muchos y muy buenos, se quedan fuera y esperamos que no se sientan ofendidos.<\/p>\n<p>\u00a1Ah\u00ed va la lista!<\/p>\n<p>(m\u00e1s&#8230;)<\/p>\n","protected":false},"author":2,"featured_media":0,"comment_status":"open","ping_status":"closed","sticky":false,"template":"","format":"standard","meta":{"om_disable_all_campaigns":false,"_monsterinsights_skip_tracking":false,"_monsterinsights_sitenote_active":false,"_monsterinsights_sitenote_note":"","_monsterinsights_sitenote_category":0,"_uf_show_specific_survey":0,"_uf_disable_surveys":false,"episode_type":"","audio_file":"","cover_image":"","cover_image_id":"","duration":"","filesize":"","date_recorded":"","explicit":"","block":"","filesize_raw":"","footnotes":""},"categories":[34],"tags":[2481,258,33,592,2797,395,1701,2220,2871,189,264,2980,2476,293,2765],"series":[],"class_list":["post-15178","post","type-post","status-publish","format-standard","hentry","category-actualidad","tag-arquitectamos-locos","tag-arquitextonica","tag-blog","tag-blog-de-arquitectura","tag-cajon-de-sastre-de-arquitecto","tag-del-tirador-a-la-ciudad","tag-el-blog-de-jose-farina","tag-hic-arquitectura","tag-metalocus","tag-multiples-estrategias-de-arquitectura","tag-n1","tag-parrafos-de-arquitectura","tag-pedacicos-arquitectonicos","tag-tectonica","tag-veredes-arquitectura-y-divulgacion"],"aioseo_notices":[],"episode_featured_image":false,"episode_player_image":"https:\/\/stepienybarno.es\/blog\/wp-content\/uploads\/2020\/11\/stepienybarno-podcast-scaled.jpg","download_link":"","player_link":"","audio_player":false,"episode_data":{"playerMode":"dark","subscribeUrls":[],"rssFeedUrl":"https:\/\/stepienybarno.es\/blog\/feed\/podcast\/podcast-de-stepienybarno","embedCode":"<blockquote class=\"wp-embedded-content\" data-secret=\"BBTDQlAy19\"><a href=\"https:\/\/stepienybarno.es\/blog\/2014\/12\/22\/14-blogs-de-arquitectura-para-el-2014\/\">14 BLOGS DE ARQUITECTURA PARA EL 2014<\/a><\/blockquote><iframe sandbox=\"allow-scripts\" security=\"restricted\" src=\"https:\/\/stepienybarno.es\/blog\/2014\/12\/22\/14-blogs-de-arquitectura-para-el-2014\/embed\/#?secret=BBTDQlAy19\" width=\"500\" height=\"350\" title=\"\u00ab14 BLOGS DE ARQUITECTURA PARA EL 2014\u00bb \u2014 Blog de STEPIEN Y BARNO - publicaci\u00f3n digital sobre arquitectura\" data-secret=\"BBTDQlAy19\" frameborder=\"0\" marginwidth=\"0\" marginheight=\"0\" scrolling=\"no\" class=\"wp-embedded-content\"><\/iframe><script type=\"text\/javascript\">\n\/* <![CDATA[ *\/\n\/*! This file is auto-generated *\/\n!function(d,l){\"use strict\";l.querySelector&&d.addEventListener&&\"undefined\"!=typeof URL&&(d.wp=d.wp||{},d.wp.receiveEmbedMessage||(d.wp.receiveEmbedMessage=function(e){var t=e.data;if((t||t.secret||t.message||t.value)&&!\/[^a-zA-Z0-9]\/.test(t.secret)){for(var s,r,n,a=l.querySelectorAll('iframe[data-secret=\"'+t.secret+'\"]'),o=l.querySelectorAll('blockquote[data-secret=\"'+t.secret+'\"]'),c=new RegExp(\"^https?:$\",\"i\"),i=0;i<o.length;i++)o[i].style.display=\"none\";for(i=0;i<a.length;i++)s=a[i],e.source===s.contentWindow&&(s.removeAttribute(\"style\"),\"height\"===t.message?(1e3<(r=parseInt(t.value,10))?r=1e3:~~r<200&&(r=200),s.height=r):\"link\"===t.message&&(r=new URL(s.getAttribute(\"src\")),n=new URL(t.value),c.test(n.protocol))&&n.host===r.host&&l.activeElement===s&&(d.top.location.href=t.value))}},d.addEventListener(\"message\",d.wp.receiveEmbedMessage,!1),l.addEventListener(\"DOMContentLoaded\",function(){for(var e,t,s=l.querySelectorAll(\"iframe.wp-embedded-content\"),r=0;r<s.length;r++)(t=(e=s[r]).getAttribute(\"data-secret\"))||(t=Math.random().toString(36).substring(2,12),e.src+=\"#?secret=\"+t,e.setAttribute(\"data-secret\",t)),e.contentWindow.postMessage({message:\"ready\",secret:t},\"*\")},!1)))}(window,document);\n\/* ]]> *\/\n<\/script>\n"},"_links":{"self":[{"href":"https:\/\/stepienybarno.es\/blog\/wp-json\/wp\/v2\/posts\/15178"}],"collection":[{"href":"https:\/\/stepienybarno.es\/blog\/wp-json\/wp\/v2\/posts"}],"about":[{"href":"https:\/\/stepienybarno.es\/blog\/wp-json\/wp\/v2\/types\/post"}],"author":[{"embeddable":true,"href":"https:\/\/stepienybarno.es\/blog\/wp-json\/wp\/v2\/users\/2"}],"replies":[{"embeddable":true,"href":"https:\/\/stepienybarno.es\/blog\/wp-json\/wp\/v2\/comments?post=15178"}],"version-history":[{"count":7,"href":"https:\/\/stepienybarno.es\/blog\/wp-json\/wp\/v2\/posts\/15178\/revisions"}],"predecessor-version":[{"id":15203,"href":"https:\/\/stepienybarno.es\/blog\/wp-json\/wp\/v2\/posts\/15178\/revisions\/15203"}],"wp:attachment":[{"href":"https:\/\/stepienybarno.es\/blog\/wp-json\/wp\/v2\/media?parent=15178"}],"wp:term":[{"taxonomy":"category","embeddable":true,"href":"https:\/\/stepienybarno.es\/blog\/wp-json\/wp\/v2\/categories?post=15178"},{"taxonomy":"post_tag","embeddable":true,"href":"https:\/\/stepienybarno.es\/blog\/wp-json\/wp\/v2\/tags?post=15178"},{"taxonomy":"series","embeddable":true,"href":"https:\/\/stepienybarno.es\/blog\/wp-json\/wp\/v2\/series?post=15178"}],"curies":[{"name":"wp","href":"https:\/\/api.w.org\/{rel}","templated":true}]}}