{"id":15188,"date":"2014-12-23T15:09:07","date_gmt":"2014-12-23T13:09:07","guid":{"rendered":"https:\/\/www.stepienybarno.es\/blog\/?p=15188"},"modified":"2014-12-24T07:44:21","modified_gmt":"2014-12-24T05:44:21","slug":"eficiencia-energetica-y-edificacion-historica-el-desafio-para-gobernantes-y-gestores","status":"publish","type":"post","link":"https:\/\/stepienybarno.es\/blog\/2014\/12\/23\/eficiencia-energetica-y-edificacion-historica-el-desafio-para-gobernantes-y-gestores\/","title":{"rendered":"EFICIENCIA ENERG\u00c9TICA Y EDIFICACI\u00d3N HIST\u00d3RICA: EL DESAF\u00cdO PARA GOBERNANTES Y GESTORES"},"content":{"rendered":"<p style=\"text-align: center;\"><a style=\"font-size: 12.8000001907349px; text-align: center;\" href=\"https:\/\/stepienybarno.es\/blog\/wp-content\/uploads\/2014\/12\/POST-GOBERNANZA_foto1.jpg\"><img loading=\"lazy\" decoding=\"async\" class=\"aligncenter\" title=\"POST GOBERNANZA_foto1\" src=\"https:\/\/stepienybarno.es\/blog\/wp-content\/uploads\/2014\/12\/POST-GOBERNANZA_foto1.jpg\" alt=\"POST GOBERNANZA_foto1\" width=\"500\" height=\"274\" \/><\/a><\/p>\n<p>Despu\u00e9s de la buena acogida que ha tenido el post, \u201c<a href=\"https:\/\/stepienybarno.es\/blog\/2014\/12\/19\/publicadas-las-actas-del-congreso-sobre-eficiencia-energetica-y-edificacion-historicos\/\">Publicadas las actas del congreso sobre eficiencia energ\u00e9tica y edificaci\u00f3n hist\u00f3rica<\/a>\u201d, nos animamos a seguir tirando del hilo, y nos centramos en la sesi\u00f3n sobre gobernanza que tuvo lugar dentro del congreso.<\/p>\n<p>Esperamos que sea de inter\u00e9s <span style=\"font-size: 12.8000001907349px;\"> el post que nos mandan directamente desde \u00a0Fundaci\u00f3n de Casas Hist\u00f3ricas y Singulares\u00a0y la\u00a0Fundaci\u00f3n Ars Civilis.<\/span><!--more--><span style=\"font-size: 13px;\"> <\/span><\/p>\n<p><span style=\"font-size: 13px;\">\u201cUno de los retos de la sociedad espa\u00f1ola, y europea, para las pr\u00f3ximas d\u00e9cadas es la <\/span><strong>adaptaci\u00f3n energ\u00e9tica y la generalizaci\u00f3n de pr\u00e1cticas que permitan alcanzar los compromisos nacionales y europeos de lucha contra el cambio clim\u00e1tico<\/strong><span style=\"font-size: 13px;\"> mediante la reducci\u00f3n de las emisiones de carbono (ver la Estrategia 2020 de la UE).<\/span><\/p>\n<p>Europa es el continente m\u00e1s urbanizado del planeta y el que mayor n\u00famero de centros hist\u00f3ricos de ciudades y de inmuebles hist\u00f3ricos protegidos posee. <strong>La adaptaci\u00f3n del parque inmobiliario a los c\u00e1nones de eficiencia energ\u00e9tica es uno de los retos de la UE<\/strong>, concebido como una pol\u00edtica transversal tanto para el pr\u00f3ximo per\u00edodo de programaci\u00f3n de los Fondos Estructurales (2014-2020) como en los diversos programas financiadores, incluido el Horizonte 2020.<\/p>\n<p>Nos encontramos en este momento, por tanto, ante un escenario europeo de apoyo claro a las necesidades de adaptaci\u00f3n energ\u00e9tica, que incluye <strong>una normativa de obligado cumplimiento<\/strong>, al tiempo que ante el problema global de c\u00f3mo hacerlo con el extenso parque edificado hist\u00f3rico existente en todas las ciudades europeas.<\/p>\n<p>Al escenario europeo en este sentido se une, a nivel espa\u00f1ol, la necesidad de <strong>reconversi\u00f3n del sector de la construcci\u00f3n<\/strong> y afines, para la recuperaci\u00f3n del empleo. Consecuencia de todos estos elementos es la pol\u00edtica estatal que se est\u00e1 desarrollando para este \u00e1mbito. No en vano, seg\u00fan cifras oficiales para Espa\u00f1a, de los 26 mill. de viviendas existentes, el 57,7% (unos 15 mill.) tienen m\u00e1s de 30 a\u00f1os y un 40% de estas (casi 6 mill.) m\u00e1s de 50 a\u00f1os, <strong>las viviendas consumen el 17% de toda la energ\u00eda del pa\u00eds y las emisiones de gases de efecto invernadero provocadas por inmuebles han crecido m\u00e1s de un 20% desde 1990. <\/strong><\/p>\n<p>C\u00f3mo gestionar este tema en el que confluyen competencias de diferentes Ministerios, Departamentos y Administraciones, desde la UE hasta los Ayuntamientos, pasando por Estados y Regiones,\u00a0 o cu\u00e1les son las estrategias seguidas por las diferentes organizaciones y agentes implicados, son solo dos de las preguntas que nos plante\u00e1bamos en relaci\u00f3n con la toma de decisiones y la gesti\u00f3n en el Congreso Internacional de Eficiencia Energ\u00e9tica y Edificaci\u00f3n Hist\u00f3rica.<\/p>\n<p style=\"text-align: center;\"><span style=\"color: #888888;\"><a href=\"https:\/\/stepienybarno.es\/blog\/wp-content\/uploads\/2014\/12\/POST-GOBERNANZA_foto2.jpg\"><img loading=\"lazy\" decoding=\"async\" class=\"alignnone size-full wp-image-15190\" title=\"POST GOBERNANZA_foto2\" src=\"https:\/\/stepienybarno.es\/blog\/wp-content\/uploads\/2014\/12\/POST-GOBERNANZA_foto2.jpg\" alt=\"POST GOBERNANZA_foto2\" width=\"500\" height=\"353\" srcset=\"https:\/\/stepienybarno.es\/blog\/wp-content\/uploads\/2014\/12\/POST-GOBERNANZA_foto2.jpg 500w, https:\/\/stepienybarno.es\/blog\/wp-content\/uploads\/2014\/12\/POST-GOBERNANZA_foto2-180x127.jpg 180w, https:\/\/stepienybarno.es\/blog\/wp-content\/uploads\/2014\/12\/POST-GOBERNANZA_foto2-316x223.jpg 316w\" sizes=\"(max-width: 500px) 100vw, 500px\" \/><\/a><\/span><\/p>\n<p style=\"text-align: center;\"><span style=\"color: #888888;\">Gu\u00eda de Edimburgo<\/span><\/p>\n<p style=\"text-align: center;\"><a href=\"https:\/\/www.youtube.com\/watch?v=kJjiHrJ_FlI&amp;list=PLtXzom72JGokcPAz9OlqMhbMLGnF22fOr&amp;index=1\" target=\"_blank\"><span style=\"color: #888888;\">https:\/\/www.youtube.com\/watch?v=kJjiHrJ_FlI&amp;list=PLtXzom72JGokcPAz9OlqMhbMLGnF22fOr&amp;index=1<\/span><\/a><\/p>\n<p>Durante el Congreso, pudimos conocer directamente de la mano de sus protagonistas, los casos de dos ciudades Patrimonio Mundial \u2013 <a href=\"http:\/\/www.energy-heritage.com\/actas\/\">Edimburgo<\/a> y <a href=\"http:\/\/www.energy-heritage.com\/actas\/\">Oporto<\/a> \u2013 que son considerados ya como <strong>paradigm\u00e1ticos<\/strong>, al tiempo que la estrategia planteada a nivel nacional, en este caso en Austria. Junto a ellos, se presentaron los casos de otras ciudades como <a href=\"http:\/\/www.energy-heritage.com\/actas\/\">Cornwall<\/a> (UK) o <a href=\"http:\/\/www.energy-heritage.com\/actas\/\">M\u00e9rida<\/a> (M\u00e9xico), que permiten comprobar diferentes estrategias y medidas ya ejecutadas o a\u00fan en desarrollo en n\u00facleos urbanos de diferentes caracter\u00edsticas y contextos administrativos.<\/p>\n<p style=\"text-align: center;\"><span style=\"color: #888888;\"> <a href=\"https:\/\/stepienybarno.es\/blog\/wp-content\/uploads\/2014\/12\/POST-GOBERNANZA_foto3.jpg\"><img loading=\"lazy\" decoding=\"async\" class=\"alignnone size-full wp-image-15189\" title=\"POST GOBERNANZA_foto3\" src=\"https:\/\/stepienybarno.es\/blog\/wp-content\/uploads\/2014\/12\/POST-GOBERNANZA_foto3.jpg\" alt=\"POST GOBERNANZA_foto3\" width=\"500\" height=\"628\" srcset=\"https:\/\/stepienybarno.es\/blog\/wp-content\/uploads\/2014\/12\/POST-GOBERNANZA_foto3.jpg 500w, https:\/\/stepienybarno.es\/blog\/wp-content\/uploads\/2014\/12\/POST-GOBERNANZA_foto3-143x180.jpg 143w, https:\/\/stepienybarno.es\/blog\/wp-content\/uploads\/2014\/12\/POST-GOBERNANZA_foto3-438x550.jpg 438w, https:\/\/stepienybarno.es\/blog\/wp-content\/uploads\/2014\/12\/POST-GOBERNANZA_foto3-316x397.jpg 316w\" sizes=\"(max-width: 500px) 100vw, 500px\" \/><\/a><\/span><\/p>\n<p style=\"text-align: center;\"><span style=\"color: #888888;\"> Gu\u00eda de Porto<\/span><\/p>\n<p style=\"text-align: center;\"><a href=\"https:\/\/www.youtube.com\/watch?v=AkOuIs8ONso&amp;list=PLtXzom72JGokcPAz9OlqMhbMLGnF22fOr&amp;index=5\" target=\"_blank\"><span style=\"color: #888888;\">https:\/\/www.youtube.com\/watch?v=AkOuIs8ONso&amp;list=PLtXzom72JGokcPAz9OlqMhbMLGnF22fOr&amp;index=5<\/span><\/a><\/p>\n<p><a href=\"https:\/\/www.youtube.com\/watch?v=FBTJhjY-wlM&amp;index=9&amp;list=PLtXzom72JGokcPAz9OlqMhbMLGnF22fOr\">Pedro Ballesteros<\/a>, de la DG de Energ\u00eda de la UE, habl\u00f3 del <strong>Pacto de los Alcaldes<\/strong>, iniciativa europea mediante la cual los Ayuntamientos se comprometen voluntariamente a mejorar la eficiencia energ\u00e9tica de sus municipios, y del caso de <strong>China<\/strong>, donde tambi\u00e9n existe un creciente inter\u00e9s por reducir los consumos energ\u00e9ticos.<\/p>\n<p>El Congreso ha sido planteado con una <strong>concepci\u00f3n hol\u00edstica<\/strong>, en un recorrido desde lo concreto, o como mejorar la eficiencia energ\u00e9tica o el confort en un inmueble hist\u00f3rico, hasta lo global, o como dar visibilidad y avanzar hacia modelos de <strong>ciudad m\u00e1s equilibrada energ\u00e9ticamente<\/strong> que se proponen para el siglo XXI, y que se corresponden con las din\u00e1micas propias de las ciudades hist\u00f3ricas adaptadas inteligentemente a las demandas de nuestro momento.<\/p>\n<p style=\"text-align: center;\"><span style=\"color: #888888;\"><a href=\"https:\/\/stepienybarno.es\/blog\/wp-content\/uploads\/2014\/12\/POST-GOBERNANZA_foto4.jpg\"><img loading=\"lazy\" decoding=\"async\" class=\"alignnone size-full wp-image-15187\" title=\"POST GOBERNANZA_foto4\" src=\"https:\/\/stepienybarno.es\/blog\/wp-content\/uploads\/2014\/12\/POST-GOBERNANZA_foto4.jpg\" alt=\"POST GOBERNANZA_foto4\" width=\"500\" height=\"281\" srcset=\"https:\/\/stepienybarno.es\/blog\/wp-content\/uploads\/2014\/12\/POST-GOBERNANZA_foto4.jpg 500w, https:\/\/stepienybarno.es\/blog\/wp-content\/uploads\/2014\/12\/POST-GOBERNANZA_foto4-180x101.jpg 180w, https:\/\/stepienybarno.es\/blog\/wp-content\/uploads\/2014\/12\/POST-GOBERNANZA_foto4-316x178.jpg 316w\" sizes=\"(max-width: 500px) 100vw, 500px\" \/><\/a><\/span><\/p>\n<p style=\"text-align: center;\"><span style=\"color: #888888;\"> Logo del Pacto de los Alcaldes<\/span><\/p>\n<p style=\"text-align: center;\"><a href=\"https:\/\/www.youtube.com\/watch?v=FBTJhjY-wlM&amp;list=PLtXzom72JGokcPAz9OlqMhbMLGnF22fOr&amp;index=9\" target=\"_blank\"><span style=\"color: #888888;\">https:\/\/www.youtube.com\/watch?v=FBTJhjY-wlM&amp;list=PLtXzom72JGokcPAz9OlqMhbMLGnF22fOr&amp;index=9<\/span><\/a><\/p>\n<p>El\u00a0\u00a0Congreso Internacional sobre Eficiencia Energ\u00e9tica y Edificaci\u00f3n Hist\u00f3rica fue organizado por la\u00a0Fundaci\u00f3n de Casas Hist\u00f3ricas y Singulares\u00a0y la\u00a0Fundaci\u00f3n Ars Civilis\u00a0y fue financiado por la Fundaci\u00f3n Espa\u00f1ola para la Ciencia y Tecnolog\u00eda-\u00a0\u00a0Ministerio de Econom\u00eda y Competitividad.<\/p>\n<blockquote>\n<p style=\"text-align: center;\"><span style=\"font-size: 10.0pt; line-height: 150%;\"><strong>Por cierto, no olvides que las Actas del congreso est\u00e1n disponibles, <a href=\"https:\/\/energyheritage.wordpress.com\/actas-proceedings\/\" target=\"_blank\">AQU\u00cd.<\/a><\/strong><\/span><\/p>\n<\/blockquote>\n<p style=\"text-align: center;\"><a href=\"https:\/\/stepienybarno.es\/blog\/wp-content\/uploads\/2014\/12\/patrocinadores-Congreso-sobre-Eficiencia-Energ\u00e9tica-y-Edificaci\u00f3n-Hist\u00f3ricos-stepienybarno1.png\"><img loading=\"lazy\" decoding=\"async\" class=\"alignnone size-full wp-image-15192\" title=\"patrocinadores-Congreso sobre Eficiencia Energ\u00e9tica y Edificaci\u00f3n Hist\u00f3ricos-stepienybarno\" src=\"https:\/\/stepienybarno.es\/blog\/wp-content\/uploads\/2014\/12\/patrocinadores-Congreso-sobre-Eficiencia-Energ\u00e9tica-y-Edificaci\u00f3n-Hist\u00f3ricos-stepienybarno1.png\" alt=\"patrocinadores-Congreso sobre Eficiencia Energ\u00e9tica y Edificaci\u00f3n Hist\u00f3ricos-stepienybarno\" width=\"500\" height=\"138\" srcset=\"https:\/\/stepienybarno.es\/blog\/wp-content\/uploads\/2014\/12\/patrocinadores-Congreso-sobre-Eficiencia-Energ\u00e9tica-y-Edificaci\u00f3n-Hist\u00f3ricos-stepienybarno1.png 500w, https:\/\/stepienybarno.es\/blog\/wp-content\/uploads\/2014\/12\/patrocinadores-Congreso-sobre-Eficiencia-Energ\u00e9tica-y-Edificaci\u00f3n-Hist\u00f3ricos-stepienybarno1-180x50.png 180w, https:\/\/stepienybarno.es\/blog\/wp-content\/uploads\/2014\/12\/patrocinadores-Congreso-sobre-Eficiencia-Energ\u00e9tica-y-Edificaci\u00f3n-Hist\u00f3ricos-stepienybarno1-316x87.png 316w\" sizes=\"(max-width: 500px) 100vw, 500px\" \/><\/a><\/p>\n<blockquote><p><strong>Post relacionados:<\/strong><\/p>\n<p>PUBLICADAS LAS ACTAS DEL CONGRESO SOBRE EFICIENCIA ENERG\u00c9TICA Y EDIFICACI\u00d3N HIST\u00d3RICA<\/p>\n<p><a href=\"https:\/\/stepienybarno.es\/blog\/2014\/12\/19\/publicadas-las-actas-del-congreso-sobre-eficiencia-energetica-y-edificacion-historicos\/\">https:\/\/stepienybarno.es\/blog\/2014\/12\/19\/publicadas-las-actas-del-congreso-sobre-eficiencia-energetica-y-edificacion-historicos\/<\/a><\/p><\/blockquote>\n<p align=\"left\"><span style=\"color: #888888;\"><em>Noticia seleccionada por el Canal de arquitectura STEPIENYBARNO.<\/em><\/span><\/p>\n<p><a href=\"https:\/\/twitter.com\/stepienybarno\"><span style=\"color: #888888;\"><em>STEPIENYBARNO EN TWITTER _ @stepienybarno<\/em><\/span><\/a><\/p>\n<p align=\"left\"><a href=\"http:\/\/www.linkedin.com\/company\/stepienybarno\"><span style=\"color: #888888;\"><em>STEPIENYBARNO EN LINKEDIN<\/em><\/span><\/a><\/p>\n<p align=\"left\"><a href=\"https:\/\/www.facebook.com\/pages\/BLOG-DE-STEPIENYBARNO\/78001079029\"><span style=\"color: #888888;\"><em>STEPIENYBARNO EN FACEBOOK<\/em><\/span><\/a><\/p>\n<p align=\"left\"><span style=\"color: #888888;\"><em>*Stepienybarno est\u00e1 formado por Agnieszka Stepien y Lorenzo Barn\u00f3 y desde mayo del 2009 estamos en la red con\u00a0 la presente publicaci\u00f3n digital (Blog) de arquitectura.<\/em><\/span><\/p>\n<p align=\"left\"><span style=\"color: #888888;\"><em>Nuestra actividad se sustenta en tres pilares b\u00e1sicos: la investigaci\u00f3n, la publicaci\u00f3n (comunicaci\u00f3n y difusi\u00f3n) y la redacci\u00f3n de proyectos de arquitectura.<\/em><\/span><\/p>\n<p align=\"left\"><span style=\"color: #888888;\"><em>A su vez, somos socios cofundadores de <a href=\"http:\/\/sinergiasostenible.org\/\">SINERGIA SOSTENIBLE<\/a> y redactores de <a href=\"http:\/\/www.laciudadviva.org\/blogs\/?author=45\">LA CIUDAD VIVA<\/a>.<\/em><\/span><\/p>\n<p align=\"left\"><span style=\"color: #888888;\"><em>* Los editores de esta publicaci\u00f3n digital no nos hacemos cargo de de los comentarios y\u00a0 conceptos vertidos en los textos firmados por otras personas, siendo \u00e9stos de responsabilidad exclusiva de sus autores.<\/em><\/span><\/p>\n<p align=\"left\"><span style=\"color: #888888;\"><em>* Tu comentario podr\u00e1 ser moderado, por lo tanto, aunque aparezca inmediatamente al ser publicado en la entrada, los editores de esta publicaci\u00f3n digital nos reservamos el derecho tanto de editarlo (si fuera necesario, para hacerlo m\u00e1s legible) como de eliminarlo en el caso de que se usen expresiones incorrectas (descalificaciones, palabras malsonantes\u2026). A su vez, si quieres comentar desde el anonimato puedes hacerlo, aunque, nosotros personalmente, agradecemos que tod@s nos podamos identificar.<\/em><\/span><\/p>\n<p style=\"text-align: center;\"><span style=\"color: #888888;\"><em><a href=\"https:\/\/stepienybarno.es\/blog\/wp-content\/uploads\/2014\/12\/POST-GOBERNANZA_foto11.jpg\"><img loading=\"lazy\" decoding=\"async\" class=\"alignnone size-full wp-image-15194\" title=\"POST GOBERNANZA_foto1\" src=\"https:\/\/stepienybarno.es\/blog\/wp-content\/uploads\/2014\/12\/POST-GOBERNANZA_foto11.jpg\" alt=\"POST GOBERNANZA_foto1\" width=\"500\" height=\"274\" srcset=\"https:\/\/stepienybarno.es\/blog\/wp-content\/uploads\/2014\/12\/POST-GOBERNANZA_foto11.jpg 500w, https:\/\/stepienybarno.es\/blog\/wp-content\/uploads\/2014\/12\/POST-GOBERNANZA_foto11-180x99.jpg 180w, https:\/\/stepienybarno.es\/blog\/wp-content\/uploads\/2014\/12\/POST-GOBERNANZA_foto11-316x173.jpg 316w\" sizes=\"(max-width: 500px) 100vw, 500px\" \/><\/a><\/em><\/span><\/p>\n","protected":false},"excerpt":{"rendered":"<p>Despu\u00e9s de la buena acogida que ha tenido el post, \u201cPublicadas las actas del congreso sobre eficiencia energ\u00e9tica y edificaci\u00f3n hist\u00f3rica\u201d, nos animamos a seguir tirando del hilo, y nos centramos en la sesi\u00f3n sobre gobernanza que tuvo lugar dentro del congreso.<\/p>\n<p>Esperamos que sea de inter\u00e9s el post que nos mandan directamente desde  Fundaci\u00f3n de Casas Hist\u00f3ricas y Singulares y la Fundaci\u00f3n Ars Civilis.<\/p>\n","protected":false},"author":2,"featured_media":0,"comment_status":"open","ping_status":"closed","sticky":false,"template":"","format":"standard","meta":{"om_disable_all_campaigns":false,"_monsterinsights_skip_tracking":false,"_monsterinsights_sitenote_active":false,"_monsterinsights_sitenote_note":"","_monsterinsights_sitenote_category":0,"_uf_show_specific_survey":0,"_uf_disable_surveys":false,"episode_type":"","audio_file":"","cover_image":"","cover_image_id":"","duration":"","filesize":"","date_recorded":"","explicit":"","block":"","filesize_raw":"","footnotes":""},"categories":[34,244,17],"tags":[3226,3227],"series":[],"class_list":["post-15188","post","type-post","status-publish","format-standard","hentry","category-actualidad","category-canal-de-arquitectura","category-urbanismo","tag-fundacion-ars-civilis","tag-fundacion-de-casas-historicas-y-singulares"],"aioseo_notices":[],"episode_featured_image":false,"episode_player_image":"https:\/\/stepienybarno.es\/blog\/wp-content\/uploads\/2020\/11\/stepienybarno-podcast-scaled.jpg","download_link":"","player_link":"","audio_player":false,"episode_data":{"playerMode":"dark","subscribeUrls":[],"rssFeedUrl":"https:\/\/stepienybarno.es\/blog\/feed\/podcast\/podcast-de-stepienybarno","embedCode":"<blockquote class=\"wp-embedded-content\" data-secret=\"lw2A10QLA9\"><a href=\"https:\/\/stepienybarno.es\/blog\/2014\/12\/23\/eficiencia-energetica-y-edificacion-historica-el-desafio-para-gobernantes-y-gestores\/\">EFICIENCIA ENERG\u00c9TICA Y EDIFICACI\u00d3N HIST\u00d3RICA: EL DESAF\u00cdO PARA GOBERNANTES Y GESTORES<\/a><\/blockquote><iframe sandbox=\"allow-scripts\" security=\"restricted\" src=\"https:\/\/stepienybarno.es\/blog\/2014\/12\/23\/eficiencia-energetica-y-edificacion-historica-el-desafio-para-gobernantes-y-gestores\/embed\/#?secret=lw2A10QLA9\" width=\"500\" height=\"350\" title=\"\u00abEFICIENCIA ENERG\u00c9TICA Y EDIFICACI\u00d3N HIST\u00d3RICA: EL DESAF\u00cdO PARA GOBERNANTES Y GESTORES\u00bb \u2014 Blog de STEPIEN Y BARNO - publicaci\u00f3n digital sobre arquitectura\" data-secret=\"lw2A10QLA9\" frameborder=\"0\" marginwidth=\"0\" marginheight=\"0\" scrolling=\"no\" class=\"wp-embedded-content\"><\/iframe><script type=\"text\/javascript\">\n\/* <![CDATA[ *\/\n\/*! This file is auto-generated *\/\n!function(d,l){\"use strict\";l.querySelector&&d.addEventListener&&\"undefined\"!=typeof URL&&(d.wp=d.wp||{},d.wp.receiveEmbedMessage||(d.wp.receiveEmbedMessage=function(e){var t=e.data;if((t||t.secret||t.message||t.value)&&!\/[^a-zA-Z0-9]\/.test(t.secret)){for(var s,r,n,a=l.querySelectorAll('iframe[data-secret=\"'+t.secret+'\"]'),o=l.querySelectorAll('blockquote[data-secret=\"'+t.secret+'\"]'),c=new RegExp(\"^https?:$\",\"i\"),i=0;i<o.length;i++)o[i].style.display=\"none\";for(i=0;i<a.length;i++)s=a[i],e.source===s.contentWindow&&(s.removeAttribute(\"style\"),\"height\"===t.message?(1e3<(r=parseInt(t.value,10))?r=1e3:~~r<200&&(r=200),s.height=r):\"link\"===t.message&&(r=new URL(s.getAttribute(\"src\")),n=new URL(t.value),c.test(n.protocol))&&n.host===r.host&&l.activeElement===s&&(d.top.location.href=t.value))}},d.addEventListener(\"message\",d.wp.receiveEmbedMessage,!1),l.addEventListener(\"DOMContentLoaded\",function(){for(var e,t,s=l.querySelectorAll(\"iframe.wp-embedded-content\"),r=0;r<s.length;r++)(t=(e=s[r]).getAttribute(\"data-secret\"))||(t=Math.random().toString(36).substring(2,12),e.src+=\"#?secret=\"+t,e.setAttribute(\"data-secret\",t)),e.contentWindow.postMessage({message:\"ready\",secret:t},\"*\")},!1)))}(window,document);\n\/* ]]> *\/\n<\/script>\n"},"_links":{"self":[{"href":"https:\/\/stepienybarno.es\/blog\/wp-json\/wp\/v2\/posts\/15188"}],"collection":[{"href":"https:\/\/stepienybarno.es\/blog\/wp-json\/wp\/v2\/posts"}],"about":[{"href":"https:\/\/stepienybarno.es\/blog\/wp-json\/wp\/v2\/types\/post"}],"author":[{"embeddable":true,"href":"https:\/\/stepienybarno.es\/blog\/wp-json\/wp\/v2\/users\/2"}],"replies":[{"embeddable":true,"href":"https:\/\/stepienybarno.es\/blog\/wp-json\/wp\/v2\/comments?post=15188"}],"version-history":[{"count":7,"href":"https:\/\/stepienybarno.es\/blog\/wp-json\/wp\/v2\/posts\/15188\/revisions"}],"predecessor-version":[{"id":15198,"href":"https:\/\/stepienybarno.es\/blog\/wp-json\/wp\/v2\/posts\/15188\/revisions\/15198"}],"wp:attachment":[{"href":"https:\/\/stepienybarno.es\/blog\/wp-json\/wp\/v2\/media?parent=15188"}],"wp:term":[{"taxonomy":"category","embeddable":true,"href":"https:\/\/stepienybarno.es\/blog\/wp-json\/wp\/v2\/categories?post=15188"},{"taxonomy":"post_tag","embeddable":true,"href":"https:\/\/stepienybarno.es\/blog\/wp-json\/wp\/v2\/tags?post=15188"},{"taxonomy":"series","embeddable":true,"href":"https:\/\/stepienybarno.es\/blog\/wp-json\/wp\/v2\/series?post=15188"}],"curies":[{"name":"wp","href":"https:\/\/api.w.org\/{rel}","templated":true}]}}